{"id":34256,"date":"2022-06-15T14:19:07","date_gmt":"2022-06-15T17:19:07","guid":{"rendered":"https:\/\/www.tjes.jus.br\/corregedoria\/?p=34256"},"modified":"2022-06-15T14:19:07","modified_gmt":"2022-06-15T17:19:07","slug":"ato-normativo-no-072-2022-disp-15-06-2022","status":"publish","type":"post","link":"https:\/\/www.tjes.jus.br\/corregedoria\/2022\/06\/15\/ato-normativo-no-072-2022-disp-15-06-2022\/","title":{"rendered":"ATO NORMATIVO N\u00ba 072\/2022 \u2013 DISP. 15\/06\/2022"},"content":{"rendered":"<p align=\"center\">PODER JUDICI\u00c1RIO DO ESTADO DO ESP\u00cdRITO SANTO &#8211; PJES<\/p>\n<p align=\"center\">RUA DESEMBARGADOR HOMERO MAFRA,60 &#8211; Bairro ENSEADA DO SU\u00c1 &#8211; CEP 29050906 &#8211; Vit\u00f3ria &#8211; ES &#8211; www.tjes.jus.br<\/p>\n<p align=\"center\">\n<p align=\"center\">ATO NORMATIVO n\u00b0 072 \/2022<\/p>\n<p>&nbsp;<\/p>\n<p align=\"left\">Amplia a composi\u00e7\u00e3o do Comit\u00ea de\u00a0Elicita\u00e7\u00e3o\u00a0de Requisitos e Neg\u00f3cio do Processo Judicial Eletr\u00f4nico do Poder Judici\u00e1rio do Estado do Esp\u00edrito Santo \u2013\u00a0CGPJe\/TJES, institu\u00eddo pelo Ato Normativo n\u00ba 56\/2016.<\/p>\n<p align=\"justify\">\n<p>&nbsp;<\/p>\n<p>&nbsp;<\/p>\n<p align=\"justify\">O Presidente do Egr\u00e9gio Tribunal de Justi\u00e7a do Estado do Esp\u00edrito Santo, no uso de suas atribui\u00e7\u00f5es legais e regimentais,<\/p>\n<p>&nbsp;<\/p>\n<p align=\"justify\">CONSIDERANDO a necessidade da participa\u00e7\u00e3o de servidores com conhecimento dos procedimentos e tr\u00e2mites processuais no Comit\u00ea de\u00a0Elicita\u00e7\u00e3o\u00a0de Requisitos e Neg\u00f3cio do Processo Judicial Eletr\u00f4nico do Poder Judici\u00e1rio do Estado do Esp\u00edrito Santo \u2013\u00a0CGPJe\/TJES para garantir a conformidade do sistema e os trabalhos de expans\u00e3o do\u00a0PJe;<\/p>\n<p align=\"justify\">\n<p>&nbsp;<\/p>\n<p align=\"justify\">RESOLVE:<\/p>\n<p align=\"justify\">\n<p>&nbsp;<\/p>\n<p align=\"justify\">Art. 1\u00ba. Ampliar a composi\u00e7\u00e3o do Comit\u00ea de\u00a0Elicita\u00e7\u00e3o\u00a0de Requisitos e Neg\u00f3cio do Processo Judicial Eletr\u00f4nico do Poder Judici\u00e1rio do Estado do Esp\u00edrito Santo \u2013CGPJe\/TJES, estabelecida artigo 1\u00ba, do Ato Normativo n\u00ba 56\/2016, do Egr\u00e9gio Tribunal de Justi\u00e7a do Estado do Esp\u00edrito Santo, para incluir a servidora Renata Guizan Corr\u00eaa Le\u00e3o.<\/p>\n<p align=\"justify\">\n<p>&nbsp;<\/p>\n<p align=\"justify\">Art. 2\u00ba. Este Ato Normativo entre em vigor na data de sua publica\u00e7\u00e3o.<\/p>\n<p align=\"justify\">\n<p>&nbsp;<\/p>\n<p align=\"justify\">Publique-se.<\/p>\n<p align=\"justify\">\n<p>&nbsp;<\/p>\n<p align=\"justify\">Vit\u00f3ria, 27\u00a0de maio\u00a0de 2022.<\/p>\n<p align=\"justify\">\n<p>&nbsp;<\/p>\n<p>&nbsp;<\/p>\n<p align=\"center\">Desembargador FABIO CLEM DE OLIVEIRA<\/p>\n<p align=\"center\">Presidente do Tribunal de Justi\u00e7a do Esp\u00edrito Santo<\/p>\n","protected":false},"excerpt":{"rendered":"<p>PODER JUDICI\u00c1RIO DO ESTADO DO ESP\u00cdRITO SANTO &#8211; PJES RUA DESEMBARGADOR HOMERO MAFRA,60 &#8211; Bairro ENSEADA DO SU\u00c1 &#8211; CEP 29050906 &#8211; Vit\u00f3ria &#8211; ES &#8211; www.tjes.jus.br ATO NORMATIVO n\u00b0 072 \/2022 &nbsp; Amplia a composi\u00e7\u00e3o do Comit\u00ea de\u00a0Elicita\u00e7\u00e3o\u00a0de Requisitos e Neg\u00f3cio do Processo Judicial Eletr\u00f4nico do Poder Judici\u00e1rio do Estado do Esp\u00edrito Santo \u2013\u00a0CGPJe\/TJES, [&hellip;]<\/p>\n","protected":false},"author":16,"featured_media":0,"comment_status":"closed","ping_status":"closed","sticky":false,"template":"","format":"standard","meta":{"footnotes":""},"categories":[4,14],"tags":[],"_links":{"self":[{"href":"https:\/\/www.tjes.jus.br\/corregedoria\/wp-json\/wp\/v2\/posts\/34256"}],"collection":[{"href":"https:\/\/www.tjes.jus.br\/corregedoria\/wp-json\/wp\/v2\/posts"}],"about":[{"href":"https:\/\/www.tjes.jus.br\/corregedoria\/wp-json\/wp\/v2\/types\/post"}],"author":[{"embeddable":true,"href":"https:\/\/www.tjes.jus.br\/corregedoria\/wp-json\/wp\/v2\/users\/16"}],"replies":[{"embeddable":true,"href":"https:\/\/www.tjes.jus.br\/corregedoria\/wp-json\/wp\/v2\/comments?post=34256"}],"version-history":[{"count":1,"href":"https:\/\/www.tjes.jus.br\/corregedoria\/wp-json\/wp\/v2\/posts\/34256\/revisions"}],"predecessor-version":[{"id":34260,"href":"https:\/\/www.tjes.jus.br\/corregedoria\/wp-json\/wp\/v2\/posts\/34256\/revisions\/34260"}],"wp:attachment":[{"href":"https:\/\/www.tjes.jus.br\/corregedoria\/wp-json\/wp\/v2\/media?parent=34256"}],"wp:term":[{"taxonomy":"category","embeddable":true,"href":"https:\/\/www.tjes.jus.br\/corregedoria\/wp-json\/wp\/v2\/categories?post=34256"},{"taxonomy":"post_tag","embeddable":true,"href":"https:\/\/www.tjes.jus.br\/corregedoria\/wp-json\/wp\/v2\/tags?post=34256"}],"curies":[{"name":"wp","href":"https:\/\/api.w.org\/{rel}","templated":true}]}}