{"id":34557,"date":"2022-08-10T15:50:49","date_gmt":"2022-08-10T18:50:49","guid":{"rendered":"https:\/\/www.tjes.jus.br\/corregedoria\/?p=34557"},"modified":"2022-11-24T12:14:58","modified_gmt":"2022-11-24T14:14:58","slug":"ato-normativo-no-112-2022-disp-10-08-2022","status":"publish","type":"post","link":"https:\/\/www.tjes.jus.br\/corregedoria\/2022\/08\/10\/ato-normativo-no-112-2022-disp-10-08-2022\/","title":{"rendered":"ATO NORMATIVO N\u00ba 112\/2022 \u2013 DISP. 10\/08\/2022 &#8211; ALTERADO"},"content":{"rendered":"<h3 style=\"text-align: center;\"><strong><span style=\"color: #ff0000;\">ALTERADO PELO<\/span>\u00a0<a href=\"https:\/\/www.tjes.jus.br\/corregedoria\/2022\/11\/24\/ato-normativo-no-248-2022-disp-24-11-2022\/\">ATO NORMATIVO N\u00ba 248\/2022<\/a><span style=\"color: #ff0000;\">\u2013 DISP. 24\/11\/2022<\/span><\/strong><\/h3>\n<p>&nbsp;<\/p>\n<p style=\"text-align: center;\">PODER JUDICI\u00c1RIO DO ESTADO DO ESP\u00cdRITO SANTO &#8211; PJES<\/p>\n<p style=\"text-align: center;\">RUA DESEMBARGADOR HOMERO MAFRA,60 &#8211; Bairro ENSEADA DO SU\u00c1 &#8211; CEP 29050906 &#8211; Vit\u00f3ria &#8211; ES &#8211; www.tjes.jus.br<\/p>\n<p>&nbsp;<\/p>\n<p style=\"text-align: center;\"><strong>ATO NORMATIVO N\u00ba 112\/2022<\/strong><\/p>\n<p>&nbsp;<\/p>\n<p>&nbsp;<\/p>\n<p>Altera o cronograma de expans\u00e3o do Processo Judicial Eletr\u00f4nico \u2013 PJe no Primeiro Grau de Jurisdi\u00e7\u00e3o\u00a0nas Compet\u00eancias Criminais, Inf\u00e2ncia e Juventude &#8211; Ato Infracional, Juizados Especiais Criminais e Auditoria Militar &#8211; Mat\u00e9ria Criminal.<\/p>\n<p>&nbsp;<\/p>\n<p>O Presidente do Egr\u00e9gio Tribunal de Justi\u00e7a do Estado do Esp\u00edrito Santo, no uso de suas atribui\u00e7\u00f5es legais e regimentais,<\/p>\n<p>&nbsp;<\/p>\n<p>CONSIDERANDO o disposto na Resolu\u00e7\u00e3o n\u00ba 185\/2013, do Colendo Conselho Nacional de Justi\u00e7a, que instituiu o sistema Processo Judicial Eletr\u00f4nico \u2013 PJe, estabelecendo regras para a implanta\u00e7\u00e3o do mesmo;<\/p>\n<p>&nbsp;<\/p>\n<p>CONSIDERANDO que o Poder Judici\u00e1rio do Estado do Esp\u00edrito Santo adotou o sistema Processo Judicial Eletr\u00f4nico \u2013 PJe como sistema informatizado de tramita\u00e7\u00e3o de processo judicial, a teor da Resolu\u00e7\u00e3o n\u00ba 19\/2014, de 11 de abril de 2014;<\/p>\n<p>&nbsp;<\/p>\n<p>CONSIDERANDO a necessidade de implanta\u00e7\u00e3o do sistema Processo Judicial Eletr\u00f4nico \u2013 PJe no Primeiro Grau de Jurisdi\u00e7\u00e3o para o exerc\u00edcio de 2022, nas Compet\u00eancias Criminais, Inf\u00e2ncia e Juventude &#8211; Ato Infracional, Juizados Especiais Criminais e Auditoria Militar &#8211; Mat\u00e9ria Criminal.<\/p>\n<p>&nbsp;<\/p>\n<p>CONSIDERANDO que o\u00a0m\u00f3dulo criminal enfrentou concorr\u00eancia com as atividades de estabiliza\u00e7\u00e3o do sistema PJe ap\u00f3s a atualiza\u00e7\u00e3o das 14 vers\u00f5es que esta Corte se encontrava em atraso.<\/p>\n<p>&nbsp;<\/p>\n<p>CONSIDERANDO que a Comarca de Mucurici encontra-se com a presta\u00e7\u00e3o da tutela jurisdicional substancialmente prejudicada, haja vista as consequ\u00eancias advindas do desastre natural ocorrido naquele Munic\u00edpio que destruiu o pr\u00e9dio do F\u00f3rum daquela Comarca.<\/p>\n<p>&nbsp;<\/p>\n<p>&nbsp;<\/p>\n<p>RESOLVE:<\/p>\n<p>&nbsp;<\/p>\n<p>&nbsp;<\/p>\n<p>Art. 1\u00ba. ALTERAR o cronograma de implanta\u00e7\u00e3o do sistema Processo Judicial Eletr\u00f4nico \u2013 PJe no Primeiro Grau de Jurisdi\u00e7\u00e3o\u00a0nas Compet\u00eancias Criminais, Inf\u00e2ncia e Juventude &#8211; Ato Infracional, Juizados Especiais Criminais e Auditoria Militar &#8211; Mat\u00e9ria Criminal, nos termos constante no ANEXO I.<\/p>\n<p>&nbsp;<\/p>\n<p>&nbsp;<\/p>\n<p>Art. 2\u00b0. ELEGER a\u00a0Comarca de Mucurici como projeto piloto na implanta\u00e7\u00e3o nas Compet\u00eancias Criminais, Inf\u00e2ncia e Juventude &#8211; Ato Infracional e Juizados Especiais Criminais, a partir do dia 30 de agosto de 2022, pelo prazo de 30 (trinta) dias.<\/p>\n<p>&nbsp;<\/p>\n<p>&nbsp;<\/p>\n<p>Art. 3\u00b0. Fica revogado o cronograma constante do ANEXO I do Ato Normativo n\u00b0 83\/2022.<\/p>\n<p>&nbsp;<\/p>\n<p>&nbsp;<\/p>\n<p>Art. 4\u00ba. Este Ato Normativo entra em vigor na data de sua publica\u00e7\u00e3o.<\/p>\n<p>&nbsp;<\/p>\n<p>Publique-se por 05 (cinco) dias consecutivos no Di\u00e1rio da Justi\u00e7a Eletr\u00f4nico.<\/p>\n<p>&nbsp;<\/p>\n<p>Vit\u00f3ria, 09 de agosto de 2022.<\/p>\n<p>&nbsp;<\/p>\n<p>&nbsp;<\/p>\n<p>&nbsp;<\/p>\n<p style=\"text-align: center;\">Desembargador\u00a0<strong>FABIO CLEM DE OLIVEIRA<\/strong><\/p>\n<p style=\"text-align: center;\">Presidente<\/p>\n<h2 style=\"text-align: center;\"><span style=\"color: #ff0000;\">Revogado pelo <a href=\"https:\/\/www.tjes.jus.br\/corregedoria\/2022\/09\/30\/ato-normativo-no-155-2022-disp-30-09-2022\/\">Ato Normativo\u00a0n\u00b0155\/2022<\/a> Disp. 30\/09\/2022<\/span><\/h2>\n<p style=\"text-align: center;\"><del><strong><a href=\"https:\/\/sistemas.tjes.jus.br\/ediario\/images\/UNIDADES_IMPLANTADAS_CRIMINAIS_09_08_2022.pdf\">ANEXO &#8211; CLIQUE AQUI<\/a><\/strong><\/del><\/p>\n","protected":false},"excerpt":{"rendered":"<p>ALTERADO PELO\u00a0ATO NORMATIVO N\u00ba 248\/2022\u2013 DISP. 24\/11\/2022 &nbsp; PODER JUDICI\u00c1RIO DO ESTADO DO ESP\u00cdRITO SANTO &#8211; PJES RUA DESEMBARGADOR HOMERO MAFRA,60 &#8211; Bairro ENSEADA DO SU\u00c1 &#8211; CEP 29050906 &#8211; Vit\u00f3ria &#8211; ES &#8211; www.tjes.jus.br &nbsp; ATO NORMATIVO N\u00ba 112\/2022 &nbsp; &nbsp; Altera o cronograma de expans\u00e3o do Processo Judicial Eletr\u00f4nico \u2013 PJe no Primeiro [&hellip;]<\/p>\n","protected":false},"author":16,"featured_media":0,"comment_status":"closed","ping_status":"closed","sticky":false,"template":"","format":"standard","meta":{"footnotes":""},"categories":[4,14],"tags":[],"_links":{"self":[{"href":"https:\/\/www.tjes.jus.br\/corregedoria\/wp-json\/wp\/v2\/posts\/34557"}],"collection":[{"href":"https:\/\/www.tjes.jus.br\/corregedoria\/wp-json\/wp\/v2\/posts"}],"about":[{"href":"https:\/\/www.tjes.jus.br\/corregedoria\/wp-json\/wp\/v2\/types\/post"}],"author":[{"embeddable":true,"href":"https:\/\/www.tjes.jus.br\/corregedoria\/wp-json\/wp\/v2\/users\/16"}],"replies":[{"embeddable":true,"href":"https:\/\/www.tjes.jus.br\/corregedoria\/wp-json\/wp\/v2\/comments?post=34557"}],"version-history":[{"count":6,"href":"https:\/\/www.tjes.jus.br\/corregedoria\/wp-json\/wp\/v2\/posts\/34557\/revisions"}],"predecessor-version":[{"id":35315,"href":"https:\/\/www.tjes.jus.br\/corregedoria\/wp-json\/wp\/v2\/posts\/34557\/revisions\/35315"}],"wp:attachment":[{"href":"https:\/\/www.tjes.jus.br\/corregedoria\/wp-json\/wp\/v2\/media?parent=34557"}],"wp:term":[{"taxonomy":"category","embeddable":true,"href":"https:\/\/www.tjes.jus.br\/corregedoria\/wp-json\/wp\/v2\/categories?post=34557"},{"taxonomy":"post_tag","embeddable":true,"href":"https:\/\/www.tjes.jus.br\/corregedoria\/wp-json\/wp\/v2\/tags?post=34557"}],"curies":[{"name":"wp","href":"https:\/\/api.w.org\/{rel}","templated":true}]}}