{"id":3461,"date":"2016-07-04T16:31:59","date_gmt":"2016-07-04T19:31:59","guid":{"rendered":"https:\/\/www.tjes.jus.br\/corregedoria\/?p=3461"},"modified":"2017-02-17T14:12:17","modified_gmt":"2017-02-17T16:12:17","slug":"resolucao-no-662011-disp-25022014-republicacao","status":"publish","type":"post","link":"https:\/\/www.tjes.jus.br\/corregedoria\/2016\/07\/04\/resolucao-no-662011-disp-25022014-republicacao\/","title":{"rendered":"RESOLU\u00c7\u00c3O N\u00ba 66\/2011 &#8211; DISP. 25\/02\/2014 &#8211; REPUBLICA\u00c7\u00c3O"},"content":{"rendered":"<p align=\"CENTER\"><strong>ESTADO DO ESP\u00cdRITO SANTO<\/strong><\/p>\n<p align=\"CENTER\"><strong>PODER JUDICI\u00c1RIO<\/strong><\/p>\n<p align=\"CENTER\"><strong>TRIBUNAL DE JUSTI\u00c7A<\/strong><\/p>\n<p align=\"CENTER\"><strong>SECRETARIA DE GEST\u00c3O DE PESSOAS<\/strong><\/p>\n<p align=\"CENTER\"><strong>REPUBLICA\u00c7\u00c3O &#8211; RESOLU\u00c7\u00c3O N\u00ba 66\/2011<\/strong><\/p>\n<p align=\"JUSTIFY\">O Excelent\u00edssimo Senhor Desembargador Pedro Valls Feu Rosa, Presidente do Egr\u00e9gio Tribunal de Justi\u00e7a do Estado do Esp\u00edrito Santo, no uso de suas atribui\u00e7\u00f5es legais,<\/p>\n<p align=\"JUSTIFY\"><strong>CONSIDERANDO<\/strong>\u00a0o equ\u00edvoco no momento de citar o artigo da Lei Complementar n\u00ba 567\/2010, na parte introdut\u00f3ria da Resolu\u00e7\u00e3o,<\/p>\n<p><strong>RESOLVE:<\/strong><\/p>\n<p><strong>RETIFICAR A <a href=\"https:\/\/www.tjes.jus.br\/corregedoria\/index.php\/2017\/02\/17\/resolucao-no-662011-publ-em-16112011-alterada\/\" target=\"_blank\">RESOLU\u00c7\u00c3O N\u00ba 066\/2011, publicada no dia 16\/11\/2011<\/a>, nos seguintes termos:<\/strong><\/p>\n<p><strong>Na parte introdut\u00f3ria das considera\u00e7\u00f5es, onde se<\/strong> <strong>l\u00ea:<br \/>\nCONSIDERANDO<\/strong> que a Lei Complementar n\u00ba 567\/2010, no seu Art. XXVIII, \u00a7 7\u00ba, criou as Centrais de Apoio Multidisciplinar das Zonas Judici\u00e1rias;<\/p>\n<p><strong>Leia-se:<br \/>\n<\/strong>CONSIDERANDO que a Lei Complementar n\u00ba 567\/2010, no seu Art. 39-H, \u00a77\u00ba, criou as Centrais de Apoio Multidisciplinar das Zonas Judici\u00e1rias;<\/p>\n<p><strong>PUBLIQUE-SE.<\/strong><\/p>\n<p><strong>CUMPRA-SE.<\/strong><\/p>\n<p>&nbsp;<\/p>\n<p align=\"CENTER\">Vit\u00f3ria, 10 de novembro de 2011.<\/p>\n<p align=\"CENTER\"><strong>Desembargador MANOEL ALVES RABELO<br \/>\n<\/strong><strong>PRESIDENTE DO TJES<\/strong><\/p>\n","protected":false},"excerpt":{"rendered":"<p>ESTADO DO ESP\u00cdRITO SANTO PODER JUDICI\u00c1RIO TRIBUNAL DE JUSTI\u00c7A SECRETARIA DE GEST\u00c3O DE PESSOAS REPUBLICA\u00c7\u00c3O &#8211; RESOLU\u00c7\u00c3O N\u00ba 66\/2011 O Excelent\u00edssimo Senhor Desembargador Pedro Valls Feu Rosa, Presidente do Egr\u00e9gio Tribunal de Justi\u00e7a do Estado do Esp\u00edrito Santo, no uso de suas atribui\u00e7\u00f5es legais, CONSIDERANDO\u00a0o equ\u00edvoco no momento de citar o artigo da Lei Complementar [&hellip;]<\/p>\n","protected":false},"author":1,"featured_media":0,"comment_status":"open","ping_status":"open","sticky":false,"template":"","format":"standard","meta":{"footnotes":""},"categories":[14,13],"tags":[],"_links":{"self":[{"href":"https:\/\/www.tjes.jus.br\/corregedoria\/wp-json\/wp\/v2\/posts\/3461"}],"collection":[{"href":"https:\/\/www.tjes.jus.br\/corregedoria\/wp-json\/wp\/v2\/posts"}],"about":[{"href":"https:\/\/www.tjes.jus.br\/corregedoria\/wp-json\/wp\/v2\/types\/post"}],"author":[{"embeddable":true,"href":"https:\/\/www.tjes.jus.br\/corregedoria\/wp-json\/wp\/v2\/users\/1"}],"replies":[{"embeddable":true,"href":"https:\/\/www.tjes.jus.br\/corregedoria\/wp-json\/wp\/v2\/comments?post=3461"}],"version-history":[{"count":4,"href":"https:\/\/www.tjes.jus.br\/corregedoria\/wp-json\/wp\/v2\/posts\/3461\/revisions"}],"predecessor-version":[{"id":11693,"href":"https:\/\/www.tjes.jus.br\/corregedoria\/wp-json\/wp\/v2\/posts\/3461\/revisions\/11693"}],"wp:attachment":[{"href":"https:\/\/www.tjes.jus.br\/corregedoria\/wp-json\/wp\/v2\/media?parent=3461"}],"wp:term":[{"taxonomy":"category","embeddable":true,"href":"https:\/\/www.tjes.jus.br\/corregedoria\/wp-json\/wp\/v2\/categories?post=3461"},{"taxonomy":"post_tag","embeddable":true,"href":"https:\/\/www.tjes.jus.br\/corregedoria\/wp-json\/wp\/v2\/tags?post=3461"}],"curies":[{"name":"wp","href":"https:\/\/api.w.org\/{rel}","templated":true}]}}