{"id":34649,"date":"2022-09-01T13:45:47","date_gmt":"2022-09-01T16:45:47","guid":{"rendered":"https:\/\/www.tjes.jus.br\/corregedoria\/?p=34649"},"modified":"2022-09-01T13:45:47","modified_gmt":"2022-09-01T16:45:47","slug":"ato-normativo-no-127-2022-disp-01-09-2022","status":"publish","type":"post","link":"https:\/\/www.tjes.jus.br\/corregedoria\/2022\/09\/01\/ato-normativo-no-127-2022-disp-01-09-2022\/","title":{"rendered":"ATO NORMATIVO N\u00ba 127\/ 2022 \u2013 DISP. 01\/09\/2022"},"content":{"rendered":"<p style=\"text-align: center;\"><strong>ESTADO DO ESP\u00cdRITO SANTO<\/strong><\/p>\n<p style=\"text-align: center;\"><strong>PODER JUDICI\u00c1RIO\u00a0<\/strong><\/p>\n<p style=\"text-align: center;\"><strong>TRIBUNAL DE JUSTI\u00c7A<\/strong><\/p>\n<p style=\"text-align: center;\"><strong>\u00a0<\/strong><\/p>\n<p style=\"text-align: center;\">\n<p style=\"text-align: center;\"><strong>ATO NORMATIVO N\u00ba 127\/2022<\/strong><\/p>\n<p style=\"text-align: center;\">\n<p>&nbsp;<\/p>\n<p>O\u00a0Presidente do Egr\u00e9gio Tribunal de Justi\u00e7a do Estado do Esp\u00edrito Santo, no uso de suas atribui\u00e7\u00f5es legais e regimentais,<\/p>\n<p>&nbsp;<\/p>\n<p><strong>CONSIDERANDO<\/strong>\u00a0o disposto no artigo 58 da Resolu\u00e7\u00e3o n\u00ba 15\/1995, Regimento Interno do Tribunal de Justi\u00e7a do Estado do Esp\u00edrito Santo, que atribui ao Presidente compet\u00eancia geral para exercer a superintend\u00eancia de todo o servi\u00e7o judici\u00e1rio, na qualidade de Chefe da Magistratura do Estado;<\/p>\n<p>&nbsp;<\/p>\n<p><strong>CONSIDERANDO<\/strong>\u00a0a vig\u00eancia do C\u00f3digo de Processo Civil (Lei 13.105\/2015), bem como da Lei de Media\u00e7\u00e3o (Lei 13.140\/2015),\u00a0da Resolu\u00e7\u00e3o 125\/2010\u00a0do Conselho Nacional de Justi\u00e7a \u2013 CNJ e a Resolu\u00e7\u00e3o TJES n. 01\/2021;<\/p>\n<p>&nbsp;<\/p>\n<p><strong>CONSIDERANDO,<\/strong>\u00a0o Ato Normativo 047\/2018\u00a0que autorizou a instala\u00e7\u00e3o do 10\u00ba Centro Judici\u00e1rio de Solu\u00e7\u00e3o de Conflitos e Cidadania, 10\u00ba CEJUSC &#8211; S\u00e3o Mateus.<\/p>\n<p>&nbsp;<\/p>\n<p>&nbsp;<\/p>\n<p>RESOLVE:<\/p>\n<p>&nbsp;<\/p>\n<p>&nbsp;<\/p>\n<p>Art. 1\u00ba.\u00a0Instituir e convocar Equipe de Trabalho para atuar nas Concilia\u00e7\u00f5es e\u00a0Media\u00e7\u00f5es Judiciais realizadas no 10\u00ba Centro Judici\u00e1rio de Solu\u00e7\u00e3o de Conflitos e Cidadania, 10\u00b0 CEJUSC &#8211; S\u00e3o Mateus,\u00a0pelo per\u00edodo de 06 (seis) meses, conforme abaixo:<\/p>\n<p>&nbsp;<\/p>\n<table>\n<tbody>\n<tr>\n<td>JULIANA GRIG\u00d3RIO DE AZEVEDO ZANETE<\/td>\n<td>ANALISTA JUDICI\u00c1RIO 01<\/td>\n<td>037929-86<\/td>\n<\/tr>\n<tr>\n<td>JUCELINO MAGNO QUARTEZANI DUARTE<\/td>\n<td>CHEFE DE SE\u00c7\u00c3O<\/td>\n<td>206168-43<\/td>\n<\/tr>\n<\/tbody>\n<\/table>\n<p>&nbsp;<\/p>\n<p>Par\u00e1grafo \u00danico.\u00a0O Servidor informar\u00e1 ao 10\u00ba CEJUSC os dias e hor\u00e1rios de atua\u00e7\u00e3o, mediante deferimento de sua chefia imediata.<\/p>\n<p>&nbsp;<\/p>\n<p>&nbsp;<\/p>\n<p>Art. 2\u00ba.\u00a0O Grupo de Trabalho dever\u00e1 cumprir o C\u00f3digo de \u00c9tica dos Mediadores Judiciais, estabelecido pela Resolu\u00e7\u00e3o 125\/2010, do Conselho Nacional de Justi\u00e7a.<\/p>\n<p>&nbsp;<\/p>\n<p>&nbsp;<\/p>\n<p>Art.\u00a03\u00ba.\u00a0O Grupo de Trabalho promover\u00e1 os atos executivos necess\u00e1rios \u00e0 realiza\u00e7\u00e3o das Sess\u00f5es de Media\u00e7\u00e3o\/concilia\u00e7\u00e3o sob a supervis\u00e3o dos Magistrados coordenadores 10\u00ba Centro Judici\u00e1rio de Solu\u00e7\u00e3o de Conflitos e Cidadania, 10\u00b0 CEJUSC &#8211; S\u00e3o Mateus.<\/p>\n<p>&nbsp;<\/p>\n<p>&nbsp;<\/p>\n<p>Art. 4\u00ba.\u00a0Os servidores efetivos constantes desta Equipe de Trabalho ter\u00e3o reconhecido, para fins de promo\u00e7\u00e3o na carreira, a pontua\u00e7\u00e3o equivalente \u00e0 participa\u00e7\u00e3o em Equipe Especial de Trabalho, conforme disposto no Ato Normativo 2.773\/2012.<\/p>\n<p>&nbsp;<\/p>\n<p>&nbsp;<\/p>\n<p>Art. 5\u00ba.<strong>\u00a0<\/strong>Este Ato Normativo entra em vigor na data de sua publica\u00e7\u00e3o.<\/p>\n<p>&nbsp;<\/p>\n<p>Publique-se.<\/p>\n<p>&nbsp;<\/p>\n<p>Vit\u00f3ria, 30\u00a0de agosto\u00a0de 2022.<\/p>\n<p>&nbsp;<\/p>\n<p>&nbsp;<\/p>\n<p>&nbsp;<\/p>\n<p style=\"text-align: center;\"><strong>Desembargador Fabio Clem de Oliveira<\/strong><\/p>\n<p style=\"text-align: center;\"><strong>Presidente<\/strong><\/p>\n","protected":false},"excerpt":{"rendered":"<p>ESTADO DO ESP\u00cdRITO SANTO PODER JUDICI\u00c1RIO\u00a0 TRIBUNAL DE JUSTI\u00c7A \u00a0 ATO NORMATIVO N\u00ba 127\/2022 &nbsp; O\u00a0Presidente do Egr\u00e9gio Tribunal de Justi\u00e7a do Estado do Esp\u00edrito Santo, no uso de suas atribui\u00e7\u00f5es legais e regimentais, &nbsp; CONSIDERANDO\u00a0o disposto no artigo 58 da Resolu\u00e7\u00e3o n\u00ba 15\/1995, Regimento Interno do Tribunal de Justi\u00e7a do Estado do Esp\u00edrito Santo, [&hellip;]<\/p>\n","protected":false},"author":16,"featured_media":0,"comment_status":"closed","ping_status":"closed","sticky":false,"template":"","format":"standard","meta":{"footnotes":""},"categories":[4,14],"tags":[],"_links":{"self":[{"href":"https:\/\/www.tjes.jus.br\/corregedoria\/wp-json\/wp\/v2\/posts\/34649"}],"collection":[{"href":"https:\/\/www.tjes.jus.br\/corregedoria\/wp-json\/wp\/v2\/posts"}],"about":[{"href":"https:\/\/www.tjes.jus.br\/corregedoria\/wp-json\/wp\/v2\/types\/post"}],"author":[{"embeddable":true,"href":"https:\/\/www.tjes.jus.br\/corregedoria\/wp-json\/wp\/v2\/users\/16"}],"replies":[{"embeddable":true,"href":"https:\/\/www.tjes.jus.br\/corregedoria\/wp-json\/wp\/v2\/comments?post=34649"}],"version-history":[{"count":1,"href":"https:\/\/www.tjes.jus.br\/corregedoria\/wp-json\/wp\/v2\/posts\/34649\/revisions"}],"predecessor-version":[{"id":34651,"href":"https:\/\/www.tjes.jus.br\/corregedoria\/wp-json\/wp\/v2\/posts\/34649\/revisions\/34651"}],"wp:attachment":[{"href":"https:\/\/www.tjes.jus.br\/corregedoria\/wp-json\/wp\/v2\/media?parent=34649"}],"wp:term":[{"taxonomy":"category","embeddable":true,"href":"https:\/\/www.tjes.jus.br\/corregedoria\/wp-json\/wp\/v2\/categories?post=34649"},{"taxonomy":"post_tag","embeddable":true,"href":"https:\/\/www.tjes.jus.br\/corregedoria\/wp-json\/wp\/v2\/tags?post=34649"}],"curies":[{"name":"wp","href":"https:\/\/api.w.org\/{rel}","templated":true}]}}