{"id":34654,"date":"2022-09-02T13:25:32","date_gmt":"2022-09-02T16:25:32","guid":{"rendered":"https:\/\/www.tjes.jus.br\/corregedoria\/?p=34654"},"modified":"2022-09-05T16:03:45","modified_gmt":"2022-09-05T19:03:45","slug":"ato-normativo-no-129-2022-disp-02-09-2022","status":"publish","type":"post","link":"https:\/\/www.tjes.jus.br\/corregedoria\/2022\/09\/02\/ato-normativo-no-129-2022-disp-02-09-2022\/","title":{"rendered":"ATO NORMATIVO N\u00ba 129\/ 2022 \u2013 DISP. 02\/09\/2022 &#8211; REPUBLICADO"},"content":{"rendered":"<h3 style=\"text-align: center;\"><strong><span style=\"color: #ff0000;\">REPUBLICADO EM 05\/09\/2022 PARA INCLUIR DATA<\/span>\u00a0(<a href=\"https:\/\/www.tjes.jus.br\/corregedoria\/2022\/09\/05\/ato-normativo-no-129-2022-disp-05-09-2022-republicacao-2\/\">CLIQUE AQUI<\/a>)<\/strong><\/h3>\n<p>&nbsp;<\/p>\n<p style=\"text-align: center;\"><del>PODER JUDICI\u00c1RIO DO ESTADO DO ESP\u00cdRITO SANTO &#8211; PJES<\/del><\/p>\n<p align=\"center\"><del>RUA DESEMBARGADOR HOMERO MAFRA,60 &#8211; Bairro ENSEADA DO SU\u00c1 &#8211; CEP 29050906 &#8211; Vit\u00f3ria &#8211; ES &#8211; www.tjes.jus.br<\/del><\/p>\n<p>&nbsp;<\/p>\n<p>&nbsp;<\/p>\n<p align=\"center\"><del><strong>ATO NORMATIVO N\u00b0 129\/2022<\/strong><\/del><\/p>\n<p>&nbsp;<\/p>\n<p>&nbsp;<\/p>\n<p align=\"justify\"><del>O\u00a0Presidente do Egr\u00e9gio Tribunal de Justi\u00e7a do Estado do Esp\u00edrito Santo, no uso de suas atribui\u00e7\u00f5es legais e regimentais,<\/del><\/p>\n<p>&nbsp;<\/p>\n<p>&nbsp;<\/p>\n<p align=\"justify\"><del>CONSIDERANDO o feriado da Independ\u00eancia do Brasil, decretado pela Lei n\u00ba 662\/49,\u00a0no dia 07 de setembro e o feriado municipal de Nossa Senhora da Vit\u00f3ria, no\u00a0dia 08 de setembro, decretado pela Lei n\u00ba 1732\/67.<\/del><\/p>\n<p>&nbsp;<\/p>\n<p>&nbsp;<\/p>\n<p align=\"justify\"><del><strong>RESOLVE:<\/strong><\/del><\/p>\n<p>&nbsp;<\/p>\n<p>&nbsp;<\/p>\n<p align=\"justify\"><del><strong>SUSPENDER<\/strong>\u00a0os prazos processuais nos ju\u00edzos de Vit\u00f3ria, Serra, Vila Velha, Cariacica e Viana, da Comarca da Capital, no dia 09\/09\/2022, ressalvada a aprecia\u00e7\u00e3o das medidas urgentes.<\/del><\/p>\n<p>&nbsp;<\/p>\n<p>&nbsp;<\/p>\n<p align=\"justify\"><del>Publique-se.<\/del><\/p>\n<p>&nbsp;<\/p>\n<p>&nbsp;<\/p>\n<p align=\"center\"><del>Vit\u00f3ria\/ES, 01 de setembro\u00a0de 2022.<\/del><\/p>\n<p>&nbsp;<\/p>\n<p>&nbsp;<\/p>\n<p align=\"center\"><del><strong>Desembargador Fabio\u00a0Clem\u00a0de\u00a0Oliveira<br \/>\nPresidente<\/strong><\/del><\/p>\n","protected":false},"excerpt":{"rendered":"<p>REPUBLICADO EM 05\/09\/2022 PARA INCLUIR DATA\u00a0(CLIQUE AQUI) &nbsp; PODER JUDICI\u00c1RIO DO ESTADO DO ESP\u00cdRITO SANTO &#8211; PJES RUA DESEMBARGADOR HOMERO MAFRA,60 &#8211; Bairro ENSEADA DO SU\u00c1 &#8211; CEP 29050906 &#8211; Vit\u00f3ria &#8211; ES &#8211; www.tjes.jus.br &nbsp; &nbsp; ATO NORMATIVO N\u00b0 129\/2022 &nbsp; &nbsp; O\u00a0Presidente do Egr\u00e9gio Tribunal de Justi\u00e7a do Estado do Esp\u00edrito Santo, no [&hellip;]<\/p>\n","protected":false},"author":16,"featured_media":0,"comment_status":"closed","ping_status":"closed","sticky":false,"template":"","format":"standard","meta":{"footnotes":""},"categories":[4,14],"tags":[],"_links":{"self":[{"href":"https:\/\/www.tjes.jus.br\/corregedoria\/wp-json\/wp\/v2\/posts\/34654"}],"collection":[{"href":"https:\/\/www.tjes.jus.br\/corregedoria\/wp-json\/wp\/v2\/posts"}],"about":[{"href":"https:\/\/www.tjes.jus.br\/corregedoria\/wp-json\/wp\/v2\/types\/post"}],"author":[{"embeddable":true,"href":"https:\/\/www.tjes.jus.br\/corregedoria\/wp-json\/wp\/v2\/users\/16"}],"replies":[{"embeddable":true,"href":"https:\/\/www.tjes.jus.br\/corregedoria\/wp-json\/wp\/v2\/comments?post=34654"}],"version-history":[{"count":4,"href":"https:\/\/www.tjes.jus.br\/corregedoria\/wp-json\/wp\/v2\/posts\/34654\/revisions"}],"predecessor-version":[{"id":34690,"href":"https:\/\/www.tjes.jus.br\/corregedoria\/wp-json\/wp\/v2\/posts\/34654\/revisions\/34690"}],"wp:attachment":[{"href":"https:\/\/www.tjes.jus.br\/corregedoria\/wp-json\/wp\/v2\/media?parent=34654"}],"wp:term":[{"taxonomy":"category","embeddable":true,"href":"https:\/\/www.tjes.jus.br\/corregedoria\/wp-json\/wp\/v2\/categories?post=34654"},{"taxonomy":"post_tag","embeddable":true,"href":"https:\/\/www.tjes.jus.br\/corregedoria\/wp-json\/wp\/v2\/tags?post=34654"}],"curies":[{"name":"wp","href":"https:\/\/api.w.org\/{rel}","templated":true}]}}