{"id":34667,"date":"2022-09-02T16:58:26","date_gmt":"2022-09-02T19:58:26","guid":{"rendered":"https:\/\/www.tjes.jus.br\/corregedoria\/?p=34667"},"modified":"2022-09-02T16:58:26","modified_gmt":"2022-09-02T19:58:26","slug":"resolucao-no-020-2022-disp-29-08-2022","status":"publish","type":"post","link":"https:\/\/www.tjes.jus.br\/corregedoria\/2022\/09\/02\/resolucao-no-020-2022-disp-29-08-2022\/","title":{"rendered":"RESOLU\u00c7\u00c3O N\u00ba 020\/2022 \u2013 DISP. 29\/08\/2022"},"content":{"rendered":"<p style=\"text-align: center;\">PODER JUDICI\u00c1RIO DO ESTADO DO ESP\u00cdRITO SANTO &#8211; PJES<\/p>\n<p align=\"center\">RUA DESEMBARGADOR HOMERO MAFRA,60 &#8211; Bairro ENSEADA DO SU\u00c1 &#8211; CEP 29050906 &#8211; Vit\u00f3ria &#8211; ES &#8211; www.tjes.jus.br<\/p>\n<p align=\"center\">\n<p>&nbsp;<\/p>\n<p align=\"center\"><strong>RESOLU\u00c7\u00c3O N\u00ba 020\/2022<\/strong><\/p>\n<p>&nbsp;<\/p>\n<p align=\"justify\">O Presidente do Egr\u00e9gio Tribunal de Justi\u00e7a do Estado do Esp\u00edrito Santo, no uso de suas atribui\u00e7\u00f5es legais,<\/p>\n<p>&nbsp;<\/p>\n<p align=\"justify\"><strong>CONSIDERANDO<\/strong>\u00a0que compete ao Presidente do Tribunal de Justi\u00e7a exercer a superintend\u00eancia de todo o servi\u00e7o judici\u00e1rio, conforme previs\u00e3o do caput do artigo 58 do Regimento Interno do Tribunal de Justi\u00e7a do Estado do Esp\u00edrito Santo;<\/p>\n<p>&nbsp;<\/p>\n<p align=\"justify\"><strong>CONSIDERANDO<\/strong>\u00a0que a Administra\u00e7\u00e3o deve ser valer, obrigatoriamente, do princ\u00edpio da efici\u00eancia (caput do artigo 37 da Constitui\u00e7\u00e3o Federal);<\/p>\n<p>&nbsp;<\/p>\n<p align=\"justify\"><strong>CONSIDERANDO<\/strong>\u00a0que a finalidade de todos os atos administrativos \u00e9 o interesse p\u00fablico, que deve prevalecer sobre situa\u00e7\u00f5es pessoais, devendo haver a busca de melhor presta\u00e7\u00e3o jurisdicional \u00e0s partes (princ\u00edpio da supremacia do interesse p\u00fablico);<\/p>\n<p>&nbsp;<\/p>\n<p align=\"justify\"><strong>CONSIDERANDO<\/strong>\u00a0que o Poder Judici\u00e1rio do Estado do Esp\u00edrito Santo conta com um quadro reduzido de magistrados e servidores, o que vai de encontro \u00e0 melhor busca da presta\u00e7\u00e3o jurisdicional, demandando, assim, a colabora\u00e7\u00e3o de todos os ju\u00edzes e servidores no sentido de se mitigar os problemas dele decorrentes.<\/p>\n<p>&nbsp;<\/p>\n<p align=\"justify\"><strong>CONSIDERANDO<\/strong>\u00a0que, quando do afastamento dos magistrados para gozar f\u00e9rias, h\u00e1 a necessidade de designa\u00e7\u00e3o de outro juiz para substitui\u00e7\u00e3o no per\u00edodo, sendo importante que seja auxiliado pelo assessor da respectiva Vara.<\/p>\n<p>&nbsp;<\/p>\n<p align=\"justify\"><strong>CONSIDERANDO<\/strong>\u00a0a decis\u00e3o do Egr\u00e9gio Tribunal Pleno, tomada na sess\u00e3o de 25 de agosto do ano de 2022.<\/p>\n<p>&nbsp;<\/p>\n<p align=\"justify\"><strong>RESOLVE:<\/strong><\/p>\n<p>&nbsp;<\/p>\n<p>&nbsp;<\/p>\n<p align=\"justify\"><strong>Art. 1\u00ba.<\/strong>\u00a0Fica vedado o agendamento e gozo de f\u00e9rias ou f\u00e9rias pr\u00eamio, concomitantemente, pelos Ju\u00edzes de 1\u00ba Grau e seus respectivos Assessores.<\/p>\n<p>&nbsp;<\/p>\n<p align=\"justify\"><strong>\u00a7 1\u00ba.<\/strong>\u00a0Durante o per\u00edodo de gozo de f\u00e9rias pelos Ju\u00edzes de 1\u00ba Grau os Assessores permanecer\u00e3o no exerc\u00edcio de suas fun\u00e7\u00f5es, em aux\u00edlio ao magistrado designado para a substitui\u00e7\u00e3o do Juiz que estiver em gozo de f\u00e9rias.<\/p>\n<p>&nbsp;<\/p>\n<p align=\"justify\"><strong>\u00a7 2\u00ba<\/strong>. Nas Unidades Judici\u00e1rias que contam com mais de 01 (um) Assessor, apenas 01 (um) poder\u00e1 gozar f\u00e9rias concomitantemente com o magistrado ao qual presta assessoria.<\/p>\n<p>&nbsp;<\/p>\n<p>&nbsp;<\/p>\n<p align=\"justify\"><strong>Art. 2\u00ba<\/strong>. Esta resolu\u00e7\u00e3o entra em vigor na data de sua publica\u00e7\u00e3o.<\/p>\n<p>&nbsp;<\/p>\n<p>&nbsp;<\/p>\n<p align=\"justify\">Publique-se.<\/p>\n<p>&nbsp;<\/p>\n<p align=\"center\">Vit\u00f3ria\/ES, 26 de agosto de 2022.<\/p>\n<p>&nbsp;<\/p>\n<p>&nbsp;<\/p>\n<p>&nbsp;<\/p>\n<p align=\"center\"><strong>Desembargador Fabio Clem de Oliveira<\/strong><\/p>\n<p align=\"center\"><strong>Presidente do TJES<\/strong><\/p>\n","protected":false},"excerpt":{"rendered":"<p>PODER JUDICI\u00c1RIO DO ESTADO DO ESP\u00cdRITO SANTO &#8211; PJES RUA DESEMBARGADOR HOMERO MAFRA,60 &#8211; Bairro ENSEADA DO SU\u00c1 &#8211; CEP 29050906 &#8211; Vit\u00f3ria &#8211; ES &#8211; www.tjes.jus.br &nbsp; RESOLU\u00c7\u00c3O N\u00ba 020\/2022 &nbsp; O Presidente do Egr\u00e9gio Tribunal de Justi\u00e7a do Estado do Esp\u00edrito Santo, no uso de suas atribui\u00e7\u00f5es legais, &nbsp; CONSIDERANDO\u00a0que compete ao Presidente [&hellip;]<\/p>\n","protected":false},"author":8,"featured_media":0,"comment_status":"closed","ping_status":"closed","sticky":false,"template":"","format":"standard","meta":{"footnotes":""},"categories":[14,13],"tags":[],"_links":{"self":[{"href":"https:\/\/www.tjes.jus.br\/corregedoria\/wp-json\/wp\/v2\/posts\/34667"}],"collection":[{"href":"https:\/\/www.tjes.jus.br\/corregedoria\/wp-json\/wp\/v2\/posts"}],"about":[{"href":"https:\/\/www.tjes.jus.br\/corregedoria\/wp-json\/wp\/v2\/types\/post"}],"author":[{"embeddable":true,"href":"https:\/\/www.tjes.jus.br\/corregedoria\/wp-json\/wp\/v2\/users\/8"}],"replies":[{"embeddable":true,"href":"https:\/\/www.tjes.jus.br\/corregedoria\/wp-json\/wp\/v2\/comments?post=34667"}],"version-history":[{"count":1,"href":"https:\/\/www.tjes.jus.br\/corregedoria\/wp-json\/wp\/v2\/posts\/34667\/revisions"}],"predecessor-version":[{"id":34668,"href":"https:\/\/www.tjes.jus.br\/corregedoria\/wp-json\/wp\/v2\/posts\/34667\/revisions\/34668"}],"wp:attachment":[{"href":"https:\/\/www.tjes.jus.br\/corregedoria\/wp-json\/wp\/v2\/media?parent=34667"}],"wp:term":[{"taxonomy":"category","embeddable":true,"href":"https:\/\/www.tjes.jus.br\/corregedoria\/wp-json\/wp\/v2\/categories?post=34667"},{"taxonomy":"post_tag","embeddable":true,"href":"https:\/\/www.tjes.jus.br\/corregedoria\/wp-json\/wp\/v2\/tags?post=34667"}],"curies":[{"name":"wp","href":"https:\/\/api.w.org\/{rel}","templated":true}]}}