{"id":34682,"date":"2022-09-05T15:03:37","date_gmt":"2022-09-05T18:03:37","guid":{"rendered":"https:\/\/www.tjes.jus.br\/corregedoria\/?p=34682"},"modified":"2022-09-05T15:03:37","modified_gmt":"2022-09-05T18:03:37","slug":"ato-normativo-no-129-2022-disp-05-09-2022-republicacao","status":"publish","type":"post","link":"https:\/\/www.tjes.jus.br\/corregedoria\/2022\/09\/05\/ato-normativo-no-129-2022-disp-05-09-2022-republicacao\/","title":{"rendered":"ATO NORMATIVO N\u00ba 129\/ 2022 \u2013 DISP. 05\/09\/2022 &#8211; REPUBLICA\u00c7\u00c3O"},"content":{"rendered":"<p style=\"text-align: center;\">PODER JUDICI\u00c1RIO DO ESTADO DO ESP\u00cdRITO SANTO &#8211; PJES<\/p>\n<p align=\"center\">RUA DESEMBARGADOR HOMERO MAFRA,60 &#8211; Bairro ENSEADA DO SU\u00c1 &#8211; CEP 29050906 &#8211; Vit\u00f3ria &#8211; ES &#8211; www.tjes.jus.br<\/p>\n<p align=\"center\">\n<p>&nbsp;<\/p>\n<p align=\"center\"><strong>ATO NORMATIVO N\u00ba 129\/2022<\/strong><\/p>\n<p>&nbsp;<\/p>\n<p>&nbsp;<\/p>\n<p align=\"justify\">O\u00a0Presidente do Egr\u00e9gio Tribunal de Justi\u00e7a do Estado do Esp\u00edrito Santo, no uso de suas atribui\u00e7\u00f5es legais e regimentais,<\/p>\n<p>&nbsp;<\/p>\n<p align=\"justify\">CONSIDERANDO o feriado da Independ\u00eancia do Brasil, decretado pela Lei n\u00ba 662\/49,\u00a0no dia 07 de setembro e o feriado municipal de Nossa Senhora da Vit\u00f3ria, no\u00a0dia 08 de setembro, decretado pela Lei n\u00ba 1732\/67.<\/p>\n<p>&nbsp;<\/p>\n<p align=\"justify\"><strong>RESOLVE:<\/strong><\/p>\n<p>&nbsp;<\/p>\n<p align=\"justify\"><strong>SUSPENDER<\/strong>\u00a0os prazos processuais nos ju\u00edzos de Vit\u00f3ria, Serra, Vila Velha, Cariacica e Viana, da Comarca da Capital, nos dias 08\/09\/2022 e 09\/09\/2022, ressalvada a aprecia\u00e7\u00e3o das medidas urgentes.<\/p>\n<p>&nbsp;<\/p>\n<p align=\"justify\">Publique-se.<\/p>\n<p>&nbsp;<\/p>\n<p align=\"center\">Vit\u00f3ria\/ES, 01 de setembro\u00a0de 2022.<\/p>\n<p>&nbsp;<\/p>\n<p>&nbsp;<\/p>\n<p align=\"center\"><strong>Desembargador Fabio\u00a0Clem\u00a0de\u00a0Oliveira<br \/>\nPresidente<\/strong><\/p>\n<p>&nbsp;<\/p>\n<p>&nbsp;<\/p>\n<p align=\"center\"><span style=\"color: #ff0000;\">REPUBLICADO DIANTE DA INCLUS\u00c3O DA DATA DE 08\/09\/2022.<\/span><\/p>\n","protected":false},"excerpt":{"rendered":"<p>PODER JUDICI\u00c1RIO DO ESTADO DO ESP\u00cdRITO SANTO &#8211; PJES RUA DESEMBARGADOR HOMERO MAFRA,60 &#8211; Bairro ENSEADA DO SU\u00c1 &#8211; CEP 29050906 &#8211; Vit\u00f3ria &#8211; ES &#8211; www.tjes.jus.br &nbsp; ATO NORMATIVO N\u00ba 129\/2022 &nbsp; &nbsp; O\u00a0Presidente do Egr\u00e9gio Tribunal de Justi\u00e7a do Estado do Esp\u00edrito Santo, no uso de suas atribui\u00e7\u00f5es legais e regimentais, &nbsp; CONSIDERANDO [&hellip;]<\/p>\n","protected":false},"author":16,"featured_media":0,"comment_status":"closed","ping_status":"closed","sticky":false,"template":"","format":"standard","meta":{"footnotes":""},"categories":[4,14],"tags":[],"_links":{"self":[{"href":"https:\/\/www.tjes.jus.br\/corregedoria\/wp-json\/wp\/v2\/posts\/34682"}],"collection":[{"href":"https:\/\/www.tjes.jus.br\/corregedoria\/wp-json\/wp\/v2\/posts"}],"about":[{"href":"https:\/\/www.tjes.jus.br\/corregedoria\/wp-json\/wp\/v2\/types\/post"}],"author":[{"embeddable":true,"href":"https:\/\/www.tjes.jus.br\/corregedoria\/wp-json\/wp\/v2\/users\/16"}],"replies":[{"embeddable":true,"href":"https:\/\/www.tjes.jus.br\/corregedoria\/wp-json\/wp\/v2\/comments?post=34682"}],"version-history":[{"count":1,"href":"https:\/\/www.tjes.jus.br\/corregedoria\/wp-json\/wp\/v2\/posts\/34682\/revisions"}],"predecessor-version":[{"id":34683,"href":"https:\/\/www.tjes.jus.br\/corregedoria\/wp-json\/wp\/v2\/posts\/34682\/revisions\/34683"}],"wp:attachment":[{"href":"https:\/\/www.tjes.jus.br\/corregedoria\/wp-json\/wp\/v2\/media?parent=34682"}],"wp:term":[{"taxonomy":"category","embeddable":true,"href":"https:\/\/www.tjes.jus.br\/corregedoria\/wp-json\/wp\/v2\/categories?post=34682"},{"taxonomy":"post_tag","embeddable":true,"href":"https:\/\/www.tjes.jus.br\/corregedoria\/wp-json\/wp\/v2\/tags?post=34682"}],"curies":[{"name":"wp","href":"https:\/\/api.w.org\/{rel}","templated":true}]}}