{"id":34728,"date":"2022-09-16T13:55:33","date_gmt":"2022-09-16T16:55:33","guid":{"rendered":"https:\/\/www.tjes.jus.br\/corregedoria\/?p=34728"},"modified":"2026-04-23T14:02:33","modified_gmt":"2026-04-23T17:02:33","slug":"ato-normativo-no-135-2022-disp-16-09-2022","status":"publish","type":"post","link":"https:\/\/www.tjes.jus.br\/corregedoria\/2022\/09\/16\/ato-normativo-no-135-2022-disp-16-09-2022\/","title":{"rendered":"ATO NORMATIVO N\u00ba 135\/ 2022 \u2013 DISP. 16\/09\/2022 \u2013 REVOGADO"},"content":{"rendered":"<h4 style=\"text-align: center;\"><span style=\"color: #ff0000;\"><strong>REVOGADO PELO\u00a0<a href=\"https:\/\/www.tjes.jus.br\/corregedoria\/2026\/04\/23\/ato-normativo-no-068-2026-disp-23-04-2026\/\">ATO NORMATIVO N\u00ba 068\/2026<\/a>\u00a0DISP. 23\/04\/2026<\/strong><\/span><\/h4>\n<p style=\"text-align: center;\"><del><strong>ESTADO DO ESP\u00cdRITO SANTO<br \/>\nPODER JUDICI\u00c1RIO<\/strong><\/del><br \/>\n<del>TRIBUNAL DE JUSTI\u00c7A<\/del><br \/>\n<del>GABINETE DA PRESID\u00caNCIA<\/del><\/p>\n<p align=\"center\"><del><strong>ATO NORMATIVO N\u00ba 135\/2022<\/strong><\/del><\/p>\n<p align=\"justify\"><del>Institui a Comiss\u00e3o para a realiza\u00e7\u00e3o de processo seletivo para o cargo de Juiz Leigo do Poder Judici\u00e1rio do Estado do Esp\u00edrito Santo.<\/del><\/p>\n<p align=\"justify\"><del>O Presidente do\u00a0Tribunal de Justi\u00e7a do Estado do Esp\u00edrito Santo, no uso de suas atribui\u00e7\u00f5es legais e regimentais,<\/del><\/p>\n<p align=\"justify\"><del>Considerando\u00a0o requerimento da Supervis\u00e3o dos Juizados Especiais e a manifesta\u00e7\u00e3o da Assessoria de Planejamento, Or\u00e7amento e Gest\u00e3o Estrat\u00e9gica, constantes no bojo do processo SEI n\u00ba 7005368-03.2022.8.08.0000.<\/del><\/p>\n<p align=\"justify\"><del><strong>RESOLVE:<\/strong><\/del><\/p>\n<p align=\"justify\"><del>Art. 1\u00ba\u00a0<strong>INSTITUIR<\/strong>\u00a0a Comiss\u00e3o para a realiza\u00e7\u00e3o de processo seletivo para o cargo de JUIZ LEIGO do Poder Judici\u00e1rio do Estado do Esp\u00edrito Santo, que ser\u00e1 composta por:<\/del><\/p>\n<p align=\"justify\"><del>1. Desembargador Ewerton Schwab Pinto J\u00fanior, Supervisor dos Juizados Especiais, que a presidir\u00e1;<\/del><\/p>\n<p align=\"justify\"><del>2. Juiz de Direito Dr. En\u00e9as Jos\u00e9 Ferreira Miranda, Coordenador dos Juizados Especiais;<\/del><\/p>\n<p align=\"justify\"><del>3. Juiz de Direito Dr. Jaime Ferreira Abreu, Coordenador dos Juizados Especiais.<\/del><\/p>\n<p align=\"justify\"><del>Art. 2\u00ba Este Ato Normativo entra em vigor na data de sua publica\u00e7\u00e3o.<\/del><\/p>\n<p align=\"justify\"><del>Publique-se.<\/del><\/p>\n<p align=\"center\"><del>Vit\u00f3ria\/ES, 14\u00a0de setembro de 2022.<\/del><\/p>\n<p align=\"center\"><del><strong>Desembargador Fabio Clem de Oliveira<\/strong><\/del><\/p>\n<p align=\"center\"><del><strong>Presidente<\/strong><\/del><\/p>\n","protected":false},"excerpt":{"rendered":"<p>REVOGADO PELO\u00a0ATO NORMATIVO N\u00ba 068\/2026\u00a0DISP. 23\/04\/2026 ESTADO DO ESP\u00cdRITO SANTO PODER JUDICI\u00c1RIO TRIBUNAL DE JUSTI\u00c7A GABINETE DA PRESID\u00caNCIA ATO NORMATIVO N\u00ba 135\/2022 Institui a Comiss\u00e3o para a realiza\u00e7\u00e3o de processo seletivo para o cargo de Juiz Leigo do Poder Judici\u00e1rio do Estado do Esp\u00edrito Santo. O Presidente do\u00a0Tribunal de Justi\u00e7a do Estado do Esp\u00edrito Santo, [&hellip;]<\/p>\n","protected":false},"author":16,"featured_media":0,"comment_status":"closed","ping_status":"closed","sticky":false,"template":"","format":"standard","meta":{"footnotes":""},"categories":[4,14],"tags":[],"_links":{"self":[{"href":"https:\/\/www.tjes.jus.br\/corregedoria\/wp-json\/wp\/v2\/posts\/34728"}],"collection":[{"href":"https:\/\/www.tjes.jus.br\/corregedoria\/wp-json\/wp\/v2\/posts"}],"about":[{"href":"https:\/\/www.tjes.jus.br\/corregedoria\/wp-json\/wp\/v2\/types\/post"}],"author":[{"embeddable":true,"href":"https:\/\/www.tjes.jus.br\/corregedoria\/wp-json\/wp\/v2\/users\/16"}],"replies":[{"embeddable":true,"href":"https:\/\/www.tjes.jus.br\/corregedoria\/wp-json\/wp\/v2\/comments?post=34728"}],"version-history":[{"count":2,"href":"https:\/\/www.tjes.jus.br\/corregedoria\/wp-json\/wp\/v2\/posts\/34728\/revisions"}],"predecessor-version":[{"id":47062,"href":"https:\/\/www.tjes.jus.br\/corregedoria\/wp-json\/wp\/v2\/posts\/34728\/revisions\/47062"}],"wp:attachment":[{"href":"https:\/\/www.tjes.jus.br\/corregedoria\/wp-json\/wp\/v2\/media?parent=34728"}],"wp:term":[{"taxonomy":"category","embeddable":true,"href":"https:\/\/www.tjes.jus.br\/corregedoria\/wp-json\/wp\/v2\/categories?post=34728"},{"taxonomy":"post_tag","embeddable":true,"href":"https:\/\/www.tjes.jus.br\/corregedoria\/wp-json\/wp\/v2\/tags?post=34728"}],"curies":[{"name":"wp","href":"https:\/\/api.w.org\/{rel}","templated":true}]}}