{"id":34731,"date":"2022-09-16T13:55:15","date_gmt":"2022-09-16T16:55:15","guid":{"rendered":"https:\/\/www.tjes.jus.br\/corregedoria\/?p=34731"},"modified":"2022-09-16T13:55:15","modified_gmt":"2022-09-16T16:55:15","slug":"ato-normativo-no-138-2022-disp-16-09-2022","status":"publish","type":"post","link":"https:\/\/www.tjes.jus.br\/corregedoria\/2022\/09\/16\/ato-normativo-no-138-2022-disp-16-09-2022\/","title":{"rendered":"ATO NORMATIVO N\u00ba 138\/ 2022 \u2013 DISP. 16\/09\/2022"},"content":{"rendered":"<p style=\"text-align: center;\">PODER JUDICI\u00c1RIO DO ESTADO DO ESP\u00cdRITO SANTO &#8211; PJES<\/p>\n<p align=\"center\">RUA DESEMBARGADOR HOMERO MAFRA,60 &#8211; Bairro ENSEADA DO SU\u00c1 &#8211; CEP 29050906 &#8211; Vit\u00f3ria &#8211; ES &#8211; www.tjes.jus.br<\/p>\n<p align=\"center\">\n<p>&nbsp;<\/p>\n<p align=\"center\"><strong>ATO NORMATIVO N\u00ba\u00a0<\/strong><strong>138<\/strong><strong>\/2022<\/strong><\/p>\n<p>&nbsp;<\/p>\n<p>&nbsp;<\/p>\n<p align=\"justify\">O Presidente do Tribunal de Justi\u00e7a do Estado do Esp\u00edrito Santo, no uso de suas atribui\u00e7\u00f5es legais e regimentais,<\/p>\n<p>&nbsp;<\/p>\n<p align=\"justify\">CONSIDERANDO\u00a0o teor do\u00a0Processo\u00a0SEI n\u00ba 7000097-86.2022.8.08.0008, iniciado por of\u00edcio do Magistrado do Juizado Especial C\u00edvel, Criminal e da Fazenda P\u00fablica da\u00a0Comarca de Barra de S\u00e3o Francisco acerca do in\u00edcio dos trabalhos de digitaliza\u00e7\u00e3o de\u00a0todo\u00a0acervo f\u00edsico desta Comarca.<\/p>\n<p>&nbsp;<\/p>\n<p align=\"justify\">CONSIDERANDO\u00a0a manifesta\u00e7\u00e3o do eminente Desembargador Presidente do Comit\u00ea de Governan\u00e7a de TIC do TJES.<\/p>\n<p>&nbsp;<\/p>\n<p align=\"justify\">RESOLVE:<\/p>\n<p>&nbsp;<\/p>\n<p align=\"justify\">SUSPENDER\u00a0os prazos processuais dos processos de compet\u00eancia do Juizado Especial C\u00edvel e da Fazenda P\u00fablica da comarca de Barra de S\u00e3o Francisco que tramitam pelo Sistema E-Jud, no per\u00edodo de 30 (trinta) dias a contar de 05\/09\/2022, sem preju\u00edzo da realiza\u00e7\u00e3o das audi\u00eancias designadas, do impulso processual e do atendimento externo para as\u00a0demandas de extrema urg\u00eancia.<\/p>\n<p>&nbsp;<\/p>\n<p align=\"justify\">Publique-se.<\/p>\n<p>&nbsp;<\/p>\n<p align=\"justify\">Vit\u00f3ria\/ES, 12 de setembro de 2022.<\/p>\n<p>&nbsp;<\/p>\n<p>&nbsp;<\/p>\n<p>&nbsp;<\/p>\n<p align=\"center\"><strong>Desembargador Fabio\u00a0Clem\u00a0de\u00a0Oliveira<br \/>\nPresidente<\/strong><\/p>\n","protected":false},"excerpt":{"rendered":"<p>PODER JUDICI\u00c1RIO DO ESTADO DO ESP\u00cdRITO SANTO &#8211; PJES RUA DESEMBARGADOR HOMERO MAFRA,60 &#8211; Bairro ENSEADA DO SU\u00c1 &#8211; CEP 29050906 &#8211; Vit\u00f3ria &#8211; ES &#8211; www.tjes.jus.br &nbsp; ATO NORMATIVO N\u00ba\u00a0138\/2022 &nbsp; &nbsp; O Presidente do Tribunal de Justi\u00e7a do Estado do Esp\u00edrito Santo, no uso de suas atribui\u00e7\u00f5es legais e regimentais, &nbsp; CONSIDERANDO\u00a0o teor [&hellip;]<\/p>\n","protected":false},"author":16,"featured_media":0,"comment_status":"closed","ping_status":"closed","sticky":false,"template":"","format":"standard","meta":{"footnotes":""},"categories":[4,14],"tags":[],"_links":{"self":[{"href":"https:\/\/www.tjes.jus.br\/corregedoria\/wp-json\/wp\/v2\/posts\/34731"}],"collection":[{"href":"https:\/\/www.tjes.jus.br\/corregedoria\/wp-json\/wp\/v2\/posts"}],"about":[{"href":"https:\/\/www.tjes.jus.br\/corregedoria\/wp-json\/wp\/v2\/types\/post"}],"author":[{"embeddable":true,"href":"https:\/\/www.tjes.jus.br\/corregedoria\/wp-json\/wp\/v2\/users\/16"}],"replies":[{"embeddable":true,"href":"https:\/\/www.tjes.jus.br\/corregedoria\/wp-json\/wp\/v2\/comments?post=34731"}],"version-history":[{"count":1,"href":"https:\/\/www.tjes.jus.br\/corregedoria\/wp-json\/wp\/v2\/posts\/34731\/revisions"}],"predecessor-version":[{"id":34735,"href":"https:\/\/www.tjes.jus.br\/corregedoria\/wp-json\/wp\/v2\/posts\/34731\/revisions\/34735"}],"wp:attachment":[{"href":"https:\/\/www.tjes.jus.br\/corregedoria\/wp-json\/wp\/v2\/media?parent=34731"}],"wp:term":[{"taxonomy":"category","embeddable":true,"href":"https:\/\/www.tjes.jus.br\/corregedoria\/wp-json\/wp\/v2\/categories?post=34731"},{"taxonomy":"post_tag","embeddable":true,"href":"https:\/\/www.tjes.jus.br\/corregedoria\/wp-json\/wp\/v2\/tags?post=34731"}],"curies":[{"name":"wp","href":"https:\/\/api.w.org\/{rel}","templated":true}]}}