{"id":34751,"date":"2022-09-19T13:24:41","date_gmt":"2022-09-19T16:24:41","guid":{"rendered":"https:\/\/www.tjes.jus.br\/corregedoria\/?p=34751"},"modified":"2022-09-19T13:24:41","modified_gmt":"2022-09-19T16:24:41","slug":"ato-normativo-no-141-2022-disp-19-09-2022","status":"publish","type":"post","link":"https:\/\/www.tjes.jus.br\/corregedoria\/2022\/09\/19\/ato-normativo-no-141-2022-disp-19-09-2022\/","title":{"rendered":"ATO NORMATIVO N\u00ba 141\/ 2022 \u2013 DISP. 19\/09\/2022"},"content":{"rendered":"<p style=\"text-align: center;\">PODER JUDICI\u00c1RIO DO ESTADO DO ESP\u00cdRITO SANTO &#8211; PJES<\/p>\n<p align=\"center\">RUA DESEMBARGADOR HOMERO MAFRA,60 &#8211; Bairro ENSEADA DO SU\u00c1 &#8211; CEP 29050906 &#8211; Vit\u00f3ria &#8211; ES &#8211; www.tjes.jus.br<\/p>\n<p align=\"center\">\n<p align=\"center\"><strong>ATO NORMATIVO N\u00ba\u00a0<\/strong><strong>141<\/strong><strong>\/2022<\/strong><\/p>\n<p>&nbsp;<\/p>\n<p>&nbsp;<\/p>\n<p align=\"justify\">O Presidente do Tribunal de Justi\u00e7a do Estado do Esp\u00edrito Santo, no uso de suas atribui\u00e7\u00f5es legais e regimentais,<\/p>\n<p>&nbsp;<\/p>\n<p align=\"justify\">CONSIDERANDO\u00a0o teor do\u00a0Processo\u00a0SEI n\u00ba 7000033-61.2022.8.08.0013, que trata do\u00a0in\u00edcio dos trabalhos de digitaliza\u00e7\u00e3o de\u00a0todo\u00a0acervo f\u00edsico da Comarca de Castelo.<\/p>\n<p>&nbsp;<\/p>\n<p align=\"justify\">CONSIDERANDO\u00a0a manifesta\u00e7\u00e3o do eminente Desembargador Presidente do Comit\u00ea de Governan\u00e7a de TIC do TJES.<\/p>\n<p>&nbsp;<\/p>\n<p align=\"justify\">RESOLVE:<\/p>\n<p>&nbsp;<\/p>\n<p align=\"justify\">SUSPENDER os prazos processuais dos processos f\u00edsicos em tr\u00e2mite no Cart\u00f3rio da 1\u00aa Vara de Castelo\u00a0por 30 (trinta) dias corridos, contados a partir de\u00a019\/09\/2022.<\/p>\n<p>&nbsp;<\/p>\n<p align=\"justify\">Publique-se.<\/p>\n<p>&nbsp;<\/p>\n<p align=\"justify\">Vit\u00f3ria\/ES, 16 de setembro de 2022.<\/p>\n<p>&nbsp;<\/p>\n<p>&nbsp;<\/p>\n<p align=\"center\"><strong>DESEMBARGADOR FABIO CLEM DE OLIVEIRA<\/strong><\/p>\n<p align=\"center\"><strong>PRESIDENTE<\/strong><\/p>\n","protected":false},"excerpt":{"rendered":"<p>PODER JUDICI\u00c1RIO DO ESTADO DO ESP\u00cdRITO SANTO &#8211; PJES RUA DESEMBARGADOR HOMERO MAFRA,60 &#8211; Bairro ENSEADA DO SU\u00c1 &#8211; CEP 29050906 &#8211; Vit\u00f3ria &#8211; ES &#8211; www.tjes.jus.br ATO NORMATIVO N\u00ba\u00a0141\/2022 &nbsp; &nbsp; O Presidente do Tribunal de Justi\u00e7a do Estado do Esp\u00edrito Santo, no uso de suas atribui\u00e7\u00f5es legais e regimentais, &nbsp; CONSIDERANDO\u00a0o teor do\u00a0Processo\u00a0SEI [&hellip;]<\/p>\n","protected":false},"author":16,"featured_media":0,"comment_status":"closed","ping_status":"closed","sticky":false,"template":"","format":"standard","meta":{"footnotes":""},"categories":[4,14],"tags":[],"_links":{"self":[{"href":"https:\/\/www.tjes.jus.br\/corregedoria\/wp-json\/wp\/v2\/posts\/34751"}],"collection":[{"href":"https:\/\/www.tjes.jus.br\/corregedoria\/wp-json\/wp\/v2\/posts"}],"about":[{"href":"https:\/\/www.tjes.jus.br\/corregedoria\/wp-json\/wp\/v2\/types\/post"}],"author":[{"embeddable":true,"href":"https:\/\/www.tjes.jus.br\/corregedoria\/wp-json\/wp\/v2\/users\/16"}],"replies":[{"embeddable":true,"href":"https:\/\/www.tjes.jus.br\/corregedoria\/wp-json\/wp\/v2\/comments?post=34751"}],"version-history":[{"count":1,"href":"https:\/\/www.tjes.jus.br\/corregedoria\/wp-json\/wp\/v2\/posts\/34751\/revisions"}],"predecessor-version":[{"id":34756,"href":"https:\/\/www.tjes.jus.br\/corregedoria\/wp-json\/wp\/v2\/posts\/34751\/revisions\/34756"}],"wp:attachment":[{"href":"https:\/\/www.tjes.jus.br\/corregedoria\/wp-json\/wp\/v2\/media?parent=34751"}],"wp:term":[{"taxonomy":"category","embeddable":true,"href":"https:\/\/www.tjes.jus.br\/corregedoria\/wp-json\/wp\/v2\/categories?post=34751"},{"taxonomy":"post_tag","embeddable":true,"href":"https:\/\/www.tjes.jus.br\/corregedoria\/wp-json\/wp\/v2\/tags?post=34751"}],"curies":[{"name":"wp","href":"https:\/\/api.w.org\/{rel}","templated":true}]}}