{"id":34754,"date":"2022-09-19T13:24:38","date_gmt":"2022-09-19T16:24:38","guid":{"rendered":"https:\/\/www.tjes.jus.br\/corregedoria\/?p=34754"},"modified":"2022-09-19T13:24:38","modified_gmt":"2022-09-19T16:24:38","slug":"ato-normativo-no-140-2022-disp-19-09-2022","status":"publish","type":"post","link":"https:\/\/www.tjes.jus.br\/corregedoria\/2022\/09\/19\/ato-normativo-no-140-2022-disp-19-09-2022\/","title":{"rendered":"ATO NORMATIVO N\u00ba 140\/ 2022 \u2013 DISP. 19\/09\/2022"},"content":{"rendered":"<p style=\"text-align: center;\">PODER JUDICI\u00c1RIO DO ESTADO DO ESP\u00cdRITO SANTO &#8211; PJES<\/p>\n<p style=\"text-align: center;\">RUA DESEMBARGADOR HOMERO MAFRA,60 &#8211; Bairro ENSEADA DO SU\u00c1 &#8211; CEP 29050906 &#8211; Vit\u00f3ria &#8211; ES &#8211; www.tjes.jus.br<\/p>\n<p style=\"text-align: center;\">\n<p style=\"text-align: center;\">\n<p style=\"text-align: center;\"><strong>ATO NORMATIVO N\u00ba 140\/2022<\/strong><\/p>\n<p>&nbsp;<\/p>\n<p>&nbsp;<\/p>\n<p style=\"text-align: justify;\">Institui o Programa de Acessibilidade e Inclus\u00e3o do Poder Judici\u00e1rio do Estado do Esp\u00edrito Santo para o per\u00edodo de 2022 a 2026.<\/p>\n<p>&nbsp;<\/p>\n<p style=\"text-align: justify;\">O Presidente do Tribunal de Justi\u00e7a do Estado do Esp\u00edrito Santo, no uso de suas atribui\u00e7\u00f5es legais e regimentais;<\/p>\n<p>&nbsp;<\/p>\n<p style=\"text-align: justify;\">CONSIDERANDO a necessidade de instituir as disposi\u00e7\u00f5es necess\u00e1rias para atendimento \u00e0 Resolu\u00e7\u00e3o n. 401, de 16 de junho de 2021, do Conselho Nacional de Justi\u00e7a, e para a implementa\u00e7\u00e3o da Pol\u00edtica de Acessibilidade e Inclus\u00e3o do Poder Judici\u00e1rio do Estado do Esp\u00edrito Santo (Resolu\u00e7\u00e3o TJES n\u00ba 34\/2019);<\/p>\n<p>&nbsp;<\/p>\n<p>CONSIDERANDO que o Ato Normativo TJES n\u00ba 062\/2022 instituiu a Comiss\u00e3o de Acessibilidade e Inclus\u00e3o do PJES;<\/p>\n<p>&nbsp;<\/p>\n<p>&nbsp;<\/p>\n<p>RESOLVE:<\/p>\n<p>&nbsp;<\/p>\n<p>&nbsp;<\/p>\n<p>Art. 1\u00ba Fica institu\u00eddo o Programa de Acessibilidade e Inclus\u00e3o do Poder Judici\u00e1rio do Estado do Esp\u00edrito Santo, para o per\u00edodo de 2022 a 2026.<\/p>\n<p>&nbsp;<\/p>\n<p>&nbsp;<\/p>\n<p>Art. 2\u00ba Os indicadores e as metas anuais de desempenho da acessibilidade, a serem definidas pela Comiss\u00e3o de Acessibilidade junto com as \u00e1reas gestoras, dever\u00e3o ser publicadas no Portal da Transpar\u00eancia (<a href=\"https:\/\/www.tjes.jus.br\/portal-da-transparencia\/acessibilidade\/\">https:\/\/www.tjes.jus.br\/portal-da-transparencia\/acessibilidade\/<\/a>) anualmente at\u00e9 o m\u00eas de setembro de cada ano para o exerc\u00edcio seguinte.<\/p>\n<p>&nbsp;<\/p>\n<p>Par\u00e1grafo \u00fanico. A Comiss\u00e3o de Acessibilidade ficar\u00e1 respons\u00e1vel pela publica\u00e7\u00e3o e acompanhamento das metas.<\/p>\n<p>&nbsp;<\/p>\n<p>&nbsp;<\/p>\n<p>Art. 3\u00ba Este Ato entra em vigor na data de sua publica\u00e7\u00e3o.<\/p>\n<p>&nbsp;<\/p>\n<p>Publique-se.<\/p>\n<p>&nbsp;<\/p>\n<p>Vit\u00f3ria, 16\u00a0de setembro de 2022.<\/p>\n<p>&nbsp;<\/p>\n<p>&nbsp;<\/p>\n<p>&nbsp;<\/p>\n<p>Desembargador Fabio Clem de Oliveira<\/p>\n<p>Presidente<\/p>\n<p>&nbsp;<\/p>\n<p style=\"text-align: center;\">\n<p style=\"text-align: center;\"><strong><a href=\"https:\/\/sistemas.tjes.jus.br\/ediario\/images\/PROGRAMA_DE_ACESSIBILIDADE_E_INCLUSAO__-_CLIQUE_AQUI.pdf\">PROGRAMA DE ACESSIBILIDADE E INCLUS\u00c3O DO PODER JUDICI\u00c1RIO &#8211; CLIQUE AQUI<\/a><\/strong><\/p>\n<p style=\"text-align: center;\">\n<p style=\"text-align: center;\">\n<p style=\"text-align: center;\"><strong><a href=\"https:\/\/sistemas.tjes.jus.br\/ediario\/images\/PROJETOS_E_A%C3%87%C3%95ES_-_CLIQUE_AQUI.pdf\">PROJETOS E A\u00c7\u00d5ES PREVISTOS &#8211; CLIQUE AQUI<\/a><\/strong><\/p>\n","protected":false},"excerpt":{"rendered":"<p>PODER JUDICI\u00c1RIO DO ESTADO DO ESP\u00cdRITO SANTO &#8211; PJES RUA DESEMBARGADOR HOMERO MAFRA,60 &#8211; Bairro ENSEADA DO SU\u00c1 &#8211; CEP 29050906 &#8211; Vit\u00f3ria &#8211; ES &#8211; www.tjes.jus.br ATO NORMATIVO N\u00ba 140\/2022 &nbsp; &nbsp; Institui o Programa de Acessibilidade e Inclus\u00e3o do Poder Judici\u00e1rio do Estado do Esp\u00edrito Santo para o per\u00edodo de 2022 a 2026. [&hellip;]<\/p>\n","protected":false},"author":16,"featured_media":0,"comment_status":"closed","ping_status":"closed","sticky":false,"template":"","format":"standard","meta":{"footnotes":""},"categories":[4,14],"tags":[],"_links":{"self":[{"href":"https:\/\/www.tjes.jus.br\/corregedoria\/wp-json\/wp\/v2\/posts\/34754"}],"collection":[{"href":"https:\/\/www.tjes.jus.br\/corregedoria\/wp-json\/wp\/v2\/posts"}],"about":[{"href":"https:\/\/www.tjes.jus.br\/corregedoria\/wp-json\/wp\/v2\/types\/post"}],"author":[{"embeddable":true,"href":"https:\/\/www.tjes.jus.br\/corregedoria\/wp-json\/wp\/v2\/users\/16"}],"replies":[{"embeddable":true,"href":"https:\/\/www.tjes.jus.br\/corregedoria\/wp-json\/wp\/v2\/comments?post=34754"}],"version-history":[{"count":1,"href":"https:\/\/www.tjes.jus.br\/corregedoria\/wp-json\/wp\/v2\/posts\/34754\/revisions"}],"predecessor-version":[{"id":34755,"href":"https:\/\/www.tjes.jus.br\/corregedoria\/wp-json\/wp\/v2\/posts\/34754\/revisions\/34755"}],"wp:attachment":[{"href":"https:\/\/www.tjes.jus.br\/corregedoria\/wp-json\/wp\/v2\/media?parent=34754"}],"wp:term":[{"taxonomy":"category","embeddable":true,"href":"https:\/\/www.tjes.jus.br\/corregedoria\/wp-json\/wp\/v2\/categories?post=34754"},{"taxonomy":"post_tag","embeddable":true,"href":"https:\/\/www.tjes.jus.br\/corregedoria\/wp-json\/wp\/v2\/tags?post=34754"}],"curies":[{"name":"wp","href":"https:\/\/api.w.org\/{rel}","templated":true}]}}