{"id":34766,"date":"2022-09-20T14:03:40","date_gmt":"2022-09-20T17:03:40","guid":{"rendered":"https:\/\/www.tjes.jus.br\/corregedoria\/?p=34766"},"modified":"2022-09-20T14:03:40","modified_gmt":"2022-09-20T17:03:40","slug":"oficio-circular-no-119-2022-disp-20-09-2022","status":"publish","type":"post","link":"https:\/\/www.tjes.jus.br\/corregedoria\/2022\/09\/20\/oficio-circular-no-119-2022-disp-20-09-2022\/","title":{"rendered":"OF\u00cdCIO CIRCULAR N\u00ba 119\/2022 \u2013 DISP. 20\/09\/2022"},"content":{"rendered":"<p style=\"text-align: center;\"><strong>PODER JUDICI\u00c1RIO DO ESTADO DO ESP\u00cdRITO SANTO &#8211; PJES<\/strong><\/p>\n<p align=\"center\"><strong>RUA DESEMBARGADOR HOMERO MAFRA,60 &#8211; Bairro ENSEADA DO SU\u00c1 &#8211; CEP 29050906 &#8211; Vit\u00f3ria &#8211; ES &#8211; www.tjes.jus.br<\/strong><\/p>\n<p>&nbsp;<\/p>\n<p align=\"center\"><strong>OF\u00cdCIO-CIRCULAR N\u00ba 119\/2022 &#8211; SECAO DE MONITORAMENTO DE FORO EXTRAJUDICIAL<\/strong><\/p>\n<p>&nbsp;<\/p>\n<p align=\"right\">Vit\u00f3ria, 05 de setembro de 2022.<\/p>\n<p>&nbsp;<\/p>\n<p align=\"justify\">De ordem do\u00a0Exmo. Sr. Desembargador Corregedor-Geral da Justi\u00e7a do Estado do Esp\u00edrito Santo, no uso de suas atribui\u00e7\u00f5es legais e,<\/p>\n<p>&nbsp;<\/p>\n<p align=\"justify\"><strong>CONSIDERANDO<\/strong>\u00a0que a Corregedoria Geral da Justi\u00e7a \u00e9 \u00f3rg\u00e3o de fiscaliza\u00e7\u00e3o, disciplina e orienta\u00e7\u00e3o administrativa, com circunscri\u00e7\u00e3o em todo o Estado, conforme art. 35 da Lei Complementar Estadual n\u00ba 234\/2002 (COJES);<\/p>\n<p>&nbsp;<\/p>\n<p align=\"justify\"><strong>CONSIDERANDO<\/strong>\u00a0o previsto no Art. 1\u00ba do Provimento n\u00ba 052\/2021, disponibilizado no Di\u00e1rio Eletr\u00f4nico da Justi\u00e7a do dia 07 de maio de 2021;<\/p>\n<p>&nbsp;<\/p>\n<p align=\"justify\">\n<strong>CONSIDERANDO<\/strong>\u00a0o recebimento do E-mail PROAD N\u00ba 202111000303363, referente ao Of\u00edcio n\u00ba 206\/2022\u00a0enviado pela Corregedoria-Geral da Justi\u00e7a do Estado de Goi\u00e1s;<\/p>\n<p>&nbsp;<\/p>\n<p align=\"justify\">\n<strong>CONSIDERANDO<\/strong>\u00a0que a referida comunica\u00e7\u00e3o cuida-se de expediente por meio do qual o titular do Tabelionato 1\u00ba de Notas e Oficialato de Registros de Contratos Mar\u00edtimos desta Capital, Sr. Jo\u00e3o Teixeira \u00c1lvares, comunica a esta Casa Censora que foi lavrada uma procura\u00e7\u00e3o com poderes de venda do lote 6 (seis), da quadra 34 (trinta e quatro), situado a Rua VB 46, Residencial Vereda dos Buritis, em Goi\u00e2nia\/GO, objeto da matr\u00edcula n\u00ba. 148.198, do Registro de Im\u00f3veis da 1\u00aa Circunscri\u00e7\u00e3o desta Capital, no livro n\u00ba. 1826, fls. 50\/51, em 22\/10\/2021, sendo outorgantes Ivana Gomes de Santana Berigo e seu c\u00f4njuge Carlos Alberto Berigo, e que, n\u00e3o obstante terem sido apresentados os documentos necess\u00e1rios e feita a biometria, posteriormente, um casal foi at\u00e9 a serventia dizendo serem os verdadeiros propriet\u00e1rios do terreno, conforme documentos anexados.<\/p>\n<p>&nbsp;<\/p>\n<p align=\"justify\">\n<strong>CONSIDERANDO<\/strong>\u00a0que a referida Serventia j\u00e1 procedeu o registro da ocorr\u00eancia junto a Policia Civil do Estado de Goi\u00e1s, conforme Boletim de Ocorr\u00eancia em anexo.<\/p>\n<p>&nbsp;<\/p>\n<p align=\"justify\">\n<strong>RECOMENDO<\/strong>\u00a0aos Ju\u00edzes de Direito Diretores dos F\u00f3runs, Membros do Minist\u00e9rio P\u00fablico, Advogados, Not\u00e1rios e Registradores, Serventu\u00e1rios e a quem mais possa\u00a0interessar, que observem o comunicado em anexo, e adotem as provid\u00eancias que entenderem pertinentes.<\/p>\n<p>&nbsp;<\/p>\n<p align=\"justify\">\n<strong>Publique-se. Cumpra-se.<\/strong><\/p>\n<p>&nbsp;<\/p>\n<p>&nbsp;<\/p>\n<p align=\"center\"><strong>MAGALI BARBOSA DE OLIVEIRA<\/strong><\/p>\n<p align=\"center\"><strong>Coordenadora\u00a0de Monitoramento do Foro Judicial e Extrajudicial<\/strong><\/p>\n<p>&nbsp;<\/p>\n<p>&nbsp;<\/p>\n<p style=\"text-align: center;\"><strong><a href=\"https:\/\/sistemas.tjes.jus.br\/ediario\/images\/ANEXO_AO_OF%C3%8DCIO_CIRCULAR_119_-_19-09-22.pdf\">ANEXO &#8211; CLIQUE AQUI<\/a><\/strong><\/p>\n","protected":false},"excerpt":{"rendered":"<p>PODER JUDICI\u00c1RIO DO ESTADO DO ESP\u00cdRITO SANTO &#8211; PJES RUA DESEMBARGADOR HOMERO MAFRA,60 &#8211; Bairro ENSEADA DO SU\u00c1 &#8211; CEP 29050906 &#8211; Vit\u00f3ria &#8211; ES &#8211; www.tjes.jus.br &nbsp; OF\u00cdCIO-CIRCULAR N\u00ba 119\/2022 &#8211; SECAO DE MONITORAMENTO DE FORO EXTRAJUDICIAL &nbsp; Vit\u00f3ria, 05 de setembro de 2022. &nbsp; De ordem do\u00a0Exmo. Sr. Desembargador Corregedor-Geral da Justi\u00e7a do [&hellip;]<\/p>\n","protected":false},"author":16,"featured_media":0,"comment_status":"closed","ping_status":"closed","sticky":false,"template":"","format":"standard","meta":{"footnotes":""},"categories":[14,5],"tags":[],"_links":{"self":[{"href":"https:\/\/www.tjes.jus.br\/corregedoria\/wp-json\/wp\/v2\/posts\/34766"}],"collection":[{"href":"https:\/\/www.tjes.jus.br\/corregedoria\/wp-json\/wp\/v2\/posts"}],"about":[{"href":"https:\/\/www.tjes.jus.br\/corregedoria\/wp-json\/wp\/v2\/types\/post"}],"author":[{"embeddable":true,"href":"https:\/\/www.tjes.jus.br\/corregedoria\/wp-json\/wp\/v2\/users\/16"}],"replies":[{"embeddable":true,"href":"https:\/\/www.tjes.jus.br\/corregedoria\/wp-json\/wp\/v2\/comments?post=34766"}],"version-history":[{"count":1,"href":"https:\/\/www.tjes.jus.br\/corregedoria\/wp-json\/wp\/v2\/posts\/34766\/revisions"}],"predecessor-version":[{"id":34770,"href":"https:\/\/www.tjes.jus.br\/corregedoria\/wp-json\/wp\/v2\/posts\/34766\/revisions\/34770"}],"wp:attachment":[{"href":"https:\/\/www.tjes.jus.br\/corregedoria\/wp-json\/wp\/v2\/media?parent=34766"}],"wp:term":[{"taxonomy":"category","embeddable":true,"href":"https:\/\/www.tjes.jus.br\/corregedoria\/wp-json\/wp\/v2\/categories?post=34766"},{"taxonomy":"post_tag","embeddable":true,"href":"https:\/\/www.tjes.jus.br\/corregedoria\/wp-json\/wp\/v2\/tags?post=34766"}],"curies":[{"name":"wp","href":"https:\/\/api.w.org\/{rel}","templated":true}]}}