{"id":34829,"date":"2022-09-29T14:49:05","date_gmt":"2022-09-29T17:49:05","guid":{"rendered":"https:\/\/www.tjes.jus.br\/corregedoria\/?p=34829"},"modified":"2022-09-29T14:49:05","modified_gmt":"2022-09-29T17:49:05","slug":"ato-normativo-no-153-2022-disp-29-09-2022","status":"publish","type":"post","link":"https:\/\/www.tjes.jus.br\/corregedoria\/2022\/09\/29\/ato-normativo-no-153-2022-disp-29-09-2022\/","title":{"rendered":"ATO NORMATIVO N\u00ba 153\/ 2022 \u2013 DISP. 29\/09\/2022"},"content":{"rendered":"<p style=\"text-align: center;\">PODER JUDICI\u00c1RIO DO ESTADO DO ESP\u00cdRITO SANTO &#8211; PJES<\/p>\n<p align=\"center\">RUA DESEMBARGADOR HOMERO MAFRA,60 &#8211; Bairro ENSEADA DO SU\u00c1 &#8211; CEP 29050906 &#8211; Vit\u00f3ria &#8211; ES &#8211; www.tjes.jus.br<\/p>\n<p align=\"center\">\n<p>&nbsp;<\/p>\n<p>&nbsp;<\/p>\n<p align=\"center\"><strong><br \/>\n<\/strong><strong>ATO NORMATIVO N\u00ba\u00a0<\/strong><strong>153\u00a0<\/strong><strong>\/2022<\/strong><\/p>\n<p>&nbsp;<\/p>\n<p>&nbsp;<\/p>\n<p align=\"justify\">Regulamenta os procedimentos de confec\u00e7\u00e3o de cadastro e cria o fluxo de pagamento de remunera\u00e7\u00e3o dos Mediadores e Conciliadores Judiciais que atuem nos Centros Judici\u00e1rios de Solu\u00e7\u00e3o de Conflitos e Cidadania \u2013 CEJUSCs no \u00e2mbito do Poder Judici\u00e1rio do Estado do Esp\u00edrito Santo \u2013 PJES.<\/p>\n<p>&nbsp;<\/p>\n<p align=\"justify\">O\u00a0Desembargador Presidente do Tribunal de Justi\u00e7a do Estado do Esp\u00edrito Santo, no uso de suas atribui\u00e7\u00f5es legais e regimentais, e<\/p>\n<p>&nbsp;<\/p>\n<p align=\"justify\">CONSIDERANDO que o par\u00e1grafo 3\u00ba, do art. 3\u00ba e o inciso V do art. 139 do C\u00f3digo de Processo Civil\u00a0estabelecem que\u00a0a concilia\u00e7\u00e3o, a media\u00e7\u00e3o e outros m\u00e9todos de solu\u00e7\u00e3o consensual de conflitos ser\u00e3o estimulados a qualquer tempo, inclusive no curso do processo judicial;<\/p>\n<p>&nbsp;<\/p>\n<p align=\"justify\">CONSIDERANDO a necessidade de proporcionar remunera\u00e7\u00e3o\u00a0aos mediadores para que o mercado de trabalho congregue bons profissionais no campo da Justi\u00e7a consensual, consoante o que estabelece o art. 169 do C\u00f3digo de Processo Civil \u2013 CPC;<\/p>\n<p>&nbsp;<\/p>\n<p align=\"justify\">CONSIDERANDO o disposto no inciso XI, do art. 6\u00ba, da Resolu\u00e7\u00e3o n\u00ba 125\/2010 do Conselho Nacional de Justi\u00e7a \u2013 CNJ, que determina a cria\u00e7\u00e3o de par\u00e2metros de remunera\u00e7\u00e3o aos mediadores judiciais, pelo pr\u00f3prio CNJ, conforme previs\u00e3o do art. 169 do C\u00f3digo de Processo Civil \u2013 CPC;<\/p>\n<p>&nbsp;<\/p>\n<p align=\"justify\">CONSIDERANDO a <a href=\"https:\/\/www.tjes.jus.br\/corregedoria\/2022\/09\/23\/resolucao-no-023-2022-disp-23-09-2022\/\">Resolu\u00e7\u00e3o n\u00ba 023\/2022<\/a> do TJES,\u00a0de 23 de setembro de 2022, que estabelece\u00a0a previs\u00e3o de pagamento de remunera\u00e7\u00e3o aos Mediadores Judiciais que atuam no \u00e2mbito do Poder Judici\u00e1rio do Estado do Esp\u00edrito Santo \u2013 PJES;<\/p>\n<p>&nbsp;<\/p>\n<p>&nbsp;<\/p>\n<p align=\"justify\">RESOLVE:<\/p>\n<p>&nbsp;<\/p>\n<p>&nbsp;<\/p>\n<p align=\"justify\">Art. 1\u00ba \u2013 O presente Ato Normativo regulamenta os procedimentos de confec\u00e7\u00e3o de cadastro e cria o fluxo de pagamento de remunera\u00e7\u00e3o dos Mediadores Judiciais que atuem nos Centros Judici\u00e1rios de Solu\u00e7\u00e3o de Conflitos e Cidadania \u2013 CEJUSCs no \u00e2mbito do Poder Judici\u00e1rio do Estado do Esp\u00edrito Santo \u2013 PJES.<\/p>\n<p>&nbsp;<\/p>\n<p>&nbsp;<\/p>\n<p align=\"center\">I \u2013 DO CADASTRO DOS MEDIADORES E CONCILIADORES JUDICIAIS<\/p>\n<p>&nbsp;<\/p>\n<p>&nbsp;<\/p>\n<p align=\"justify\">Art. 2\u00ba \u2013 A atua\u00e7\u00e3o remunerada dos Mediadores e Conciliadores Judiciais no \u00e2mbito do PJES dar-se-\u00e1 por meio de inscri\u00e7\u00e3o em cadastro espec\u00edfico para esse fim, a ser confeccionado e gerido pelo NUPEMEC.<\/p>\n<p>&nbsp;<\/p>\n<p align=\"justify\">Par\u00e1grafo \u00fanico \u2013 Os crit\u00e9rios de inscri\u00e7\u00e3o e manuten\u00e7\u00e3o no cadastro previsto no\u00a0<em>caput\u00a0<\/em>deste dispositivo, bem como as demais condi\u00e7\u00f5es de sua utiliza\u00e7\u00e3o, ser\u00e3o estabelecidos em edital de chamamento a ser elaborado pelo NUPEMEC e\u00a0publicado no Di\u00e1rio de Justi\u00e7a Eletr\u00f4nico \u2013 DJe.<\/p>\n<p>&nbsp;<\/p>\n<p>&nbsp;<\/p>\n<p align=\"justify\">Art. 3\u00ba \u2013 O NUPEMEC encaminhar\u00e1 a cada CEJUSC as listas de Mediadores e Conciliadores Judiciais aptos a exercerem a fun\u00e7\u00e3o de forma remunerada, devendo o respectivo Centro observar rigorosamente o seu teor, bem como as demais condi\u00e7\u00f5es de utiliza\u00e7\u00e3o do cadastro, conforme estabelecido em edital.<\/p>\n<p>&nbsp;<\/p>\n<p>&nbsp;<\/p>\n<p align=\"center\">II \u2013 DO PAGAMENTO DOS MEDIADORES E CONCILIADORES JUDICIAIS<\/p>\n<p>&nbsp;<\/p>\n<p>&nbsp;<\/p>\n<p align=\"justify\">Art. 4\u00ba \u2013 O pagamento dos Mediadores e Conciliadores Judiciais dar-se-\u00e1 por meio de procedimento administrativo levado a efeito no \u00e2mbito do N\u00facleo Permanente de M\u00e9todos Adequados de Solu\u00e7\u00e3o de Conflitos \u2013 NUPEMEC.<\/p>\n<p>&nbsp;<\/p>\n<p align=\"justify\">Par\u00e1grafo \u00fanico \u2013 O procedimento ter\u00e1 in\u00edcio com a formula\u00e7\u00e3o de requerimento pelo Mediador ou Conciliador por meio indicado pelo NUPEMEC, que ser\u00e1 acompanhado dos documentos mencionados no artigo 5\u00ba.<\/p>\n<p>&nbsp;<\/p>\n<p>&nbsp;<\/p>\n<p align=\"justify\">Art. 5\u00ba \u2013 Realizadas as sess\u00f5es, os Mediadores e Conciliadores Judiciais encaminhar\u00e3o ao NUPEMEC, com periodicidade mensal, at\u00e9 o 5\u00ba dia \u00fatil do m\u00eas subsequente de realiza\u00e7\u00e3o das sess\u00f5es, os seguintes documentos:<\/p>\n<p>&nbsp;<\/p>\n<p align=\"justify\">I \u2013 certid\u00e3o do CEJUSC, informando as horas trabalhadas em cada processo, bem como se as partes s\u00e3o benefici\u00e1rias de gratuidade de Justi\u00e7a ou se houve requerimento de designa\u00e7\u00e3o de media\u00e7\u00e3o ou concilia\u00e7\u00e3o pelo pr\u00f3prio juiz, conforme modelo previsto no Anexo I da <a href=\"https:\/\/www.tjes.jus.br\/corregedoria\/2022\/09\/23\/resolucao-no-023-2022-disp-23-09-2022\/\">Resolu\u00e7\u00e3o n\u00ba 023\/2022<\/a>.<\/p>\n<p align=\"justify\">II \u2013 c\u00f3pia dos termos de sess\u00f5es de media\u00e7\u00e3o e\/ou das audi\u00eancias de concilia\u00e7\u00e3o;<\/p>\n<p align=\"justify\">III \u2013\u00a0c\u00f3pia da c\u00e9dula de identidade ou carteira de habilita\u00e7\u00e3o;<\/p>\n<p align=\"justify\">IV \u2013\u00a0c\u00f3pia do CPF caso sua numera\u00e7\u00e3o n\u00e3o conste da c\u00e9dula de identidade;<\/p>\n<p align=\"justify\">V \u2013 \u00a0PIS\/PASEP ou NIT expedido pelo INSS do profissional;<\/p>\n<p align=\"justify\">VI\u00a0 \u2013 endere\u00e7o, telefone, e-mail e dados banc\u00e1rios do Mediador\u00a0ou Conciliador.<\/p>\n<p>&nbsp;<\/p>\n<p>&nbsp;<\/p>\n<p align=\"justify\">Art. 6\u00ba \u2013 Recebido os documentos dos Mediadores ou Conciliadores, o NUPEMEC analisar\u00e1 o requerimento administrativo e comunicar\u00e1 ao Mediador ou Conciliador o resultado de sua an\u00e1lise.<\/p>\n<p>&nbsp;<\/p>\n<p align=\"justify\">Par\u00e1grafo \u00fanico \u2013 Em havendo irregularidade san\u00e1vel no requerimento ou nos documentos obrigat\u00f3rios que devam acompanh\u00e1-lo, o NUPEMEC comunicar\u00e1\u00a0ao Mediador ou Conciliador e fixar\u00e1 prazo de 05 (cinco) dias para a corre\u00e7\u00e3o do v\u00edcio, sob pena de n\u00e3o pagamento do valor pleiteado.<\/p>\n<p>&nbsp;<\/p>\n<p>&nbsp;<\/p>\n<p align=\"justify\">Art. 7\u00ba \u2013 Estando o requerimento adequado e regularmente instru\u00eddo com os documentos essenciais, o NUPEMEC, por meio\u00a0de processo pr\u00f3prio no Sistema SEI, realizar\u00e1 as a\u00e7\u00f5es necess\u00e1rias para autoriza\u00e7\u00e3o do pagamento dentro dos procedimentos estabelecidos pelo Tribunal de Justi\u00e7a do Estado do Esp\u00edrito Santo \u2013 TJES.<\/p>\n<p>&nbsp;<\/p>\n<p>&nbsp;<\/p>\n<p align=\"center\">\nIV \u2013 DISPOSI\u00c7\u00d5ES FINAIS<\/p>\n<p>&nbsp;<\/p>\n<p>&nbsp;<\/p>\n<p align=\"justify\">\nArt. 8\u00ba \u2013 O presente Ato Normativo entra em vigor na data de sua publica\u00e7\u00e3o.<\/p>\n<p>&nbsp;<\/p>\n<p align=\"justify\">Publique-se por 05 (cinco) dias consecutivos no Di\u00e1rio da Justi\u00e7a Eletr\u00f4nico.<\/p>\n<p>&nbsp;<\/p>\n<p>&nbsp;<\/p>\n<p align=\"center\"><strong>Desembargador Fabio Clem de Oliveira<\/strong><br \/>\n<strong>Presidente<\/strong><\/p>\n","protected":false},"excerpt":{"rendered":"<p>PODER JUDICI\u00c1RIO DO ESTADO DO ESP\u00cdRITO SANTO &#8211; PJES RUA DESEMBARGADOR HOMERO MAFRA,60 &#8211; Bairro ENSEADA DO SU\u00c1 &#8211; CEP 29050906 &#8211; Vit\u00f3ria &#8211; ES &#8211; www.tjes.jus.br &nbsp; &nbsp; ATO NORMATIVO N\u00ba\u00a0153\u00a0\/2022 &nbsp; &nbsp; Regulamenta os procedimentos de confec\u00e7\u00e3o de cadastro e cria o fluxo de pagamento de remunera\u00e7\u00e3o dos Mediadores e Conciliadores Judiciais que [&hellip;]<\/p>\n","protected":false},"author":16,"featured_media":0,"comment_status":"closed","ping_status":"closed","sticky":false,"template":"","format":"standard","meta":{"footnotes":""},"categories":[4,14],"tags":[],"_links":{"self":[{"href":"https:\/\/www.tjes.jus.br\/corregedoria\/wp-json\/wp\/v2\/posts\/34829"}],"collection":[{"href":"https:\/\/www.tjes.jus.br\/corregedoria\/wp-json\/wp\/v2\/posts"}],"about":[{"href":"https:\/\/www.tjes.jus.br\/corregedoria\/wp-json\/wp\/v2\/types\/post"}],"author":[{"embeddable":true,"href":"https:\/\/www.tjes.jus.br\/corregedoria\/wp-json\/wp\/v2\/users\/16"}],"replies":[{"embeddable":true,"href":"https:\/\/www.tjes.jus.br\/corregedoria\/wp-json\/wp\/v2\/comments?post=34829"}],"version-history":[{"count":1,"href":"https:\/\/www.tjes.jus.br\/corregedoria\/wp-json\/wp\/v2\/posts\/34829\/revisions"}],"predecessor-version":[{"id":34833,"href":"https:\/\/www.tjes.jus.br\/corregedoria\/wp-json\/wp\/v2\/posts\/34829\/revisions\/34833"}],"wp:attachment":[{"href":"https:\/\/www.tjes.jus.br\/corregedoria\/wp-json\/wp\/v2\/media?parent=34829"}],"wp:term":[{"taxonomy":"category","embeddable":true,"href":"https:\/\/www.tjes.jus.br\/corregedoria\/wp-json\/wp\/v2\/categories?post=34829"},{"taxonomy":"post_tag","embeddable":true,"href":"https:\/\/www.tjes.jus.br\/corregedoria\/wp-json\/wp\/v2\/tags?post=34829"}],"curies":[{"name":"wp","href":"https:\/\/api.w.org\/{rel}","templated":true}]}}