{"id":34835,"date":"2022-09-29T15:19:21","date_gmt":"2022-09-29T18:19:21","guid":{"rendered":"https:\/\/www.tjes.jus.br\/corregedoria\/?p=34835"},"modified":"2022-09-29T15:19:50","modified_gmt":"2022-09-29T18:19:50","slug":"provimento-no-11-2022-disp-29-09-2022","status":"publish","type":"post","link":"https:\/\/www.tjes.jus.br\/corregedoria\/2022\/09\/29\/provimento-no-11-2022-disp-29-09-2022\/","title":{"rendered":"PROVIMENTO N\u00ba 12\/2022 \u2013 DISP. 29\/09\/2022"},"content":{"rendered":"<p class=\"Texto_Centralizado_Maiusculas\" style=\"text-align: center;\"><strong>PROVIMENTO N\u00ba 12\/2022<\/strong><\/p>\n<p>&nbsp;<\/p>\n<p class=\"Texto_Justificado\">O Desembargador\u00a0<strong>CARLOS SIM\u00d5ES FONSECA<\/strong>, Corregedor Geral da Justi\u00e7a do Estado do Esp\u00edrito Santo, no uso de suas atribui\u00e7\u00f5es legais e,<\/p>\n<p class=\"Texto_Justificado\"><strong>CONSIDERANDO<\/strong>\u00a0que a Corregedoria Geral da Justi\u00e7a do Estado do Esp\u00edrito Santo \u00e9 \u00f3rg\u00e3o de fiscaliza\u00e7\u00e3o, que disciplina a orienta\u00e7\u00e3o administrativa, com jurisdi\u00e7\u00e3o em todo Estado, conforme disp\u00f5e o art. 35, da Lei Complementar Estadual n\u00ba 234\/2002;<\/p>\n<p class=\"Texto_Justificado\"><strong>CONSIDERANDO<\/strong>\u00a0ser o C\u00f3digo de Normas a principal ferramenta de que disp\u00f5e a Corregedoria Geral da Justi\u00e7a para uniformizar a orienta\u00e7\u00e3o administrativa do foro judicial e extrajudicial em todo o Estado, sendo imperioso e necess\u00e1rio o constante aprimoramento das diversas disposi\u00e7\u00f5es nele contidas;<\/p>\n<p class=\"Texto_Justificado\"><strong>CONSIDERANDO<\/strong>\u00a0a necessidade de esclarecimento acerca da cobran\u00e7a de emolumentos quando da eventual renova\u00e7\u00e3o ou atualiza\u00e7\u00e3o de assinaturas nos\u00a0\u00a0registros de cart\u00e3o de assinaturas;<\/p>\n<p class=\"Texto_Justificado\"><strong>CONSIDERANDO<\/strong>\u00a0a inexist\u00eancia de previs\u00e3o legal para cobran\u00e7a de atos que propriamente caracterizem a renova\u00e7\u00e3o ou atualiza\u00e7\u00e3o das assinaturas registradas em firma junto \u00e0s serventias extrajudiciais;<\/p>\n<p class=\"Texto_Justificado\"><strong>CONSIDERANDO<\/strong>\u00a0que a altera\u00e7\u00e3o ou atualiza\u00e7\u00e3o de assinaturas ou\u00a0dados cadastrais dos usu\u00e1rios do servi\u00e7o notarial estabelecem a pr\u00e1tica de novo ato pelos delegat\u00e1rios,\u00a0necess\u00e1rio esclarecer na normativa vigente no\u00a0C\u00f3digo de Normas quanto \u00e0 possibilidade de cobran\u00e7a da pr\u00e1tica de nova\u00a0abertura de ficha padr\u00e3o\u00a0quando o usu\u00e1rio der causa \u00e0 altera\u00e7\u00e3o ou renova\u00e7\u00e3o, para fins de cobran\u00e7a dos respectivos emolumentos do ato praticado, excluindo-se a cobran\u00e7a quando a serventia estabelecer a renova\u00e7\u00e3o ou atualiza\u00e7\u00e3o;<\/p>\n<p>&nbsp;<\/p>\n<p class=\"Texto_Justificado\"><strong>RESOLVE:<\/strong><\/p>\n<p>&nbsp;<\/p>\n<p class=\"Texto_Justificado\"><strong>Art. 1\u00ba.\u00a0<\/strong>Alterar o disposto no Par\u00e1grafo \u00fanico do artigo 709 do Tomo II do Novo C\u00f3digo de Normas, de modo que o dispositivo ficar\u00e1 com\u00a0a seguinte reda\u00e7\u00e3o:<\/p>\n<p>&nbsp;<\/p>\n<p class=\"Texto_Justificado\">Art. 709. Par\u00e1grafo \u00fanico.\u00a0Quando o usu\u00e1rio der causa \u00e0 necessidade de renova\u00e7\u00e3o\u00a0ou\u00a0atualiza\u00e7\u00e3o\u00a0da ficha padr\u00e3o de assinatura ser\u00e1 considerada como uma nova abertura desta,\u00a0para fins de cobran\u00e7a dos respectivos emolumentos do ato praticado.<\/p>\n<p>&nbsp;<\/p>\n<p class=\"Texto_Justificado\"><strong>Art. 2\u00ba.<\/strong>\u00a0Este provimento entra em vigor na data da publica\u00e7\u00e3o, revogando-se as disposi\u00e7\u00f5es em contr\u00e1rio.<\/p>\n<p>&nbsp;<\/p>\n<p class=\"Texto_Justificado\"><strong>PUBLIQUE-SE. REGISTRE-SE. CUMPRA-SE.<\/strong><\/p>\n<p>&nbsp;<\/p>\n<p class=\"Texto_Centralizado\">Vit\u00f3ria (ES), 28\u00a0de setembro de 2022.<\/p>\n<p>&nbsp;<\/p>\n<p class=\"Texto_Centralizado\" style=\"text-align: center;\"><strong>CARLOS SIM\u00d5ES FONSECA<\/strong><\/p>\n<p class=\"Texto_Centralizado\" style=\"text-align: center;\"><strong>Corregedor Geral da Justi\u00e7a<\/strong><\/p>\n","protected":false},"excerpt":{"rendered":"<p>PROVIMENTO N\u00ba 12\/2022 &nbsp; O Desembargador\u00a0CARLOS SIM\u00d5ES FONSECA, Corregedor Geral da Justi\u00e7a do Estado do Esp\u00edrito Santo, no uso de suas atribui\u00e7\u00f5es legais e, CONSIDERANDO\u00a0que a Corregedoria Geral da Justi\u00e7a do Estado do Esp\u00edrito Santo \u00e9 \u00f3rg\u00e3o de fiscaliza\u00e7\u00e3o, que disciplina a orienta\u00e7\u00e3o administrativa, com jurisdi\u00e7\u00e3o em todo Estado, conforme disp\u00f5e o art. 35, da [&hellip;]<\/p>\n","protected":false},"author":16,"featured_media":0,"comment_status":"closed","ping_status":"closed","sticky":false,"template":"","format":"standard","meta":{"footnotes":""},"categories":[14,16],"tags":[],"_links":{"self":[{"href":"https:\/\/www.tjes.jus.br\/corregedoria\/wp-json\/wp\/v2\/posts\/34835"}],"collection":[{"href":"https:\/\/www.tjes.jus.br\/corregedoria\/wp-json\/wp\/v2\/posts"}],"about":[{"href":"https:\/\/www.tjes.jus.br\/corregedoria\/wp-json\/wp\/v2\/types\/post"}],"author":[{"embeddable":true,"href":"https:\/\/www.tjes.jus.br\/corregedoria\/wp-json\/wp\/v2\/users\/16"}],"replies":[{"embeddable":true,"href":"https:\/\/www.tjes.jus.br\/corregedoria\/wp-json\/wp\/v2\/comments?post=34835"}],"version-history":[{"count":2,"href":"https:\/\/www.tjes.jus.br\/corregedoria\/wp-json\/wp\/v2\/posts\/34835\/revisions"}],"predecessor-version":[{"id":34837,"href":"https:\/\/www.tjes.jus.br\/corregedoria\/wp-json\/wp\/v2\/posts\/34835\/revisions\/34837"}],"wp:attachment":[{"href":"https:\/\/www.tjes.jus.br\/corregedoria\/wp-json\/wp\/v2\/media?parent=34835"}],"wp:term":[{"taxonomy":"category","embeddable":true,"href":"https:\/\/www.tjes.jus.br\/corregedoria\/wp-json\/wp\/v2\/categories?post=34835"},{"taxonomy":"post_tag","embeddable":true,"href":"https:\/\/www.tjes.jus.br\/corregedoria\/wp-json\/wp\/v2\/tags?post=34835"}],"curies":[{"name":"wp","href":"https:\/\/api.w.org\/{rel}","templated":true}]}}