{"id":34869,"date":"2022-10-04T17:35:23","date_gmt":"2022-10-04T20:35:23","guid":{"rendered":"https:\/\/www.tjes.jus.br\/corregedoria\/?p=34869"},"modified":"2022-10-04T17:35:23","modified_gmt":"2022-10-04T20:35:23","slug":"ato-normativo-no-157-2022-disp-04-10-2022","status":"publish","type":"post","link":"https:\/\/www.tjes.jus.br\/corregedoria\/2022\/10\/04\/ato-normativo-no-157-2022-disp-04-10-2022\/","title":{"rendered":"ATO NORMATIVO N\u00ba 157\/ 2022 \u2013 DISP. 04\/10\/2022"},"content":{"rendered":"<p class=\"Tabela_Texto_Centralizado\" style=\"text-align: center;\">PODER JUDICI\u00c1RIO DO ESTADO DO ESP\u00cdRITO SANTO &#8211; PJES<\/p>\n<p class=\"Tabela_Texto_Centralizado\" style=\"text-align: center;\">RUA DESEMBARGADOR HOMERO MAFRA,60 &#8211; Bairro ENSEADA DO SU\u00c1 &#8211; CEP 29050906<\/p>\n<p class=\"Tabela_Texto_Centralizado\" style=\"text-align: center;\">Vit\u00f3ria &#8211; ES &#8211;\u00a0<a href=\"https:\/\/www.tjes.jus.br\/\" target=\"_blank\" rel=\"noopener\">www.tjes.jus.br<\/a><\/p>\n<p style=\"text-align: center;\">\n<p class=\"Tabela_Texto_Centralizado\" style=\"text-align: center;\"><strong>TRIBUNAL DE JUSTI\u00c7A DO ESPIRITO SANTO<\/strong><\/p>\n<p class=\"Tabela_Texto_Centralizado\" style=\"text-align: center;\"><strong>PRESID\u00caNCIA<\/strong><\/p>\n<p class=\"Tabela_Texto_Centralizado\" style=\"text-align: center;\"><strong>SECRETARIA<\/strong><strong>\u00a0<\/strong><strong>DE<\/strong><strong>\u00a0<\/strong><strong>INFRAESTRUTURA<\/strong><\/p>\n<p style=\"text-align: center;\">\n<p class=\"Tabela_Texto_Centralizado\" style=\"text-align: center;\"><strong>ATO NORMATIVO N.\u00ba 157\/2022<\/strong><\/p>\n<p style=\"text-align: center;\">\n<p class=\"Texto_Justificado\">Disp\u00f5e sobre o invent\u00e1rio online dos bens m\u00f3veis permanentes pertencentes ao Poder Judici\u00e1rio do Estado do Esp\u00edrito Santo.<\/p>\n<p>&nbsp;<\/p>\n<p class=\"Texto_Justificado\">O Presidente do Egr\u00e9gio Tribunal de Justi\u00e7a do Estado do Esp\u00edrito Santo, no uso de suas atribui\u00e7\u00f5es legais e regimentais,<\/p>\n<p>&nbsp;<\/p>\n<p class=\"Texto_Justificado\"><strong>CONSIDERANDO<\/strong><strong>\u00a0<\/strong>o processo de converg\u00eancia \u00e0s Normas Internacionais de Contabilidade Aplicadas ao Setor P\u00fablico; e<\/p>\n<p>&nbsp;<\/p>\n<p class=\"Texto_Justificado\"><strong>CONSIDERANDO<\/strong><strong>\u00a0<\/strong>que os invent\u00e1rios de bens patrimoniais objetivam regularizar a situa\u00e7\u00e3o patrimonial e cont\u00e1bil deste Poder Judici\u00e1rio, sob fiscaliza\u00e7\u00e3o do colendo Tribunal de Contas do Estado do Esp\u00edrito Santo;<\/p>\n<p>&nbsp;<\/p>\n<p class=\"Texto_Justificado\"><strong>RESOLVE:<\/strong><\/p>\n<p>&nbsp;<\/p>\n<p class=\"Texto_Justificado\"><strong>Art. 1\u00ba\u00a0<\/strong>Determinar a realiza\u00e7\u00e3o de invent\u00e1rio online dos bens m\u00f3veis permanentes pertencentes ao PJES.<\/p>\n<p>&nbsp;<\/p>\n<p class=\"Texto_Justificado\"><strong>Art. 2\u00ba\u00a0<\/strong>O invent\u00e1rio online consiste na utiliza\u00e7\u00e3o do sistema e-GAP, dispon\u00edvel na intranet, para verificar a rela\u00e7\u00e3o dos bens no setor e confirmar a localiza\u00e7\u00e3o, ap\u00f3s a confer\u00eancia f\u00edsica com os dados do sistema, como: n\u00famero do patrim\u00f4nio, descri\u00e7\u00e3o, marca, modelo, s\u00e9rie, estado de conserva\u00e7\u00e3o e complemento do setor.<\/p>\n<p>&nbsp;<\/p>\n<p class=\"Texto_Justificado\">Par\u00e1grafo \u00fanico. Ao confirmar a localiza\u00e7\u00e3o ou editar os dados, o sistema gerar\u00e1 um Termo de Responsabilidade com assinatura eletr\u00f4nica do(a) servidor(a) usu\u00e1rio(a) dos bens inventariados.<\/p>\n<p>&nbsp;<\/p>\n<p class=\"Texto_Justificado\"><strong>Art. 3\u00ba\u00a0<\/strong>O invent\u00e1rio online ser\u00e1 executado por todos os setores do PJES, sob a responsabilidade da chefia imediata e dos servidores, com a coordena\u00e7\u00e3o do primeiro.<\/p>\n<p>&nbsp;<\/p>\n<p class=\"Texto_Justificado\">Par\u00e1grafo \u00fanico. Cada agente p\u00fablico ficar\u00e1 respons\u00e1vel por confirmar a localiza\u00e7\u00e3o dos bens que utiliza e auxiliar\u00e1 na confirma\u00e7\u00e3o dos demais bens no setor, quando solicitado pela chefia imediata.<\/p>\n<p>&nbsp;<\/p>\n<p class=\"Texto_Justificado\"><strong>Art. 4\u00ba\u00a0<\/strong>O invent\u00e1rio online poder\u00e1 ser executado a qualquer tempo, de forma eventual, com a confirma\u00e7\u00e3o da localiza\u00e7\u00e3o dos bens no sistema ou com o registro da n\u00e3o localiza\u00e7\u00e3o.<\/p>\n<p>&nbsp;<\/p>\n<p class=\"Texto_Justificado\">\u00a7 1\u00ba Recomenda-se uma confer\u00eancia a cada 3 (tr\u00eas) meses pelas chefias e servidores, buscando manter atualizada a carga patrimonial dos bens.<\/p>\n<p>&nbsp;<\/p>\n<p class=\"Texto_Justificado\">\u00a7 2\u00ba Os setores dever\u00e3o transferir a localiza\u00e7\u00e3o do bem no sistema sempre que houver transfer\u00eancia f\u00edsica ou confirmar a localiza\u00e7\u00e3o no sistema sempre que houver mudan\u00e7a de responsabilidade.<\/p>\n<p>&nbsp;<\/p>\n<p class=\"Texto_Justificado\">\u00a7 3\u00ba A Comiss\u00e3o de Invent\u00e1rio poder\u00e1 iniciar um invent\u00e1rio eventual, de of\u00edcio.<\/p>\n<p>&nbsp;<\/p>\n<p class=\"Texto_Justificado\">\u00a7 4\u00ba No invent\u00e1rio eventual de of\u00edcio, os setores dever\u00e3o disponibilizar pelo menos 1 (um) servidor\u00a0para acompanhar,\u00a0conferir\u00a0e finalizar o invent\u00e1rio online, observando os procedimentos e prazos\u00a0solicitados pela Comiss\u00e3o.<\/p>\n<p>&nbsp;<\/p>\n<p class=\"Texto_Justificado\"><strong>Art. 5\u00ba\u00a0<\/strong>O\u00a0<strong>invent\u00e1rio online anual ser\u00e1 obrigat\u00f3rio<\/strong>, a partir do exerc\u00edcio de 2023, para todos os setores do PJES, com execu\u00e7\u00e3o na forma do artigo 3\u00ba, e se processar\u00e1 at\u00e9 o m\u00eas de agosto de cada ano.<\/p>\n<p>&nbsp;<\/p>\n<p class=\"Texto_Justificado\">\u00a7 1\u00ba A Comiss\u00e3o de Invent\u00e1rio comunicar\u00e1 a abertura, informar\u00e1 os procedimentos e prazos e ficar\u00e1 respons\u00e1vel por sanar as d\u00favidas nos procedimentos por e-mail (<a href=\"mailto:inventario@tjes.jus.br\">inventario@tjes.jus.br<\/a>).<\/p>\n<p>&nbsp;<\/p>\n<p class=\"Texto_Justificado\">\u00a7 2\u00ba Os setores com mais de 600 (seiscentos) bens permanentes poder\u00e3o solicitar aux\u00edlio \u00e0 Comiss\u00e3o, pelo e-mail\u00a0<a href=\"mailto:inventario@tjes.jus.br\">inventario@tjes.jus.br<\/a>,\u00a0para acompanhar e conferir o\u00a0invent\u00e1rio\u00a0realizado pelo setor.<\/p>\n<p>&nbsp;<\/p>\n<p class=\"Texto_Justificado\">\u00a7 3\u00ba A Comiss\u00e3o de Invent\u00e1rio poder\u00e1 realizar, por amostragem, uma confer\u00eancia nos invent\u00e1rios finalizados. As inconsist\u00eancias identificadas poder\u00e3o ensejar em novo invent\u00e1rio, no prazo solicitado pela Comiss\u00e3o.<\/p>\n<p>&nbsp;<\/p>\n<p class=\"Texto_Justificado\">\u00a7 4\u00ba A Comiss\u00e3o de Invent\u00e1rio informar\u00e1 ao Tribunal de Justi\u00e7a, no final de cada ano, os relat\u00f3rios constando os bens n\u00e3o inventariados e os bens n\u00e3o localizados no sistema para conhecimento e devidas provid\u00eancias, conforme as normas vigentes.<\/p>\n<p>&nbsp;<\/p>\n<p class=\"Texto_Justificado\">\u00a7 5\u00ba Os setores que n\u00e3o finalizarem o invent\u00e1rio poder\u00e3o ter suspensos os pedidos de bens m\u00f3veis permanentes, com apura\u00e7\u00e3o de poss\u00edveis responsabilidades.<\/p>\n<p>&nbsp;<\/p>\n<p class=\"Texto_Justificado\"><strong>Art. 6\u00ba\u00a0<\/strong>Os relat\u00f3rios de invent\u00e1rio ser\u00e3o emitidos pelo sistema e-GAP para fins de Presta\u00e7\u00e3o de Contas Anual.<\/p>\n<p>&nbsp;<\/p>\n<p class=\"Texto_Justificado\">Par\u00e1grafo \u00fanico. Os bens n\u00e3o inventariados e os bens n\u00e3o localizados ser\u00e3o demonstrados de acordo com a \u00faltima localiza\u00e7\u00e3o validada no sistema, at\u00e9 a conclus\u00e3o dos procedimentos administrativos.<\/p>\n<p>&nbsp;<\/p>\n<p class=\"Texto_Justificado\"><strong>Art.<\/strong><strong>\u00a0<\/strong><strong>7\u00ba<\/strong><strong>\u00a0<\/strong>Este Ato Normativo entra em vigor na data de sua publica\u00e7\u00e3o.<\/p>\n<p>&nbsp;<\/p>\n<p>Vit\u00f3ria\/ES, 30 de setembro de 2022<\/p>\n<p>&nbsp;<\/p>\n<p class=\"Tabela_Texto_Centralizado\" style=\"text-align: center;\"><strong>Desembargador Fabio Clem de Oliveira<\/strong><\/p>\n<p class=\"Tabela_Texto_Centralizado\" style=\"text-align: center;\"><strong>Presidente<\/strong><\/p>\n","protected":false},"excerpt":{"rendered":"<p>PODER JUDICI\u00c1RIO DO ESTADO DO ESP\u00cdRITO SANTO &#8211; PJES RUA DESEMBARGADOR HOMERO MAFRA,60 &#8211; Bairro ENSEADA DO SU\u00c1 &#8211; CEP 29050906 Vit\u00f3ria &#8211; ES &#8211;\u00a0www.tjes.jus.br TRIBUNAL DE JUSTI\u00c7A DO ESPIRITO SANTO PRESID\u00caNCIA SECRETARIA\u00a0DE\u00a0INFRAESTRUTURA ATO NORMATIVO N.\u00ba 157\/2022 Disp\u00f5e sobre o invent\u00e1rio online dos bens m\u00f3veis permanentes pertencentes ao Poder Judici\u00e1rio do Estado do Esp\u00edrito Santo. [&hellip;]<\/p>\n","protected":false},"author":16,"featured_media":0,"comment_status":"closed","ping_status":"closed","sticky":false,"template":"","format":"standard","meta":{"footnotes":""},"categories":[4,14],"tags":[],"_links":{"self":[{"href":"https:\/\/www.tjes.jus.br\/corregedoria\/wp-json\/wp\/v2\/posts\/34869"}],"collection":[{"href":"https:\/\/www.tjes.jus.br\/corregedoria\/wp-json\/wp\/v2\/posts"}],"about":[{"href":"https:\/\/www.tjes.jus.br\/corregedoria\/wp-json\/wp\/v2\/types\/post"}],"author":[{"embeddable":true,"href":"https:\/\/www.tjes.jus.br\/corregedoria\/wp-json\/wp\/v2\/users\/16"}],"replies":[{"embeddable":true,"href":"https:\/\/www.tjes.jus.br\/corregedoria\/wp-json\/wp\/v2\/comments?post=34869"}],"version-history":[{"count":1,"href":"https:\/\/www.tjes.jus.br\/corregedoria\/wp-json\/wp\/v2\/posts\/34869\/revisions"}],"predecessor-version":[{"id":34870,"href":"https:\/\/www.tjes.jus.br\/corregedoria\/wp-json\/wp\/v2\/posts\/34869\/revisions\/34870"}],"wp:attachment":[{"href":"https:\/\/www.tjes.jus.br\/corregedoria\/wp-json\/wp\/v2\/media?parent=34869"}],"wp:term":[{"taxonomy":"category","embeddable":true,"href":"https:\/\/www.tjes.jus.br\/corregedoria\/wp-json\/wp\/v2\/categories?post=34869"},{"taxonomy":"post_tag","embeddable":true,"href":"https:\/\/www.tjes.jus.br\/corregedoria\/wp-json\/wp\/v2\/tags?post=34869"}],"curies":[{"name":"wp","href":"https:\/\/api.w.org\/{rel}","templated":true}]}}