{"id":34875,"date":"2022-10-06T14:16:31","date_gmt":"2022-10-06T17:16:31","guid":{"rendered":"https:\/\/www.tjes.jus.br\/corregedoria\/?p=34875"},"modified":"2022-10-06T14:16:31","modified_gmt":"2022-10-06T17:16:31","slug":"ato-normativo-no-158-2022-disp-05-10-2022","status":"publish","type":"post","link":"https:\/\/www.tjes.jus.br\/corregedoria\/2022\/10\/06\/ato-normativo-no-158-2022-disp-05-10-2022\/","title":{"rendered":"ATO NORMATIVO N\u00ba 158\/ 2022 \u2013 DISP. 05\/10\/2022"},"content":{"rendered":"<p align=\"center\">PODER JUDICI\u00c1RIO DO ESTADO DO ESP\u00cdRITO SANTO &#8211; PJES<\/p>\n<p align=\"center\">RUA DESEMBARGADOR HOMERO MAFRA,60 &#8211; Bairro ENSEADA DO SU\u00c1 &#8211; CEP 29050906 &#8211; Vit\u00f3ria &#8211; ES &#8211; www.tjes.jus.br<\/p>\n<p align=\"center\">\n<p>&nbsp;<\/p>\n<p align=\"center\"><strong>ATO NORMATIVO N\u00ba 158\/2022<\/strong><\/p>\n<p>&nbsp;<\/p>\n<p>&nbsp;<\/p>\n<p align=\"justify\">O Presidente do\u00a0Tribunal de Justi\u00e7a do Estado do Esp\u00edrito Santo, no uso de suas atribui\u00e7\u00f5es legais e regimentais,<\/p>\n<p>&nbsp;<\/p>\n<p align=\"justify\">Considerando o teor do\u00a0Processo\u00a0SEI n\u00ba\u00a07000958-88.2022.8.08.0035, iniciado pelo Presidente do Comit\u00ea de Governan\u00e7a de TIC do Tribunal de Justi\u00e7a.<\/p>\n<p>&nbsp;<\/p>\n<p align=\"justify\">Considerando a necessidade de digitaliza\u00e7\u00e3o e o cadastramento dos autos f\u00edsicos digitalizados no sistema PJe<em>.<\/em><\/p>\n<p>&nbsp;<\/p>\n<p align=\"justify\"><strong>RESOLVE:<\/strong><\/p>\n<p>&nbsp;<\/p>\n<p align=\"justify\">SUSPENDER\u00a0os prazos processuais com rela\u00e7\u00e3o aos processos f\u00edsicos que tramitam no sistema EJUD da\u00a04\u00aa Vara\u00a0C\u00edvel\u00a0de Vila Velha, pelo\u00a0prazo de 30 (trinta)\u00a0dias, a partir de\u00a017\/10\/2022.<\/p>\n<p>&nbsp;<\/p>\n<p align=\"justify\">Publique-se.<\/p>\n<p>&nbsp;<\/p>\n<p align=\"justify\">Vit\u00f3ria\/ES, 04 de outubro de 2022.<\/p>\n<p>&nbsp;<\/p>\n<p align=\"center\"><strong>Desembargador Dair Jos\u00e9 Bregunce de Oliveira<\/strong><\/p>\n<p align=\"center\"><strong>Vice-Presidente<\/strong><\/p>\n","protected":false},"excerpt":{"rendered":"<p>PODER JUDICI\u00c1RIO DO ESTADO DO ESP\u00cdRITO SANTO &#8211; PJES RUA DESEMBARGADOR HOMERO MAFRA,60 &#8211; Bairro ENSEADA DO SU\u00c1 &#8211; CEP 29050906 &#8211; Vit\u00f3ria &#8211; ES &#8211; www.tjes.jus.br &nbsp; ATO NORMATIVO N\u00ba 158\/2022 &nbsp; &nbsp; O Presidente do\u00a0Tribunal de Justi\u00e7a do Estado do Esp\u00edrito Santo, no uso de suas atribui\u00e7\u00f5es legais e regimentais, &nbsp; Considerando o [&hellip;]<\/p>\n","protected":false},"author":16,"featured_media":0,"comment_status":"closed","ping_status":"closed","sticky":false,"template":"","format":"standard","meta":{"footnotes":""},"categories":[4,14],"tags":[],"_links":{"self":[{"href":"https:\/\/www.tjes.jus.br\/corregedoria\/wp-json\/wp\/v2\/posts\/34875"}],"collection":[{"href":"https:\/\/www.tjes.jus.br\/corregedoria\/wp-json\/wp\/v2\/posts"}],"about":[{"href":"https:\/\/www.tjes.jus.br\/corregedoria\/wp-json\/wp\/v2\/types\/post"}],"author":[{"embeddable":true,"href":"https:\/\/www.tjes.jus.br\/corregedoria\/wp-json\/wp\/v2\/users\/16"}],"replies":[{"embeddable":true,"href":"https:\/\/www.tjes.jus.br\/corregedoria\/wp-json\/wp\/v2\/comments?post=34875"}],"version-history":[{"count":1,"href":"https:\/\/www.tjes.jus.br\/corregedoria\/wp-json\/wp\/v2\/posts\/34875\/revisions"}],"predecessor-version":[{"id":34879,"href":"https:\/\/www.tjes.jus.br\/corregedoria\/wp-json\/wp\/v2\/posts\/34875\/revisions\/34879"}],"wp:attachment":[{"href":"https:\/\/www.tjes.jus.br\/corregedoria\/wp-json\/wp\/v2\/media?parent=34875"}],"wp:term":[{"taxonomy":"category","embeddable":true,"href":"https:\/\/www.tjes.jus.br\/corregedoria\/wp-json\/wp\/v2\/categories?post=34875"},{"taxonomy":"post_tag","embeddable":true,"href":"https:\/\/www.tjes.jus.br\/corregedoria\/wp-json\/wp\/v2\/tags?post=34875"}],"curies":[{"name":"wp","href":"https:\/\/api.w.org\/{rel}","templated":true}]}}