{"id":3488,"date":"2016-07-04T16:42:28","date_gmt":"2016-07-04T19:42:28","guid":{"rendered":"https:\/\/www.tjes.jus.br\/corregedoria\/?p=3488"},"modified":"2017-02-23T15:33:06","modified_gmt":"2017-02-23T18:33:06","slug":"resolucao-no-0512014-disp-20102014","status":"publish","type":"post","link":"https:\/\/www.tjes.jus.br\/corregedoria\/2016\/07\/04\/resolucao-no-0512014-disp-20102014\/","title":{"rendered":"RESOLU\u00c7\u00c3O N\u00ba 51\/2014 &#8211; DISP. 20\/10\/2014"},"content":{"rendered":"<p style=\"text-align: center;\"><strong>ESTADO DO ESP\u00cdRITO SANTO<\/strong><\/p>\n<p style=\"text-align: center;\"><strong>PODER JUDICI\u00c1RIO<\/strong><\/p>\n<p style=\"text-align: center;\"><strong>TRIBUNAL DE JUSTI\u00c7A<\/strong><\/p>\n<p style=\"text-align: center;\"><strong>RESOLU\u00c7\u00c3O N\u00ba 051\/2014<\/strong><\/p>\n<p style=\"text-align: justify;\"><em>Retira a previs\u00e3o do cabimento do Recurso Ordin\u00e1rio no sistema dos Juizados Especiais.<\/em><\/p>\n<p style=\"text-align: justify;\"><strong>CONSIDERANDO <\/strong>a proposi\u00e7\u00e3o oriunda dos membros do Colegiado Recursal, em sess\u00e3o realizada no dia 12.09.2014, no tocante \u00e0 mudan\u00e7a do Regimento Interno (<a href=\"https:\/\/www.tjes.jus.br\/corregedoria\/index.php\/2016\/07\/05\/resolucao-no-0332013-disp-29072013-alterada\/\" target=\"_blank\">Resolu\u00e7\u00e3o 033\/2013<\/a>), com vistas \u00e0 retirada da previs\u00e3o do cabimento do Recurso Ordin\u00e1rio contra decis\u00e3o denegat\u00f3ria de mandado de seguran\u00e7a;<\/p>\n<p style=\"text-align: justify;\"><strong>CONSIDERANDO,<\/strong> por fim, que a proposi\u00e7\u00e3o encontra respaldo no Enunciado 3\u00ba do FONAJE (F\u00f3rum Nacional dos Juizados Especiais)<\/p>\n<p style=\"text-align: justify;\"><strong>RESOLVE:<\/strong><\/p>\n<p style=\"text-align: justify;\"><strong>Art. 1\u00ba. <\/strong>Excluir da reda\u00e7\u00e3o do <a href=\"https:\/\/www.tjes.jus.br\/corregedoria\/index.php\/2016\/07\/05\/resolucao-no-0332013-disp-29072013-alterada\/\" target=\"_blank\">art. 13 do Regimento Interno do Colegiado Recursal (Resolu\u00e7\u00e3o 033\/2013)<\/a> a previs\u00e3o do cabimento do Recurso Ordin\u00e1rio contra decis\u00f5es denegat\u00f3rias em mandado de seguran\u00e7a de compet\u00eancia origin\u00e1ria das Turmas Recursais, passando o inciso V do referido artigo conter a seguinte reda\u00e7\u00e3o:<\/p>\n<p style=\"text-align: justify; padding-left: 30px;\">\u201c<strong><em>Art. 13. Compete ao Plen\u00e1rio do Colegiado Recursal:&#8221;<br \/>\n<\/em><\/strong>\u201c<strong><em>V \u2013 editar, alterar ou cancelar enunciados mediante proposta apresentada por qualquer integrante das Turmas Recursais, desde que aprovada por pelo menos dois ter\u00e7os dos seus integrantes.\u201d<\/em><\/strong><\/p>\n<p style=\"text-align: justify;\"><strong>Art. 2\u00ba.<\/strong> Excluir o <a href=\"https:\/\/www.tjes.jus.br\/corregedoria\/index.php\/2016\/07\/05\/resolucao-no-0332013-disp-29072013-alterada\/\" target=\"_blank\">inciso VI do art. 13 da Resolu\u00e7\u00e3o 033\/2013<\/a>, cujo teor passou a integrar o inciso V.<\/p>\n<p style=\"text-align: justify;\"><strong>Art. 3\u00ba.<\/strong> Esta resolu\u00e7\u00e3o entra em vigor na data de sua publica\u00e7\u00e3o.<\/p>\n<p style=\"text-align: justify;\">Vit\u00f3ria, 16 de outubro de 2014.<\/p>\n<p style=\"text-align: center;\"><strong>DESEMBARGADOR S\u00c9RGIO BIZZOTTO PESSOA DE MENDON\u00c7A<br \/>\nPRESIDENTE DO TRIBUNAL DE JUSTI\u00c7A DO ESTADO DO ESP\u00cdRITO SANTO<\/strong><\/p>\n","protected":false},"excerpt":{"rendered":"<p>ESTADO DO ESP\u00cdRITO SANTO PODER JUDICI\u00c1RIO TRIBUNAL DE JUSTI\u00c7A RESOLU\u00c7\u00c3O N\u00ba 051\/2014 Retira a previs\u00e3o do cabimento do Recurso Ordin\u00e1rio no sistema dos Juizados Especiais. CONSIDERANDO a proposi\u00e7\u00e3o oriunda dos membros do Colegiado Recursal, em sess\u00e3o realizada no dia 12.09.2014, no tocante \u00e0 mudan\u00e7a do Regimento Interno (Resolu\u00e7\u00e3o 033\/2013), com vistas \u00e0 retirada da previs\u00e3o [&hellip;]<\/p>\n","protected":false},"author":1,"featured_media":0,"comment_status":"open","ping_status":"open","sticky":false,"template":"","format":"standard","meta":{"footnotes":""},"categories":[14,13],"tags":[],"_links":{"self":[{"href":"https:\/\/www.tjes.jus.br\/corregedoria\/wp-json\/wp\/v2\/posts\/3488"}],"collection":[{"href":"https:\/\/www.tjes.jus.br\/corregedoria\/wp-json\/wp\/v2\/posts"}],"about":[{"href":"https:\/\/www.tjes.jus.br\/corregedoria\/wp-json\/wp\/v2\/types\/post"}],"author":[{"embeddable":true,"href":"https:\/\/www.tjes.jus.br\/corregedoria\/wp-json\/wp\/v2\/users\/1"}],"replies":[{"embeddable":true,"href":"https:\/\/www.tjes.jus.br\/corregedoria\/wp-json\/wp\/v2\/comments?post=3488"}],"version-history":[{"count":4,"href":"https:\/\/www.tjes.jus.br\/corregedoria\/wp-json\/wp\/v2\/posts\/3488\/revisions"}],"predecessor-version":[{"id":12129,"href":"https:\/\/www.tjes.jus.br\/corregedoria\/wp-json\/wp\/v2\/posts\/3488\/revisions\/12129"}],"wp:attachment":[{"href":"https:\/\/www.tjes.jus.br\/corregedoria\/wp-json\/wp\/v2\/media?parent=3488"}],"wp:term":[{"taxonomy":"category","embeddable":true,"href":"https:\/\/www.tjes.jus.br\/corregedoria\/wp-json\/wp\/v2\/categories?post=3488"},{"taxonomy":"post_tag","embeddable":true,"href":"https:\/\/www.tjes.jus.br\/corregedoria\/wp-json\/wp\/v2\/tags?post=3488"}],"curies":[{"name":"wp","href":"https:\/\/api.w.org\/{rel}","templated":true}]}}