{"id":34959,"date":"2022-10-13T14:33:00","date_gmt":"2022-10-13T17:33:00","guid":{"rendered":"https:\/\/www.tjes.jus.br\/corregedoria\/?p=34959"},"modified":"2022-10-13T14:33:00","modified_gmt":"2022-10-13T17:33:00","slug":"oficio-circular-no-131-2022-disp-13-10-2022","status":"publish","type":"post","link":"https:\/\/www.tjes.jus.br\/corregedoria\/2022\/10\/13\/oficio-circular-no-131-2022-disp-13-10-2022\/","title":{"rendered":"OF\u00cdCIO CIRCULAR N\u00ba 131\/2022 \u2013 DISP. 13\/10\/2022"},"content":{"rendered":"<div class=\"override-text\">\n<p class=\"m_Tabela_Texto_Centralizado\" style=\"text-align: center;\"><strong>PODER JUDICI\u00c1RIO DO ESTADO DO ESP\u00cdRITO SANTO &#8211; PJES<\/strong><\/p>\n<p class=\"m_Tabela_Texto_Centralizado\" style=\"text-align: center;\"><strong>RUA DESEMBARGADOR HOMERO MAFRA,60 &#8211; Bairro ENSEADA DO SU\u00c1 &#8211; CEP 29050906 &#8211; Vit\u00f3ria &#8211; ES &#8211;\u00a0<a href=\"https:\/\/www.google.com\/url?q=https:\/\/www.tjes.jus.br&amp;source=gmail-html&amp;ust=1665596401683000&amp;usg=AOvVaw2NEFdAtNpDeAx_AcXYrSUr\" target=\"_blank\" rel=\"noopener noreferrer\">www.tjes.jus.br<\/a><br \/>\n<\/strong><\/p>\n<p style=\"text-align: center;\">\n<\/div>\n<p class=\"m_Texto_Centralizado_Maiusculas\" style=\"text-align: center;\">OF\u00cdCIO-CIRCULAR N\u00ba 131\/2022 &#8211; SECAO DE MONITORAMENTO DE FORO EXTRAJUDICIAL<\/p>\n<p>&nbsp;<\/p>\n<p class=\"m_Texto_Alinhado_Direita\">Vit\u00f3ria, 07 de outubro de 2022.<\/p>\n<p>&nbsp;<\/p>\n<p class=\"m_Texto_Justificado\">De ordem do\u00a0Exmo. Sr. Desembargador Corregedor-Geral da Justi\u00e7a do Estado do Esp\u00edrito Santo, no uso de suas atribui\u00e7\u00f5es legais e,<\/p>\n<p>&nbsp;<\/p>\n<p class=\"m_Texto_Justificado\"><strong>CONSIDERANDO<\/strong>\u00a0que a Corregedoria Geral da Justi\u00e7a \u00e9 \u00f3rg\u00e3o de fiscaliza\u00e7\u00e3o, disciplina e orienta\u00e7\u00e3o administrativa, com circunscri\u00e7\u00e3o em todo o Estado, conforme art. 35 da Lei Complementar Estadual n\u00ba 234\/2002 (COJES);<\/p>\n<p>&nbsp;<\/p>\n<p class=\"m_Texto_Justificado\"><strong>CONSIDERANDO<\/strong>\u00a0o previsto no Art. 1\u00ba do Provimento n\u00ba 052\/2021, disponibilizado no Di\u00e1rio Eletr\u00f4nico da Justi\u00e7a do dia 07 de maio de 2021;<\/p>\n<p>&nbsp;<\/p>\n<p class=\"m_Texto_Justificado\">\n<strong>CONSIDERANDO<\/strong>\u00a0o recebimento do e-mail, referente ao PP n.\u00ba 0002359- 91.2022.2.00.0804\u00a0enviado pela Corregedoria-Geral da Justi\u00e7a do Estado do Amazonas;<\/p>\n<p>&nbsp;<\/p>\n<p class=\"m_Texto_Justificado\">\n<strong>CONSIDERANDO<\/strong>\u00a0que a referida trata-se de comunica\u00e7\u00e3o de documento fraudulento pelo 7\u00ba Tabelionato de Notas da Comarca de Manaus-AM. Em relat\u00f3rio de ID n.\u00ba 1966475, consta que a Tabeli\u00e3 Juliana de S\u00e1 Fioretti do Cart\u00f3rio do 7.\u00ba TABELIONATO DE NOTAS DA COMARCA DA CAPITAL comunica que foi identificado uma ficha de assinatura realizada com documento de identidade falso em nome de Sergio Fontes de Souza, conforme documentos anexados.<\/p>\n<p>&nbsp;<\/p>\n<p class=\"m_Texto_Justificado\">\n<strong>CONSIDERANDO<\/strong>\u00a0que a referida Serventia j\u00e1 procedeu o registro da ocorr\u00eancia junto a Policia Civil do Estado do Amazonas, conforme Boletim de Ocorr\u00eancia em anexo.<\/p>\n<p>&nbsp;<\/p>\n<p class=\"m_Texto_Justificado\">\n<strong>RECOMENDO<\/strong>\u00a0aos Ju\u00edzes de Direito Diretores dos F\u00f3runs, Membros do Minist\u00e9rio P\u00fablico, Advogados, Not\u00e1rios e Registradores, Serventu\u00e1rios e a quem mais possa\u00a0interessar, que observem o comunicado em anexo, e adotem as provid\u00eancias que entenderem pertinentes.<\/p>\n<p>&nbsp;<\/p>\n<p class=\"m_Texto_Justificado\">\n<strong>Publique-se. Cumpra-se.<\/strong><\/p>\n<p>&nbsp;<\/p>\n<p class=\"m_Tabela_Texto_Centralizado\" style=\"text-align: center;\"><strong>MAGALI BARBOSA DE OLIVEIRA<\/strong><\/p>\n<p class=\"m_Tabela_Texto_Centralizado\" style=\"text-align: center;\"><strong>Coordenadora\u00a0de Monitoramento do Foro Judicial e Extrajudicial<\/strong><\/p>\n<p style=\"text-align: center;\">\n<p style=\"text-align: center;\"><a href=\"https:\/\/sistemas.tjes.jus.br\/ediario\/images\/Peticao_Inicial_1334102_Oficio_Circular_n.__73_2022_STEXP_CGJ_AM.pdf\">ANEXO &#8211; CLIQUE AQUI<\/a><\/p>\n","protected":false},"excerpt":{"rendered":"<p>PODER JUDICI\u00c1RIO DO ESTADO DO ESP\u00cdRITO SANTO &#8211; PJES RUA DESEMBARGADOR HOMERO MAFRA,60 &#8211; Bairro ENSEADA DO SU\u00c1 &#8211; CEP 29050906 &#8211; Vit\u00f3ria &#8211; ES &#8211;\u00a0www.tjes.jus.br OF\u00cdCIO-CIRCULAR N\u00ba 131\/2022 &#8211; SECAO DE MONITORAMENTO DE FORO EXTRAJUDICIAL &nbsp; Vit\u00f3ria, 07 de outubro de 2022. &nbsp; De ordem do\u00a0Exmo. Sr. Desembargador Corregedor-Geral da Justi\u00e7a do Estado do [&hellip;]<\/p>\n","protected":false},"author":16,"featured_media":0,"comment_status":"closed","ping_status":"closed","sticky":false,"template":"","format":"standard","meta":{"footnotes":""},"categories":[14,5],"tags":[],"_links":{"self":[{"href":"https:\/\/www.tjes.jus.br\/corregedoria\/wp-json\/wp\/v2\/posts\/34959"}],"collection":[{"href":"https:\/\/www.tjes.jus.br\/corregedoria\/wp-json\/wp\/v2\/posts"}],"about":[{"href":"https:\/\/www.tjes.jus.br\/corregedoria\/wp-json\/wp\/v2\/types\/post"}],"author":[{"embeddable":true,"href":"https:\/\/www.tjes.jus.br\/corregedoria\/wp-json\/wp\/v2\/users\/16"}],"replies":[{"embeddable":true,"href":"https:\/\/www.tjes.jus.br\/corregedoria\/wp-json\/wp\/v2\/comments?post=34959"}],"version-history":[{"count":1,"href":"https:\/\/www.tjes.jus.br\/corregedoria\/wp-json\/wp\/v2\/posts\/34959\/revisions"}],"predecessor-version":[{"id":34960,"href":"https:\/\/www.tjes.jus.br\/corregedoria\/wp-json\/wp\/v2\/posts\/34959\/revisions\/34960"}],"wp:attachment":[{"href":"https:\/\/www.tjes.jus.br\/corregedoria\/wp-json\/wp\/v2\/media?parent=34959"}],"wp:term":[{"taxonomy":"category","embeddable":true,"href":"https:\/\/www.tjes.jus.br\/corregedoria\/wp-json\/wp\/v2\/categories?post=34959"},{"taxonomy":"post_tag","embeddable":true,"href":"https:\/\/www.tjes.jus.br\/corregedoria\/wp-json\/wp\/v2\/tags?post=34959"}],"curies":[{"name":"wp","href":"https:\/\/api.w.org\/{rel}","templated":true}]}}