{"id":34993,"date":"2022-10-20T14:16:09","date_gmt":"2022-10-20T17:16:09","guid":{"rendered":"https:\/\/www.tjes.jus.br\/corregedoria\/?p=34993"},"modified":"2022-10-20T14:16:57","modified_gmt":"2022-10-20T17:16:57","slug":"ato-normativo-no-181-2022-disp-17-10-2022","status":"publish","type":"post","link":"https:\/\/www.tjes.jus.br\/corregedoria\/2022\/10\/20\/ato-normativo-no-181-2022-disp-17-10-2022\/","title":{"rendered":"ATO NORMATIVO N\u00ba 181\/ 2022 \u2013 DISP. 20\/10\/2022"},"content":{"rendered":"<p style=\"text-align: center;\">PODER JUDICI\u00c1RIO DO ESTADO DO ESP\u00cdRITO SANTO &#8211; PJES<\/p>\n<p style=\"text-align: center;\">RUA DESEMBARGADOR HOMERO MAFRA,60 &#8211; Bairro ENSEADA DO SU\u00c1 &#8211; CEP 29050906 &#8211; Vit\u00f3ria &#8211; ES &#8211;\u00a0<a href=\"https:\/\/www.tjes.jus.br\/\">www.tjes.jus.br<\/a><\/p>\n<p style=\"text-align: center;\"><strong>ATO NORMATIVO N\u00ba 181\/2022<\/strong><\/p>\n<p>&nbsp;<\/p>\n<p>&nbsp;<\/p>\n<p>O\u00a0Presidente do Tribunal de Justi\u00e7a do Estado do Esp\u00edrito Santo, no uso de suas atribui\u00e7\u00f5es legais e regimentais,<\/p>\n<p>&nbsp;<\/p>\n<p>&nbsp;<\/p>\n<p>CONSIDERANDO o teor do Processo SEI n\u00ba 7000015-20.2022.8.08.0052, iniciado por of\u00edcio encaminhado\u00a0pelo Magistrado Diretor do Foro da comarca de Rio Bananal\/ES.<\/p>\n<p>&nbsp;<\/p>\n<p>&nbsp;<\/p>\n<p>CONSIDERANDO\u00a0 a indisponibilidade dos sistema judiciais que inviabilizou\u00a0o regular funcionamento\u00a0das atividades forenses e o atendimento aos advogados e jurisdicionados.<\/p>\n<p>&nbsp;<\/p>\n<p>&nbsp;<\/p>\n<p>RESOLVE:<\/p>\n<p>&nbsp;<\/p>\n<p>&nbsp;<\/p>\n<p><strong>SUSPENDER<\/strong>\u00a0os prazos processuais da comarca de Rio Bananal no dia 14\/10\/2022.<\/p>\n<p>&nbsp;<\/p>\n<p>&nbsp;<\/p>\n<p>Publique-se.<\/p>\n<p>&nbsp;<\/p>\n<p>&nbsp;<\/p>\n<p>Vit\u00f3ria\/ES, 19 de outubro de 2022<\/p>\n<p>&nbsp;<\/p>\n<p>.<\/p>\n<p style=\"text-align: center;\"><strong>Desembargador Fabio\u00a0Clem\u00a0de\u00a0Oliveira<br \/>\nPresidente<\/strong><\/p>\n","protected":false},"excerpt":{"rendered":"<p>PODER JUDICI\u00c1RIO DO ESTADO DO ESP\u00cdRITO SANTO &#8211; PJES RUA DESEMBARGADOR HOMERO MAFRA,60 &#8211; Bairro ENSEADA DO SU\u00c1 &#8211; CEP 29050906 &#8211; Vit\u00f3ria &#8211; ES &#8211;\u00a0www.tjes.jus.br ATO NORMATIVO N\u00ba 181\/2022 &nbsp; &nbsp; O\u00a0Presidente do Tribunal de Justi\u00e7a do Estado do Esp\u00edrito Santo, no uso de suas atribui\u00e7\u00f5es legais e regimentais, &nbsp; &nbsp; CONSIDERANDO o teor [&hellip;]<\/p>\n","protected":false},"author":16,"featured_media":0,"comment_status":"closed","ping_status":"closed","sticky":false,"template":"","format":"standard","meta":{"footnotes":""},"categories":[4,14],"tags":[],"_links":{"self":[{"href":"https:\/\/www.tjes.jus.br\/corregedoria\/wp-json\/wp\/v2\/posts\/34993"}],"collection":[{"href":"https:\/\/www.tjes.jus.br\/corregedoria\/wp-json\/wp\/v2\/posts"}],"about":[{"href":"https:\/\/www.tjes.jus.br\/corregedoria\/wp-json\/wp\/v2\/types\/post"}],"author":[{"embeddable":true,"href":"https:\/\/www.tjes.jus.br\/corregedoria\/wp-json\/wp\/v2\/users\/16"}],"replies":[{"embeddable":true,"href":"https:\/\/www.tjes.jus.br\/corregedoria\/wp-json\/wp\/v2\/comments?post=34993"}],"version-history":[{"count":2,"href":"https:\/\/www.tjes.jus.br\/corregedoria\/wp-json\/wp\/v2\/posts\/34993\/revisions"}],"predecessor-version":[{"id":34998,"href":"https:\/\/www.tjes.jus.br\/corregedoria\/wp-json\/wp\/v2\/posts\/34993\/revisions\/34998"}],"wp:attachment":[{"href":"https:\/\/www.tjes.jus.br\/corregedoria\/wp-json\/wp\/v2\/media?parent=34993"}],"wp:term":[{"taxonomy":"category","embeddable":true,"href":"https:\/\/www.tjes.jus.br\/corregedoria\/wp-json\/wp\/v2\/categories?post=34993"},{"taxonomy":"post_tag","embeddable":true,"href":"https:\/\/www.tjes.jus.br\/corregedoria\/wp-json\/wp\/v2\/tags?post=34993"}],"curies":[{"name":"wp","href":"https:\/\/api.w.org\/{rel}","templated":true}]}}