{"id":34994,"date":"2022-10-20T14:16:05","date_gmt":"2022-10-20T17:16:05","guid":{"rendered":"https:\/\/www.tjes.jus.br\/corregedoria\/?p=34994"},"modified":"2022-10-20T14:16:53","modified_gmt":"2022-10-20T17:16:53","slug":"ato-normativo-no-180-2022-disp-17-10-2022","status":"publish","type":"post","link":"https:\/\/www.tjes.jus.br\/corregedoria\/2022\/10\/20\/ato-normativo-no-180-2022-disp-17-10-2022\/","title":{"rendered":"ATO NORMATIVO N\u00ba 180\/ 2022 \u2013 DISP. 20\/10\/2022"},"content":{"rendered":"<p style=\"text-align: center;\">PODER JUDICI\u00c1RIO DO ESTADO DO ESP\u00cdRITO SANTO &#8211; PJES<\/p>\n<p style=\"text-align: center;\">RUA DESEMBARGADOR HOMERO MAFRA,60 &#8211; Bairro ENSEADA DO SU\u00c1 &#8211; CEP 29050906 &#8211; Vit\u00f3ria &#8211; ES &#8211;\u00a0<a href=\"https:\/\/www.google.com\/url?q=https:\/\/www.tjes.jus.br&amp;source=gmail-html&amp;ust=1666283559155000&amp;usg=AOvVaw2bfSrE-6lTmMF-DjK9xU1Q\">www.tjes.jus.br<\/a><\/p>\n<p style=\"text-align: center;\"><strong>ATO NORMATIVO N\u00ba 180\/2022<\/strong><\/p>\n<p style=\"text-align: center;\">ESTADO DO ESP\u00cdRITO SANTO<\/p>\n<p style=\"text-align: center;\">PODER JUDICI\u00c1RIO<\/p>\n<p style=\"text-align: center;\">TRIBUNAL DE JUSTI\u00c7A<\/p>\n<p>&nbsp;<\/p>\n<p>&nbsp;<\/p>\n<p>Instituir e convocar Equipe de Trabalho para atuar na Pauta Concentrada de\u00a0Media\u00e7\u00e3o\u00a0Judicial para forma\u00e7\u00e3o de Mediadores Judiciais, que ser\u00e1 realizada\u00a0no 12\u00ba CEJUSC Vit\u00f3ria, no per\u00edodo de 24 \u00e0 27 de outubro de 2022.<\/p>\n<p>&nbsp;<\/p>\n<p>&nbsp;<\/p>\n<p>O\u00a0Desembargador\u00a0Presidente do Tribunal de Justi\u00e7a do Estado do Esp\u00edrito Santo, no uso de suas atribui\u00e7\u00f5es legais e,<\/p>\n<p>&nbsp;<\/p>\n<p>&nbsp;<\/p>\n<p>CONSIDERANDO\u00a0o disposto no artigo 58 da Resolu\u00e7\u00e3o n\u00ba 15\/1995 (Regimento Interno do Tribunal de Justi\u00e7a do Estado do Esp\u00edrito Santo), que atribui ao Presidente compet\u00eancia geral para exercer a superintend\u00eancia de todo o servi\u00e7o judici\u00e1rio, na qualidade de Chefe da Magistratura do Estado;<\/p>\n<p>&nbsp;<\/p>\n<p>&nbsp;<\/p>\n<p>CONSIDERANDO\u00a0a vig\u00eancia do C\u00f3digo de Processo Civil (Lei 13.105\/2015), bem como da Lei de Media\u00e7\u00e3o (Lei 13.140\/2015),\u00a0da Resolu\u00e7\u00e3o 125\/2010\u00a0do Conselho Nacional de Justi\u00e7a \u2013 CNJ e da <a href=\"https:\/\/www.tjes.jus.br\/corregedoria\/2021\/03\/19\/resolucao-no-001-2020-disp-17-03-2021\/\">Resolu\u00e7\u00e3o TJES n. 01\/2021<\/a>;<\/p>\n<p>&nbsp;<\/p>\n<p>&nbsp;<\/p>\n<p>CONSIDERANDO,\u00a0o <a href=\"https:\/\/www.tjes.jus.br\/corregedoria\/2018\/09\/13\/ato-normativo-no-154-2018-disp-13-09-2018\/\">Ato Normativo 154\/2018<\/a>, que autorizou a instala\u00e7\u00e3o do 12\u00ba Centro Judici\u00e1rio de Solu\u00e7\u00e3o de Conflitos e Cidadania, 12\u00ba CEJUSC &#8211; Vit\u00f3ria.<\/p>\n<p>&nbsp;<\/p>\n<p>&nbsp;<\/p>\n<p>RESOLVE:<\/p>\n<p>&nbsp;<\/p>\n<p>&nbsp;<\/p>\n<p>Art. 1\u00ba.\u00a0Instituir e convocar Equipe de Trabalho para atuar na Pauta Concentrada de\u00a0Media\u00e7\u00e3o\u00a0Judicial para forma\u00e7\u00e3o de Mediadores Judiciais, que ser\u00e1 realizada no 12\u00ba Centro Judici\u00e1rio de Solu\u00e7\u00e3o de Conflitos e Cidadania, 12\u00b0 CEJUSC Vit\u00f3ria, no per\u00edodo de 24 a\u00a027 de outubro de 2022, no hor\u00e1rio das 08h \u00e0s 12h, conforme listagem abaixo:<\/p>\n<p>&nbsp;<\/p>\n<p>&nbsp;<\/p>\n<table>\n<tbody>\n<tr>\n<td>ALLINDE BERGER DE OLIVEIRA<\/td>\n<td>INSTRUTORA DE MEDIA\u00c7\u00c3O JUDICIAL EM FORMA\u00c7\u00c3O<\/td>\n<td>210566-76<\/td>\n<\/tr>\n<tr>\n<td>JAKLANE DE SOUZA ALMEIDA<\/td>\n<td>INSTRUTORA DE MEDIA\u00c7\u00c3O JUDICIAL<\/td>\n<td>208144-79<\/td>\n<\/tr>\n<tr>\n<td>LUCIANA DE CAMPOS PEDROSA MART\u00cdNEZ<\/td>\n<td>MEDIADORA JUDICIAL<\/td>\n<td>207937-66<\/td>\n<\/tr>\n<tr>\n<td>LUZIA DE CASSIA MUNHOZ SALIBA<\/td>\n<td>INSTRUTORA DE MEDIA\u00c7\u00c3O JUDICIAL EM FORMA\u00c7\u00c3O<\/td>\n<td>200643-47<\/td>\n<\/tr>\n<\/tbody>\n<\/table>\n<p>&nbsp;<\/p>\n<p>&nbsp;<\/p>\n<p>Par\u00e1grafo \u00danico.\u00a0O Servidor informar\u00e1 ao 12\u00ba CEJUSC os dias e hor\u00e1rios de atua\u00e7\u00e3o, mediante deferimento de sua chefia imediata.<\/p>\n<p>&nbsp;<\/p>\n<p>&nbsp;<\/p>\n<p>Art. 2\u00ba.\u00a0O Grupo de Trabalho dever\u00e1 cumprir o C\u00f3digo de \u00c9tica dos Mediadores Judiciais, estabelecido pela Resolu\u00e7\u00e3o 125\/2010, do Conselho Nacional de Justi\u00e7a.<\/p>\n<p>&nbsp;<\/p>\n<p>&nbsp;<\/p>\n<p>Par\u00e1grafo \u00danico.\u00a0O Servidor informar\u00e1 ao 12\u00ba CEJUSC os dias e hor\u00e1rios de atua\u00e7\u00e3o, mediante deferimento de sua chefia imediata.<\/p>\n<p>&nbsp;<\/p>\n<p>&nbsp;<\/p>\n<p>Art.\u00a03\u00ba.\u00a0O 12\u00ba CEJUSC encaminhar\u00e1 ao N\u00facleo Permanente de M\u00e9todos Consensuais de Solu\u00e7\u00e3o de Conflitos \u2013 NUPEMEC, at\u00e9 o quinto dia \u00fatil de cada m\u00eas, informa\u00e7\u00f5es com rela\u00e7\u00e3o \u00e0s horas trabalhadas\u00a0al\u00e9m do expediente normal, para anota\u00e7\u00e3o em ficha funcional, para fins de compensa\u00e7\u00e3o e gozo oportuno, mediante autoriza\u00e7\u00e3o da chefia imediata e sem preju\u00edzo do servi\u00e7o. O NUPEMEC encaminhar\u00e1 as informa\u00e7\u00f5es \u00e0 Secretaria de Gest\u00e3o de Pessoas, no prazo de 10 (dez) dias, para as devidas anota\u00e7\u00f5es.<\/p>\n<p>&nbsp;<\/p>\n<p>&nbsp;<\/p>\n<p>Art. 4\u00ba.\u00a0O servidor atuante dever\u00e1 enviar mensalmente uma declara\u00e7\u00e3o atestando o dia e hor\u00e1rio do contraturno que efetivamente trabalhou em sua respectiva Unidade Judici\u00e1ria de Origem.<\/p>\n<p>&nbsp;<\/p>\n<p>&nbsp;<\/p>\n<p>Art.\u00a05\u00ba.\u00a0Os servidores efetivos constantes desta Equipe de Trabalho ter\u00e3o reconhecido, para fins de promo\u00e7\u00e3o na carreira, a pontua\u00e7\u00e3o equivalente \u00e0 participa\u00e7\u00e3o em Equipe Especial de Trabalho, conforme disposto no Ato Normativo 2.773\/2012.<\/p>\n<p>&nbsp;<\/p>\n<p>&nbsp;<\/p>\n<p>Art.\u00a06\u00ba.<strong>\u00a0<\/strong>Este Ato Normativo entra em vigor na data de sua publica\u00e7\u00e3o.<\/p>\n<p>&nbsp;<\/p>\n<p>&nbsp;<\/p>\n<p>Publique-se.<\/p>\n<p>&nbsp;<\/p>\n<p>Vit\u00f3ria\/ES, 19 de outubro de 2022.<\/p>\n<p>&nbsp;<\/p>\n<p style=\"text-align: center;\"><strong>Desembargador Fabio Clem de Oliveira<\/strong><\/p>\n<p style=\"text-align: center;\"><strong>Presidente\u00a0<\/strong><\/p>\n","protected":false},"excerpt":{"rendered":"<p>PODER JUDICI\u00c1RIO DO ESTADO DO ESP\u00cdRITO SANTO &#8211; PJES RUA DESEMBARGADOR HOMERO MAFRA,60 &#8211; Bairro ENSEADA DO SU\u00c1 &#8211; CEP 29050906 &#8211; Vit\u00f3ria &#8211; ES &#8211;\u00a0www.tjes.jus.br ATO NORMATIVO N\u00ba 180\/2022 ESTADO DO ESP\u00cdRITO SANTO PODER JUDICI\u00c1RIO TRIBUNAL DE JUSTI\u00c7A &nbsp; &nbsp; Instituir e convocar Equipe de Trabalho para atuar na Pauta Concentrada de\u00a0Media\u00e7\u00e3o\u00a0Judicial para forma\u00e7\u00e3o [&hellip;]<\/p>\n","protected":false},"author":16,"featured_media":0,"comment_status":"closed","ping_status":"closed","sticky":false,"template":"","format":"standard","meta":{"footnotes":""},"categories":[4,14],"tags":[],"_links":{"self":[{"href":"https:\/\/www.tjes.jus.br\/corregedoria\/wp-json\/wp\/v2\/posts\/34994"}],"collection":[{"href":"https:\/\/www.tjes.jus.br\/corregedoria\/wp-json\/wp\/v2\/posts"}],"about":[{"href":"https:\/\/www.tjes.jus.br\/corregedoria\/wp-json\/wp\/v2\/types\/post"}],"author":[{"embeddable":true,"href":"https:\/\/www.tjes.jus.br\/corregedoria\/wp-json\/wp\/v2\/users\/16"}],"replies":[{"embeddable":true,"href":"https:\/\/www.tjes.jus.br\/corregedoria\/wp-json\/wp\/v2\/comments?post=34994"}],"version-history":[{"count":2,"href":"https:\/\/www.tjes.jus.br\/corregedoria\/wp-json\/wp\/v2\/posts\/34994\/revisions"}],"predecessor-version":[{"id":34997,"href":"https:\/\/www.tjes.jus.br\/corregedoria\/wp-json\/wp\/v2\/posts\/34994\/revisions\/34997"}],"wp:attachment":[{"href":"https:\/\/www.tjes.jus.br\/corregedoria\/wp-json\/wp\/v2\/media?parent=34994"}],"wp:term":[{"taxonomy":"category","embeddable":true,"href":"https:\/\/www.tjes.jus.br\/corregedoria\/wp-json\/wp\/v2\/categories?post=34994"},{"taxonomy":"post_tag","embeddable":true,"href":"https:\/\/www.tjes.jus.br\/corregedoria\/wp-json\/wp\/v2\/tags?post=34994"}],"curies":[{"name":"wp","href":"https:\/\/api.w.org\/{rel}","templated":true}]}}