{"id":35044,"date":"2022-10-26T14:47:36","date_gmt":"2022-10-26T17:47:36","guid":{"rendered":"https:\/\/www.tjes.jus.br\/corregedoria\/?p=35044"},"modified":"2022-10-26T14:47:36","modified_gmt":"2022-10-26T17:47:36","slug":"ato-normativo-no-188-2022-disp-26-10-2022","status":"publish","type":"post","link":"https:\/\/www.tjes.jus.br\/corregedoria\/2022\/10\/26\/ato-normativo-no-188-2022-disp-26-10-2022\/","title":{"rendered":"ATO NORMATIVO N\u00ba 188\/ 2022 \u2013 DISP. 26\/10\/2022"},"content":{"rendered":"<p style=\"text-align: center;\" align=\"center\">PODER JUDICI\u00c1RIO DO ESTADO DO ESP\u00cdRITO SANTO &#8211; PJES<\/p>\n<p style=\"text-align: center;\" align=\"center\">RUA DESEMBARGADOR HOMERO MAFRA,60 &#8211; Bairro ENSEADA DO SU\u00c1 &#8211; CEP 29050906 &#8211; Vit\u00f3ria &#8211; ES &#8211; www.tjes.jus.br<\/p>\n<p style=\"text-align: center;\">\n<p class=\"textocentralizadomaiusculas\" style=\"text-align: center;\"><strong>Ato N\u00ba 188, DE 24 DE outubro DE 2022.<\/strong><\/p>\n<p class=\"tabelatextocentralizado\">\n<p><strong>Altera a composi\u00e7\u00e3o do Grupo de Trabalho de Magistrados do 2\u00ba Centro Judici\u00e1rio de Solu\u00e7\u00e3o de Conflitos e Cidadania &#8211; 2\u00ba CEJUSC.<\/strong><\/p>\n<p>&nbsp;<\/p>\n<p>O Presidente do Tribunal de Justi\u00e7a do Estado do Esp\u00edrito Santo, no uso de suas atribui\u00e7\u00f5es legais e regimentais,<\/p>\n<p>&nbsp;<\/p>\n<p>CONSIDERANDO o disposto no artigo 58 da Resolu\u00e7\u00e3o n\u00ba 15\/95 (Regimento Interno do Tribunal de Justi\u00e7a do Estado do Esp\u00edrito Santo), que atribui ao Presidente compet\u00eancia geral para exercer a superintend\u00eancia de todo o servi\u00e7o judici\u00e1rio, na qualidade de Chefe da Magistratura do Estado;<\/p>\n<p>&nbsp;<\/p>\n<p>CONSIDERANDO que compete ao Presidente do Tribunal de Justi\u00e7a implantar pol\u00edticas de gest\u00e3o do Poder Judici\u00e1rio, de forma a alcan\u00e7ar a efetiva\u00e7\u00e3o do princ\u00edpio da efici\u00eancia e a excel\u00eancia da presta\u00e7\u00e3o jurisdicional;<\/p>\n<p>&nbsp;<\/p>\n<p>CONSIDERANDO o disposto no C\u00f3digo de Processo Civil (Lei 13.105\/2015), na Lei da Media\u00e7\u00e3o (Lei 13.140\/2015) e na Resolu\u00e7\u00e3o 125\/2010, do Conselho Nacional de Justi\u00e7a \u2013 CNJ, que instituiu a Pol\u00edtica de Tratamento Adequado de Resolu\u00e7\u00e3o de Conflitos;<\/p>\n<p>&nbsp;<\/p>\n<p>CONSIDERANDO o <a href=\"https:\/\/www.tjes.jus.br\/corregedoria\/2016\/06\/01\/ato-normativo-n-0302016\/\">Ato Normativo n\u00ba 030\/2016<\/a>, publicado no Di\u00e1rio da Justi\u00e7a de 03\/03\/16, que autorizou a instala\u00e7\u00e3o do 2\u00ba Centro Judici\u00e1rio de Solu\u00e7\u00e3o de Conflitos e Cidadania \u2013 CEJUSC, na Comarca de Colatina e o <a href=\"https:\/\/www.tjes.jus.br\/corregedoria\/2016\/11\/04\/ato-normativo-no-1232016-disp-em-04112016\/\">Ato Normativo n\u00ba 123\/2016<\/a> (Alterado pelos <a href=\"https:\/\/www.tjes.jus.br\/corregedoria\/2018\/04\/19\/ato-normativo-no-080-2018-disp-19-04-2018\/\">Atos Normativos 080\/2018<\/a>, 046\/2020 e <a href=\"https:\/\/www.tjes.jus.br\/corregedoria\/2021\/04\/07\/ato-normativo-conjunto-no-005-2021-disp-07-04-2021\/\">005\/2021<\/a>, que institu\u00edram\u00a0o grupo de trabalho).<\/p>\n<p>&nbsp;<\/p>\n<p>RESOLVE:<\/p>\n<p>&nbsp;<\/p>\n<p>Art. 1\u00ba. Alterar o artigo 2\u00ba do <a href=\"https:\/\/www.tjes.jus.br\/corregedoria\/2016\/06\/01\/ato-normativo-n-0302016\/\">Ato Normativo 030\/2016<\/a>, para que passe a vigorar com o seguinte texto:<\/p>\n<p>O Grupo de Trabalho do ser\u00e1 composto pelos Magistrados abaixo designados, sem preju\u00edzo do exerc\u00edcio das fun\u00e7\u00f5es em suas respectivas Unidades Judici\u00e1rias:<\/p>\n<p>I &#8211; Exm\u00aa. Sr\u00aa. Desembargadora JANETE VARGAS SIM\u00d5ES<\/p>\n<p>II &#8211; Exm\u00ba. Sr. Juiz de Direito SALOM\u00c3O AKHNATON ZOROASTRO SPENCER<\/p>\n<p>III &#8211; Exm\u00ba. Sr. Juiz de Direito GUSTAVO HENRIQUE PROC\u00d3PIO DA SILVA<\/p>\n<p>IV &#8211; Exm\u00ba. Sr. Juiz de Direito BRUNO SILVEIRA DE OLIVEIRA<\/p>\n<p>V- Exm.\u00aa Sr\u00aa Ju\u00edza de Direito PAULA MOSCON<\/p>\n<p>&nbsp;<\/p>\n<p>Art. 2\u00ba. Este Ato Normativo entra em vigor na data de sua publica\u00e7\u00e3o. Revogam-se as disposi\u00e7\u00f5es em contr\u00e1rio.<\/p>\n<p>&nbsp;<\/p>\n<p>Publique-se.<\/p>\n<p>Vit\u00f3ria\/ES.<\/p>\n<p>&nbsp;<\/p>\n<p class=\"tabelatextocentralizado\" style=\"text-align: center;\"><strong>Desembargador Fabio Clem de Oliveira<\/strong><\/p>\n<p class=\"tabelatextocentralizado\" style=\"text-align: center;\"><strong>Presidente<\/strong><\/p>\n","protected":false},"excerpt":{"rendered":"<p>PODER JUDICI\u00c1RIO DO ESTADO DO ESP\u00cdRITO SANTO &#8211; PJES RUA DESEMBARGADOR HOMERO MAFRA,60 &#8211; Bairro ENSEADA DO SU\u00c1 &#8211; CEP 29050906 &#8211; Vit\u00f3ria &#8211; ES &#8211; www.tjes.jus.br Ato N\u00ba 188, DE 24 DE outubro DE 2022. Altera a composi\u00e7\u00e3o do Grupo de Trabalho de Magistrados do 2\u00ba Centro Judici\u00e1rio de Solu\u00e7\u00e3o de Conflitos e Cidadania [&hellip;]<\/p>\n","protected":false},"author":16,"featured_media":0,"comment_status":"closed","ping_status":"closed","sticky":false,"template":"","format":"standard","meta":{"footnotes":""},"categories":[4,14],"tags":[],"_links":{"self":[{"href":"https:\/\/www.tjes.jus.br\/corregedoria\/wp-json\/wp\/v2\/posts\/35044"}],"collection":[{"href":"https:\/\/www.tjes.jus.br\/corregedoria\/wp-json\/wp\/v2\/posts"}],"about":[{"href":"https:\/\/www.tjes.jus.br\/corregedoria\/wp-json\/wp\/v2\/types\/post"}],"author":[{"embeddable":true,"href":"https:\/\/www.tjes.jus.br\/corregedoria\/wp-json\/wp\/v2\/users\/16"}],"replies":[{"embeddable":true,"href":"https:\/\/www.tjes.jus.br\/corregedoria\/wp-json\/wp\/v2\/comments?post=35044"}],"version-history":[{"count":1,"href":"https:\/\/www.tjes.jus.br\/corregedoria\/wp-json\/wp\/v2\/posts\/35044\/revisions"}],"predecessor-version":[{"id":35054,"href":"https:\/\/www.tjes.jus.br\/corregedoria\/wp-json\/wp\/v2\/posts\/35044\/revisions\/35054"}],"wp:attachment":[{"href":"https:\/\/www.tjes.jus.br\/corregedoria\/wp-json\/wp\/v2\/media?parent=35044"}],"wp:term":[{"taxonomy":"category","embeddable":true,"href":"https:\/\/www.tjes.jus.br\/corregedoria\/wp-json\/wp\/v2\/categories?post=35044"},{"taxonomy":"post_tag","embeddable":true,"href":"https:\/\/www.tjes.jus.br\/corregedoria\/wp-json\/wp\/v2\/tags?post=35044"}],"curies":[{"name":"wp","href":"https:\/\/api.w.org\/{rel}","templated":true}]}}