{"id":35090,"date":"2022-10-27T13:53:47","date_gmt":"2022-10-27T16:53:47","guid":{"rendered":"https:\/\/www.tjes.jus.br\/corregedoria\/?p=35090"},"modified":"2022-10-27T13:53:47","modified_gmt":"2022-10-27T16:53:47","slug":"ato-normativo-no-198-2022-disp-27-10-2022","status":"publish","type":"post","link":"https:\/\/www.tjes.jus.br\/corregedoria\/2022\/10\/27\/ato-normativo-no-198-2022-disp-27-10-2022\/","title":{"rendered":"ATO NORMATIVO N\u00ba 198\/ 2022 \u2013 DISP. 27\/10\/2022"},"content":{"rendered":"<p align=\"center\">PODER JUDICI\u00c1RIO DO ESTADO DO ESP\u00cdRITO SANTO &#8211; PJES<\/p>\n<p align=\"center\">RUA DESEMBARGADOR HOMERO MAFRA,60 &#8211; Bairro ENSEADA DO SU\u00c1 &#8211; CEP 29050906 &#8211; Vit\u00f3ria &#8211; ES &#8211; www.tjes.jus.br<\/p>\n<p>&nbsp;<\/p>\n<p align=\"center\">\n<p align=\"center\"><strong>ATO NORMATIVO N\u00ba\u00a0<\/strong><strong>198<\/strong><strong>\/2022<\/strong><\/p>\n<p>&nbsp;<\/p>\n<p>&nbsp;<\/p>\n<p align=\"justify\">O Presidente do\u00a0Tribunal de Justi\u00e7a do Estado do Esp\u00edrito Santo, no uso de suas atribui\u00e7\u00f5es legais e regimentais,<\/p>\n<p>&nbsp;<\/p>\n<p align=\"justify\">Considerando o teor do\u00a0Processo\u00a0SEI n\u00ba 7000033-23.2022.8.08.0058, encaminhado pelo Magistrado Diretor do Foro da comarca de Ibitirama, informando os estragos causados no F\u00f3rum da unidade jurisdicional pelas fortes chuvas ocorridas na regi\u00e3o.<\/p>\n<p>&nbsp;<\/p>\n<p align=\"justify\"><strong>RESOLVE:<\/strong><\/p>\n<p>&nbsp;<\/p>\n<p align=\"justify\">Art. 1\u00ba &#8211; Suspender\u00a0o atendimento no dia 26\/10\/2022 e dos prazos processuais nos dias 25 e 26\/10\/2022 da comarca de Ibitirama, ressalvada a aprecia\u00e7\u00e3o das medidas urgentes previstas na Resolu\u00e7\u00e3o TJES n\u00ba 029\/2010.<\/p>\n<p>&nbsp;<\/p>\n<p align=\"justify\">Art. 2\u00ba &#8211; O atendimento das demandas urgentes do artigo anterior, ser\u00e3o realizadas pela 1\u00aa Vara da Comarca de I\u00fana (art. 3\u00ba, XXXIV da Resolu\u00e7\u00e3o TJES n\u00ba. 22\/2018).<\/p>\n<p>&nbsp;<\/p>\n<p align=\"justify\">Publique-se.<\/p>\n<p>&nbsp;<\/p>\n<p align=\"justify\">Vit\u00f3ria\/ES, 26 de outubro de 2022.<\/p>\n<p>&nbsp;<\/p>\n<p align=\"center\"><strong>Desembargador Fabio\u00a0Clem\u00a0de\u00a0Oliveira<\/strong><\/p>\n<p align=\"center\"><strong>Presidente<\/strong><\/p>\n","protected":false},"excerpt":{"rendered":"<p>PODER JUDICI\u00c1RIO DO ESTADO DO ESP\u00cdRITO SANTO &#8211; PJES RUA DESEMBARGADOR HOMERO MAFRA,60 &#8211; Bairro ENSEADA DO SU\u00c1 &#8211; CEP 29050906 &#8211; Vit\u00f3ria &#8211; ES &#8211; www.tjes.jus.br &nbsp; ATO NORMATIVO N\u00ba\u00a0198\/2022 &nbsp; &nbsp; O Presidente do\u00a0Tribunal de Justi\u00e7a do Estado do Esp\u00edrito Santo, no uso de suas atribui\u00e7\u00f5es legais e regimentais, &nbsp; Considerando o teor [&hellip;]<\/p>\n","protected":false},"author":16,"featured_media":0,"comment_status":"closed","ping_status":"closed","sticky":false,"template":"","format":"standard","meta":{"footnotes":""},"categories":[4,14],"tags":[],"_links":{"self":[{"href":"https:\/\/www.tjes.jus.br\/corregedoria\/wp-json\/wp\/v2\/posts\/35090"}],"collection":[{"href":"https:\/\/www.tjes.jus.br\/corregedoria\/wp-json\/wp\/v2\/posts"}],"about":[{"href":"https:\/\/www.tjes.jus.br\/corregedoria\/wp-json\/wp\/v2\/types\/post"}],"author":[{"embeddable":true,"href":"https:\/\/www.tjes.jus.br\/corregedoria\/wp-json\/wp\/v2\/users\/16"}],"replies":[{"embeddable":true,"href":"https:\/\/www.tjes.jus.br\/corregedoria\/wp-json\/wp\/v2\/comments?post=35090"}],"version-history":[{"count":1,"href":"https:\/\/www.tjes.jus.br\/corregedoria\/wp-json\/wp\/v2\/posts\/35090\/revisions"}],"predecessor-version":[{"id":35095,"href":"https:\/\/www.tjes.jus.br\/corregedoria\/wp-json\/wp\/v2\/posts\/35090\/revisions\/35095"}],"wp:attachment":[{"href":"https:\/\/www.tjes.jus.br\/corregedoria\/wp-json\/wp\/v2\/media?parent=35090"}],"wp:term":[{"taxonomy":"category","embeddable":true,"href":"https:\/\/www.tjes.jus.br\/corregedoria\/wp-json\/wp\/v2\/categories?post=35090"},{"taxonomy":"post_tag","embeddable":true,"href":"https:\/\/www.tjes.jus.br\/corregedoria\/wp-json\/wp\/v2\/tags?post=35090"}],"curies":[{"name":"wp","href":"https:\/\/api.w.org\/{rel}","templated":true}]}}