{"id":35092,"date":"2022-10-27T14:01:10","date_gmt":"2022-10-27T17:01:10","guid":{"rendered":"https:\/\/www.tjes.jus.br\/corregedoria\/?p=35092"},"modified":"2022-10-27T14:01:10","modified_gmt":"2022-10-27T17:01:10","slug":"ato-normativo-no-200-2022-disp-27-10-2022","status":"publish","type":"post","link":"https:\/\/www.tjes.jus.br\/corregedoria\/2022\/10\/27\/ato-normativo-no-200-2022-disp-27-10-2022\/","title":{"rendered":"ATO NORMATIVO N\u00ba 200\/ 2022 \u2013 DISP. 27\/10\/2022"},"content":{"rendered":"<p align=\"center\">PODER JUDICI\u00c1RIO DO ESTADO DO ESP\u00cdRITO SANTO &#8211; PJES<\/p>\n<p align=\"center\">RUA DESEMBARGADOR HOMERO MAFRA,60 &#8211; Bairro ENSEADA DO SU\u00c1 &#8211; CEP 29050906 &#8211; Vit\u00f3ria &#8211; ES &#8211; www.tjes.jus.br<\/p>\n<p align=\"center\">\n<p>&nbsp;<\/p>\n<p align=\"center\">ATO NORMATIVO N\u00ba 200\/2022<\/p>\n<p>&nbsp;<\/p>\n<p align=\"justify\">O Presidente do Tribunal de Justi\u00e7a do Estado do Esp\u00edrito Santo, no uso de suas atribui\u00e7\u00f5es legais e regimentais,<\/p>\n<p>&nbsp;<\/p>\n<p align=\"justify\">Considerando\u00a0o limite da disponibilidade or\u00e7ament\u00e1ria e financeira da unidade \u201cTribunal de Justi\u00e7a\u201d para o exerc\u00edcio de 2022, estabelecido pela Lei Estadual n\u00ba 11.509\/21\u00a0(Lei Or\u00e7ament\u00e1ria Anual);<\/p>\n<p>&nbsp;<\/p>\n<p align=\"justify\">Considerando a necessidade de promover o fortalecimento da gest\u00e3o e a governan\u00e7a p\u00fablica nos diversos n\u00edveis, com vistas ao alcance da almejada efici\u00eancia administrativa e aperfei\u00e7oamento nos gastos p\u00fablicos.<\/p>\n<p>&nbsp;<\/p>\n<p align=\"justify\">RESOLVE:<\/p>\n<p>&nbsp;<\/p>\n<p align=\"justify\">Art. 1\u00ba. Incluir os incisos IX e X no art. 1\u00ba\u00a0do <a href=\"https:\/\/www.tjes.jus.br\/corregedoria\/2016\/06\/07\/ato-normativo-no-0852015-disp-27052015\/\">Ato Normativo TJES n\u00ba 85\/2015<\/a>, com a seguinte reda\u00e7\u00e3o:<\/p>\n<p>&nbsp;<\/p>\n<p align=\"justify\">&#8220;IX &#8211;\u00a0Chefe de Gabinete da Corregedoria.<\/p>\n<p>&nbsp;<\/p>\n<p>&nbsp;<\/p>\n<p align=\"justify\">X &#8211; Assessor de Planejamento e Fiscaliza\u00e7\u00e3o das Serventias Judiciais e Extrajudiciais&#8221;<\/p>\n<p>&nbsp;<\/p>\n<p align=\"justify\">Art. 2\u00ba. Este Ato Normativo entra em vigor na data de sua publica\u00e7\u00e3o.<\/p>\n<p>&nbsp;<\/p>\n<p align=\"justify\">Vit\u00f3ria\/ES, 26 de outubro de 2022.<\/p>\n<p>&nbsp;<\/p>\n<p align=\"center\"><strong>Desembargador Fabio Clem de Oliveira<\/strong><\/p>\n<p align=\"center\"><strong>Presidente<\/strong><\/p>\n","protected":false},"excerpt":{"rendered":"<p>PODER JUDICI\u00c1RIO DO ESTADO DO ESP\u00cdRITO SANTO &#8211; PJES RUA DESEMBARGADOR HOMERO MAFRA,60 &#8211; Bairro ENSEADA DO SU\u00c1 &#8211; CEP 29050906 &#8211; Vit\u00f3ria &#8211; ES &#8211; www.tjes.jus.br &nbsp; ATO NORMATIVO N\u00ba 200\/2022 &nbsp; O Presidente do Tribunal de Justi\u00e7a do Estado do Esp\u00edrito Santo, no uso de suas atribui\u00e7\u00f5es legais e regimentais, &nbsp; Considerando\u00a0o limite [&hellip;]<\/p>\n","protected":false},"author":16,"featured_media":0,"comment_status":"closed","ping_status":"closed","sticky":false,"template":"","format":"standard","meta":{"footnotes":""},"categories":[4,14],"tags":[],"_links":{"self":[{"href":"https:\/\/www.tjes.jus.br\/corregedoria\/wp-json\/wp\/v2\/posts\/35092"}],"collection":[{"href":"https:\/\/www.tjes.jus.br\/corregedoria\/wp-json\/wp\/v2\/posts"}],"about":[{"href":"https:\/\/www.tjes.jus.br\/corregedoria\/wp-json\/wp\/v2\/types\/post"}],"author":[{"embeddable":true,"href":"https:\/\/www.tjes.jus.br\/corregedoria\/wp-json\/wp\/v2\/users\/16"}],"replies":[{"embeddable":true,"href":"https:\/\/www.tjes.jus.br\/corregedoria\/wp-json\/wp\/v2\/comments?post=35092"}],"version-history":[{"count":1,"href":"https:\/\/www.tjes.jus.br\/corregedoria\/wp-json\/wp\/v2\/posts\/35092\/revisions"}],"predecessor-version":[{"id":35097,"href":"https:\/\/www.tjes.jus.br\/corregedoria\/wp-json\/wp\/v2\/posts\/35092\/revisions\/35097"}],"wp:attachment":[{"href":"https:\/\/www.tjes.jus.br\/corregedoria\/wp-json\/wp\/v2\/media?parent=35092"}],"wp:term":[{"taxonomy":"category","embeddable":true,"href":"https:\/\/www.tjes.jus.br\/corregedoria\/wp-json\/wp\/v2\/categories?post=35092"},{"taxonomy":"post_tag","embeddable":true,"href":"https:\/\/www.tjes.jus.br\/corregedoria\/wp-json\/wp\/v2\/tags?post=35092"}],"curies":[{"name":"wp","href":"https:\/\/api.w.org\/{rel}","templated":true}]}}