{"id":35107,"date":"2022-10-31T16:28:10","date_gmt":"2022-10-31T19:28:10","guid":{"rendered":"https:\/\/www.tjes.jus.br\/corregedoria\/?p=35107"},"modified":"2022-12-16T14:05:41","modified_gmt":"2022-12-16T16:05:41","slug":"oficio-circular-cgjes-1367294-disp-31-10-2022","status":"publish","type":"post","link":"https:\/\/www.tjes.jus.br\/corregedoria\/2022\/10\/31\/oficio-circular-cgjes-1367294-disp-31-10-2022\/","title":{"rendered":"OF\u00cdCIO CIRCULAR CGJES 1367294\/2022 &#8211; DISP. 31\/10\/2022"},"content":{"rendered":"<p class=\"Texto_Centralizado\" style=\"text-align: center;\"><strong>PODER JUDICI\u00c1RIO DO ESTADO DO ESP\u00cdRITO SANTO &#8211; PJES<\/strong><\/p>\n<p class=\"Texto_Centralizado\" style=\"text-align: center;\"><strong>CORREGEDORIA GERAL DA\u00a0JUSTI\u00c7A<\/strong><\/p>\n<p class=\"Texto_Cabe\u00e7alho\" style=\"text-align: center;\">Av. Jo\u00e3o Batista Parra, n\u00ba\u00a0320, Enseada do Su\u00e1 &#8211; Vit\u00f3ria\/ES<br \/>\nCEP: 29.050-375 &#8211;\u00a0Telefone: (27) 3145-3100<\/p>\n<p class=\"Texto_Centralizado_Maiusculas\" style=\"text-align: center;\"><strong>OF\u00cdCIO CIRCULAR CGJES\u00a01367294\/7002815-51.2020.8.08.0000<\/strong><\/p>\n<p>&nbsp;<\/p>\n<p class=\"Texto_Justificado\">O Desembargador\u00a0CARLOS SIM\u00d5ES FONSECA, Corregedor Geral da Justi\u00e7a, no uso de suas atribui\u00e7\u00f5es legais e,<\/p>\n<p>&nbsp;<\/p>\n<p>&nbsp;<\/p>\n<p class=\"Texto_Justificado\"><strong>CONSIDERANDO\u00a0<\/strong>que a Corregedoria Geral da Justi\u00e7a \u00e9 \u00f3rg\u00e3o de fiscaliza\u00e7\u00e3o, disciplina e orienta\u00e7\u00e3o administrativa, com jurisdi\u00e7\u00e3o em todo o Estado do Esp\u00edrito Santo, conforme artigo 35, da Lei Complementar Estadual n.\u00ba 234\/2002 (COJES);<\/p>\n<p>&nbsp;<\/p>\n<p>&nbsp;<\/p>\n<p class=\"Texto_Justificado\"><strong>CONSIDERANDO\u00a0<\/strong>os prazos estabelecidos pelos artigos 6\u00ba e 7\u00ba, \u00a7 2\u00ba, ambos do Provimento CNJ n\u00ba 46\/2015, para que os Oficiais de Registro Civil das Pessoas Naturais\u00a0disponibilizem\u00a0as informa\u00e7\u00f5es definidas pela ARPEN-Brasil na Central de Informa\u00e7\u00f5es de Registro Civil das Pessoas Naturais \u2013 CRC;<\/p>\n<p>&nbsp;<\/p>\n<p>&nbsp;<\/p>\n<p class=\"Texto_Justificado\"><strong>CONSIDERANDO\u00a0<\/strong>o Of\u00edcio Circular n\u00ba 010\/2022\u00a0 &#8211; CONR da Corregedoria Nacional de Justi\u00e7a, no qual o\u00a0eminente Corregedor Nacional de Justi\u00e7a, Ministro Luis Felipe Salom\u00e3o determina\u00a0a ado\u00e7\u00e3o das medidas necess\u00e1rias para a notifica\u00e7\u00e3o de todos os Oficiais de Registro Civil das Pessoas Naturais:<\/p>\n<p>&nbsp;<\/p>\n<p>&nbsp;<\/p>\n<p class=\"Texto_Justificado\"><strong>RESOLVE:<\/strong><\/p>\n<p>&nbsp;<\/p>\n<p>&nbsp;<\/p>\n<p class=\"Texto_Justificado\">Em cumprimento \u00e0\u00a0recomenda\u00e7\u00e3o da Corregedoria Nacional de Justi\u00e7a, consubstanciada no Of\u00edcio Circular n\u00ba 010\/2022, de 20 de setembro de 2022,\u00a0<strong>DETERMINAR<\/strong>\u00a0aos Oficiais de Registro Civil que observem rigorosamente os prazos legais para as cargas dos registros recentes e pret\u00e9ritos (art. 6\u00ba e 7\u00ba, \u00a72\u00ba do Provimento CNJ 46\/2015) na Central de Informa\u00e7\u00f5es de Registro Civil das Pessoas Naturais \u2013 CRC.<\/p>\n<p>&nbsp;<\/p>\n<p>&nbsp;<\/p>\n<p class=\"Texto_Justificado\"><strong>PUBLIQUE-SE.<\/strong><\/p>\n<p>&nbsp;<\/p>\n<p>&nbsp;<\/p>\n<p class=\"Tabela_Texto_Alinhado_Esquerda\">Vit\u00f3ria\/ES, 25 de outubro de 2022.<\/p>\n<p>&nbsp;<\/p>\n<p>&nbsp;<\/p>\n<p style=\"text-align: center;\"><strong>CARLOS SIMOES FONSECA<\/strong><\/p>\n<p class=\"Texto_Centralizado\" style=\"text-align: center;\"><strong>Corregedor Geral da Justi\u00e7a<\/strong><\/p>\n","protected":false},"excerpt":{"rendered":"<p>PODER JUDICI\u00c1RIO DO ESTADO DO ESP\u00cdRITO SANTO &#8211; PJES CORREGEDORIA GERAL DA\u00a0JUSTI\u00c7A Av. Jo\u00e3o Batista Parra, n\u00ba\u00a0320, Enseada do Su\u00e1 &#8211; Vit\u00f3ria\/ES CEP: 29.050-375 &#8211;\u00a0Telefone: (27) 3145-3100 OF\u00cdCIO CIRCULAR CGJES\u00a01367294\/7002815-51.2020.8.08.0000 &nbsp; O Desembargador\u00a0CARLOS SIM\u00d5ES FONSECA, Corregedor Geral da Justi\u00e7a, no uso de suas atribui\u00e7\u00f5es legais e, &nbsp; &nbsp; CONSIDERANDO\u00a0que a Corregedoria Geral da Justi\u00e7a \u00e9 [&hellip;]<\/p>\n","protected":false},"author":16,"featured_media":0,"comment_status":"closed","ping_status":"closed","sticky":false,"template":"","format":"standard","meta":{"footnotes":""},"categories":[14,5],"tags":[],"_links":{"self":[{"href":"https:\/\/www.tjes.jus.br\/corregedoria\/wp-json\/wp\/v2\/posts\/35107"}],"collection":[{"href":"https:\/\/www.tjes.jus.br\/corregedoria\/wp-json\/wp\/v2\/posts"}],"about":[{"href":"https:\/\/www.tjes.jus.br\/corregedoria\/wp-json\/wp\/v2\/types\/post"}],"author":[{"embeddable":true,"href":"https:\/\/www.tjes.jus.br\/corregedoria\/wp-json\/wp\/v2\/users\/16"}],"replies":[{"embeddable":true,"href":"https:\/\/www.tjes.jus.br\/corregedoria\/wp-json\/wp\/v2\/comments?post=35107"}],"version-history":[{"count":2,"href":"https:\/\/www.tjes.jus.br\/corregedoria\/wp-json\/wp\/v2\/posts\/35107\/revisions"}],"predecessor-version":[{"id":35503,"href":"https:\/\/www.tjes.jus.br\/corregedoria\/wp-json\/wp\/v2\/posts\/35107\/revisions\/35503"}],"wp:attachment":[{"href":"https:\/\/www.tjes.jus.br\/corregedoria\/wp-json\/wp\/v2\/media?parent=35107"}],"wp:term":[{"taxonomy":"category","embeddable":true,"href":"https:\/\/www.tjes.jus.br\/corregedoria\/wp-json\/wp\/v2\/categories?post=35107"},{"taxonomy":"post_tag","embeddable":true,"href":"https:\/\/www.tjes.jus.br\/corregedoria\/wp-json\/wp\/v2\/tags?post=35107"}],"curies":[{"name":"wp","href":"https:\/\/api.w.org\/{rel}","templated":true}]}}