{"id":3528,"date":"2016-07-04T17:39:42","date_gmt":"2016-07-04T20:39:42","guid":{"rendered":"https:\/\/www.tjes.jus.br\/corregedoria\/?p=3528"},"modified":"2017-02-23T15:27:06","modified_gmt":"2017-02-23T18:27:06","slug":"resolucao-no-402014-disp-22082014","status":"publish","type":"post","link":"https:\/\/www.tjes.jus.br\/corregedoria\/2016\/07\/04\/resolucao-no-402014-disp-22082014\/","title":{"rendered":"RESOLU\u00c7\u00c3O N\u00ba 40\/2014 &#8211; DISP. 22\/08\/2014"},"content":{"rendered":"<p style=\"text-align: center;\"><strong>ESTADO DO ESP\u00cdRITO SANTO<\/strong><\/p>\n<p style=\"text-align: center;\"><strong>PODER JUDICI\u00c1RIO<\/strong><\/p>\n<p style=\"text-align: center;\"><strong>GABINETE DA PRESID\u00caNCIA<\/strong><\/p>\n<p style=\"text-align: center;\"><strong>RESOLU\u00c7\u00c3O N\u00ba 40\/2014<\/strong><\/p>\n<p style=\"text-align: justify;\"><em>Acrescenta ao art. 20 da Resolu\u00e7\u00e3o 033\/2012 (Regimento Interno do Colegiado Recursal), alterada pela Resolu\u00e7\u00e3o n\u00ba 016\/2014, os par\u00e1grafos 7\u00ba e 8\u00ba, e revoga os par\u00e1grafos 1\u00ba e 2\u00ba do art. 49 da mesma resolu\u00e7\u00e3o.<\/em><\/p>\n<p style=\"text-align: justify;\"><strong>CONSIDERANDO <\/strong>que a vincula\u00e7\u00e3o do magistrado a recurso suspenso por decis\u00e3o dos Tribunais Superiores n\u00e3o condiz com os princ\u00edpios da informalidade e simplicidade que regem o sistema dos Juizados Especiais na hip\u00f3tese de o sobrestamento perdurar para al\u00e9m do t\u00e9rmino do mandato ou desligamento do Relator na Turma,<\/p>\n<p style=\"text-align: justify;\"><strong>CONSIDERANDO,<\/strong> por fim, a necessidade de evitar expedientes n\u00e3o condizentes com a necessidade da r\u00e1pida tramita\u00e7\u00e3o dos processos de compet\u00eancia da Turma de Uniformiza\u00e7\u00e3o de Interpreta\u00e7\u00e3o de Lei afeta ao sistema dos Juizados Especiais,<\/p>\n<p style=\"text-align: justify;\"><strong>RESOLVE:<\/strong><\/p>\n<p style=\"text-align: justify;\"><strong>Art. 1\u00ba. <\/strong>Acrescentar ao <a href=\"https:\/\/www.tjes.jus.br\/corregedoria\/index.php\/2016\/07\/05\/resolucao-no-0332013-disp-29072013-alterada\/\" target=\"_blank\">art. 20 da Resolu\u00e7\u00e3o 033\/2012<\/a> (Regimento Interno do Colegiado Recursal), alterada pela <a href=\"https:\/\/www.tjes.jus.br\/corregedoria\/index.php\/2016\/07\/05\/resolucao-n-162014-disp-26032014\/\" target=\"_blank\">Resolu\u00e7\u00e3o 016\/2014<\/a>, os par\u00e1grafos 7\u00bae 8\u00ba, com as seguintes reda\u00e7\u00f5es:<\/p>\n<p style=\"padding-left: 30px; text-align: justify;\"><em>\u00a7 7\u00ba. N\u00e3o se aplica a regra do par\u00e1grafo \u00a7 2\u00ba deste artigo em caso de suspens\u00e3o do processo ordenada por decis\u00e3o proferida pelo Superior Tribunal de Justi\u00e7a ou pelo Supremo Tribunal Federal que perdure para al\u00e9m do t\u00e9rmino do mandato ou desligamento do relator da Turma, hip\u00f3tese em que, retornando a tramita\u00e7\u00e3o regular do recurso, haver\u00e1 a redistribui\u00e7\u00e3o do processo, com sorteio de outro Relator dentre os integrantes da mesma Turma Recursal;<br \/>\n\u00a7 8\u00ba. Verificada a mesma hip\u00f3tese do par\u00e1grafo anterior em recursos de compet\u00eancia do Plen\u00e1rio do Colegiado Recursal e da Turma de Uniformiza\u00e7\u00e3o de Jurisprud\u00eancia, o processo ser\u00e1 redistribu\u00eddo por sorteio a outro Relator dentre os membros integrantes de todas as Turmas Recursais.<\/em><\/p>\n<p style=\"text-align: justify;\"><strong>Art. 2\u00ba.<\/strong><em> Ficam revogados os <a href=\"https:\/\/www.tjes.jus.br\/corregedoria\/index.php\/2016\/07\/05\/resolucao-no-0332013-disp-29072013-alterada\/\" target=\"_blank\">par\u00e1grafos 1\u00ba e 2\u00ba do art. 49 da Resolu\u00e7\u00e3o 033\/2013<\/a>, alterada pela <a href=\"https:\/\/www.tjes.jus.br\/corregedoria\/index.php\/2016\/07\/05\/resolucao-n-162014-disp-26032014\/\" target=\"_blank\">Resolu\u00e7\u00e3o 016\/2014<\/a>.<\/em><\/p>\n<p style=\"text-align: justify;\"><strong>Art. 3\u00ba.<\/strong> Esta resolu\u00e7\u00e3o entra em vigor na data de sua publica\u00e7\u00e3o.<\/p>\n<p style=\"text-align: justify;\">Vit\u00f3ria, 21 de agosto de 2014.<\/p>\n<p style=\"text-align: center;\"><strong>DESEMBARGADOR S\u00c9RGIO BIZZOTTO PESSOA DE MENDON\u00c7A<br \/>\nPRESIDENTE DO TRIBUNAL DE JUSTI\u00c7A DO ESTADO DO ESP\u00cdRITO SANTO<\/strong><\/p>\n","protected":false},"excerpt":{"rendered":"<p>ESTADO DO ESP\u00cdRITO SANTO PODER JUDICI\u00c1RIO GABINETE DA PRESID\u00caNCIA RESOLU\u00c7\u00c3O N\u00ba 40\/2014 Acrescenta ao art. 20 da Resolu\u00e7\u00e3o 033\/2012 (Regimento Interno do Colegiado Recursal), alterada pela Resolu\u00e7\u00e3o n\u00ba 016\/2014, os par\u00e1grafos 7\u00ba e 8\u00ba, e revoga os par\u00e1grafos 1\u00ba e 2\u00ba do art. 49 da mesma resolu\u00e7\u00e3o. CONSIDERANDO que a vincula\u00e7\u00e3o do magistrado a recurso [&hellip;]<\/p>\n","protected":false},"author":1,"featured_media":0,"comment_status":"open","ping_status":"open","sticky":false,"template":"","format":"standard","meta":{"footnotes":""},"categories":[14,13],"tags":[],"_links":{"self":[{"href":"https:\/\/www.tjes.jus.br\/corregedoria\/wp-json\/wp\/v2\/posts\/3528"}],"collection":[{"href":"https:\/\/www.tjes.jus.br\/corregedoria\/wp-json\/wp\/v2\/posts"}],"about":[{"href":"https:\/\/www.tjes.jus.br\/corregedoria\/wp-json\/wp\/v2\/types\/post"}],"author":[{"embeddable":true,"href":"https:\/\/www.tjes.jus.br\/corregedoria\/wp-json\/wp\/v2\/users\/1"}],"replies":[{"embeddable":true,"href":"https:\/\/www.tjes.jus.br\/corregedoria\/wp-json\/wp\/v2\/comments?post=3528"}],"version-history":[{"count":4,"href":"https:\/\/www.tjes.jus.br\/corregedoria\/wp-json\/wp\/v2\/posts\/3528\/revisions"}],"predecessor-version":[{"id":12127,"href":"https:\/\/www.tjes.jus.br\/corregedoria\/wp-json\/wp\/v2\/posts\/3528\/revisions\/12127"}],"wp:attachment":[{"href":"https:\/\/www.tjes.jus.br\/corregedoria\/wp-json\/wp\/v2\/media?parent=3528"}],"wp:term":[{"taxonomy":"category","embeddable":true,"href":"https:\/\/www.tjes.jus.br\/corregedoria\/wp-json\/wp\/v2\/categories?post=3528"},{"taxonomy":"post_tag","embeddable":true,"href":"https:\/\/www.tjes.jus.br\/corregedoria\/wp-json\/wp\/v2\/tags?post=3528"}],"curies":[{"name":"wp","href":"https:\/\/api.w.org\/{rel}","templated":true}]}}