{"id":35476,"date":"2022-12-14T18:00:51","date_gmt":"2022-12-14T20:00:51","guid":{"rendered":"https:\/\/www.tjes.jus.br\/corregedoria\/?p=35476"},"modified":"2022-12-16T14:06:07","modified_gmt":"2022-12-16T16:06:07","slug":"oficio-circular-cgjes-1415479-disp-06-12-2022","status":"publish","type":"post","link":"https:\/\/www.tjes.jus.br\/corregedoria\/2022\/12\/14\/oficio-circular-cgjes-1415479-disp-06-12-2022\/","title":{"rendered":"OF\u00cdCIO CIRCULAR CGJES 1413268\/2022 \u2013 DISP. 06\/12\/2022"},"content":{"rendered":"<p align=\"center\"><strong>PODER JUDICI\u00c1RIO DO ESTADO DO ESP\u00cdRITO SANTO &#8211; PJES<\/strong><\/p>\n<p align=\"center\"><strong>RUA DESEMBARGADOR HOMERO MAFRA,60 &#8211; Bairro ENSEADA DO SU\u00c1 &#8211; CEP 29050906 &#8211; Vit\u00f3ria &#8211; ES &#8211; www.tjes.jus.br<\/strong><\/p>\n<p>&nbsp;<\/p>\n<p class=\"Texto_Centralizado_Maiusculas\" style=\"text-align: center;\"><strong>OF\u00cdCIO CIRCULAR CGJES\u00a01413268\/7007447-52.2022.8.08.0000<\/strong><\/p>\n<p>&nbsp;<\/p>\n<p class=\"Texto_Ementa\" style=\"text-align: left;\">Senhores not\u00e1rios e registradores das serventias do foro extrajudicial do Estado do Esp\u00edrito Santo,<\/p>\n<p class=\"Texto_Ementa\" style=\"text-align: left;\">O Desembargador\u00a0<strong>CARLOS SIM\u00d5ES FONSECA<\/strong>, Corregedor Geral da Justi\u00e7a, no uso de suas atribui\u00e7\u00f5es, e<\/p>\n<p class=\"Texto_Justificado\" style=\"text-align: justify;\"><strong>CONSIDERANDO\u00a0<\/strong>que a Corregedoria Geral da Justi\u00e7a \u00e9 \u00f3rg\u00e3o de fiscaliza\u00e7\u00e3o, disciplina e orienta\u00e7\u00e3o administrativa, com jurisdi\u00e7\u00e3o em todo o Estado, conforme art. 7\u00ba do C\u00f3digo de Normas, art. 35 da Lei Complementar Estadual n\u00ba 234\/02 e art. 37 da Lei Federal n\u00ba 8.935\/94;<\/p>\n<p class=\"Texto_Justificado\" style=\"text-align: justify;\"><strong>CONSIDERANDO<\/strong>\u00a0o\u00a0Ato Normativo TJES n\u00b0 260, \u00a0publicado em 30\/11\/2022,\u00a0<strong>\u00a0<\/strong>que\u00a0alterou o hor\u00e1rio de expediente das unidades administrativas e judici\u00e1rias, nos dias em que a sele\u00e7\u00e3o brasileira de futebol jogar no m\u00eas de dezembro de 2022;<\/p>\n<p class=\"Texto_Justificado\" style=\"text-align: justify;\"><strong>CONSIDERANDO<\/strong>\u00a0que no per\u00edodo de jogos da sele\u00e7\u00e3o brasileira a procura pelos servi\u00e7os notariais e registrais \u00e9 consideravelmente reduzida;<\/p>\n<p class=\"Texto_Justificado\" style=\"text-align: justify;\"><strong>CONSIDERANDO\u00a0<\/strong>o princ\u00edpio da razoabilidade, que deve nortear o agir da Administra\u00e7\u00e3o P\u00fablica;<\/p>\n<p>&nbsp;<\/p>\n<p class=\"Texto_Justificado\"><strong>RESOLVE:<\/strong><\/p>\n<p>&nbsp;<\/p>\n<p class=\"Texto_Justificado\"><strong>DETERMINAR,\u00a0<\/strong>de maneira excepcional, a altera\u00e7\u00e3o do hor\u00e1rio de expediente das serventias do foro extrajudicial,\u00a0nos dias em que a sele\u00e7\u00e3o brasileira de futebol jogar no m\u00eas de dezembro de 2022;<\/p>\n<p class=\"Texto_Justificado\">\u2013\u00a0\u00a0<strong>das 8 \u00e0s 14h, sem intervalo.\u00a0<\/strong><\/p>\n<p class=\"Texto_Justificado\">A altera\u00e7\u00e3o dos hor\u00e1rios n\u00e3o se aplica ao plant\u00e3o das serventias de registro civil das pessoas naturais, a que alude o art. 14, Tomo II, do C\u00f3digo de Normas.<\/p>\n<p class=\"Texto_Justificado\">Dever\u00e1 ser afixado, nas depend\u00eancias das serventias, aviso vis\u00edvel alertando os usu\u00e1rios acerca do hor\u00e1rio diferenciado de funcionamento.<\/p>\n<p>&nbsp;<\/p>\n<p class=\"Texto_Justificado\"><strong>Publique-se.<\/strong><\/p>\n<p>&nbsp;<\/p>\n<p class=\"Tabela_Texto_Alinhado_Esquerda\" style=\"text-align: center;\">Vit\u00f3ria\/ES, 05 de dezembro de 2022.<\/p>\n<p class=\"Texto_Centralizado\" style=\"text-align: center;\"><strong>Corregedor Geral da Justi\u00e7a<\/strong><\/p>\n<p class=\"Texto_Justificado\">\n","protected":false},"excerpt":{"rendered":"<p>PODER JUDICI\u00c1RIO DO ESTADO DO ESP\u00cdRITO SANTO &#8211; PJES RUA DESEMBARGADOR HOMERO MAFRA,60 &#8211; Bairro ENSEADA DO SU\u00c1 &#8211; CEP 29050906 &#8211; Vit\u00f3ria &#8211; ES &#8211; www.tjes.jus.br &nbsp; OF\u00cdCIO CIRCULAR CGJES\u00a01413268\/7007447-52.2022.8.08.0000 &nbsp; Senhores not\u00e1rios e registradores das serventias do foro extrajudicial do Estado do Esp\u00edrito Santo, O Desembargador\u00a0CARLOS SIM\u00d5ES FONSECA, Corregedor Geral da Justi\u00e7a, no [&hellip;]<\/p>\n","protected":false},"author":8,"featured_media":0,"comment_status":"closed","ping_status":"closed","sticky":false,"template":"","format":"standard","meta":{"footnotes":""},"categories":[14,5],"tags":[],"_links":{"self":[{"href":"https:\/\/www.tjes.jus.br\/corregedoria\/wp-json\/wp\/v2\/posts\/35476"}],"collection":[{"href":"https:\/\/www.tjes.jus.br\/corregedoria\/wp-json\/wp\/v2\/posts"}],"about":[{"href":"https:\/\/www.tjes.jus.br\/corregedoria\/wp-json\/wp\/v2\/types\/post"}],"author":[{"embeddable":true,"href":"https:\/\/www.tjes.jus.br\/corregedoria\/wp-json\/wp\/v2\/users\/8"}],"replies":[{"embeddable":true,"href":"https:\/\/www.tjes.jus.br\/corregedoria\/wp-json\/wp\/v2\/comments?post=35476"}],"version-history":[{"count":5,"href":"https:\/\/www.tjes.jus.br\/corregedoria\/wp-json\/wp\/v2\/posts\/35476\/revisions"}],"predecessor-version":[{"id":35505,"href":"https:\/\/www.tjes.jus.br\/corregedoria\/wp-json\/wp\/v2\/posts\/35476\/revisions\/35505"}],"wp:attachment":[{"href":"https:\/\/www.tjes.jus.br\/corregedoria\/wp-json\/wp\/v2\/media?parent=35476"}],"wp:term":[{"taxonomy":"category","embeddable":true,"href":"https:\/\/www.tjes.jus.br\/corregedoria\/wp-json\/wp\/v2\/categories?post=35476"},{"taxonomy":"post_tag","embeddable":true,"href":"https:\/\/www.tjes.jus.br\/corregedoria\/wp-json\/wp\/v2\/tags?post=35476"}],"curies":[{"name":"wp","href":"https:\/\/api.w.org\/{rel}","templated":true}]}}