{"id":35493,"date":"2022-12-15T18:20:32","date_gmt":"2022-12-15T20:20:32","guid":{"rendered":"https:\/\/www.tjes.jus.br\/corregedoria\/?p=35493"},"modified":"2022-12-15T18:20:32","modified_gmt":"2022-12-15T20:20:32","slug":"ato-normativo-no-294-2022-disp-15-12-2022","status":"publish","type":"post","link":"https:\/\/www.tjes.jus.br\/corregedoria\/2022\/12\/15\/ato-normativo-no-294-2022-disp-15-12-2022\/","title":{"rendered":"ATO NORMATIVO N\u00ba 294\/2022 \u2013 DISP. 15\/12\/2022"},"content":{"rendered":"<p align=\"center\">PODER JUDICI\u00c1RIO DO ESTADO DO ESP\u00cdRITO SANTO &#8211; PJES<\/p>\n<p align=\"center\">RUA DESEMBARGADOR HOMERO MAFRA,60 &#8211; Bairro ENSEADA DO SU\u00c1 &#8211; CEP 29050906 &#8211; Vit\u00f3ria &#8211; ES &#8211; www.tjes.jus.br<\/p>\n<p align=\"center\">\n<p>&nbsp;<\/p>\n<p align=\"center\"><strong>ATO NORMATIVO N\u00ba\u00a0<\/strong><strong>294<\/strong><strong>\/2022<\/strong><\/p>\n<p>&nbsp;<\/p>\n<p>&nbsp;<\/p>\n<p align=\"justify\">O Presidente do\u00a0Tribunal de Justi\u00e7a do Estado do Esp\u00edrito Santo, no uso de suas atribui\u00e7\u00f5es legais e regimentais,<\/p>\n<p>&nbsp;<\/p>\n<p align=\"justify\">Considerando o teor do\u00a0Processo\u00a0SEI n\u00ba 7001635-54.2022.8.08.0024, encaminhado pelo Magistrado da 3\u00aa Vara de Fam\u00edlia do Ju\u00edzo de Vit\u00f3ria,<\/p>\n<p>&nbsp;<\/p>\n<p align=\"justify\">RESOLVE:<\/p>\n<p>&nbsp;<\/p>\n<p align=\"justify\">Art. 1\u00ba &#8211; Prorrogar\u00a0os efeitos <a href=\"https:\/\/www.tjes.jus.br\/corregedoria\/2022\/11\/11\/ato-normativo-no-228-2022-disp-11-11-2022\/\">Ato Normativo n\u00ba 228\/2022<\/a>, disponibilizado no e-Di\u00e1rio do dia 11\/11\/2022,\u00a0apenas com rela\u00e7\u00e3o aos processos que ainda n\u00e3o foram cadastrados no sistema PJE da 3\u00aa Vara de Fam\u00edlia do Ju\u00edzo de Vit\u00f3ria, no per\u00edodo de 12\/12\/2022 a 14\/12\/2022.<\/p>\n<p>&nbsp;<\/p>\n<p align=\"justify\">Publique-se.<\/p>\n<p>&nbsp;<\/p>\n<p align=\"justify\">Vit\u00f3ria\/ES, 14 de dezembro de 2022.<\/p>\n<p>&nbsp;<\/p>\n<p>&nbsp;<\/p>\n<p>&nbsp;<\/p>\n<p align=\"center\"><strong>Desembargador Fabio\u00a0Clem\u00a0de\u00a0Oliveira<\/strong><\/p>\n<p align=\"center\"><strong>Presidente<\/strong><\/p>\n","protected":false},"excerpt":{"rendered":"<p>PODER JUDICI\u00c1RIO DO ESTADO DO ESP\u00cdRITO SANTO &#8211; PJES RUA DESEMBARGADOR HOMERO MAFRA,60 &#8211; Bairro ENSEADA DO SU\u00c1 &#8211; CEP 29050906 &#8211; Vit\u00f3ria &#8211; ES &#8211; www.tjes.jus.br &nbsp; ATO NORMATIVO N\u00ba\u00a0294\/2022 &nbsp; &nbsp; O Presidente do\u00a0Tribunal de Justi\u00e7a do Estado do Esp\u00edrito Santo, no uso de suas atribui\u00e7\u00f5es legais e regimentais, &nbsp; Considerando o teor [&hellip;]<\/p>\n","protected":false},"author":16,"featured_media":0,"comment_status":"closed","ping_status":"closed","sticky":false,"template":"","format":"standard","meta":{"footnotes":""},"categories":[4,14],"tags":[],"_links":{"self":[{"href":"https:\/\/www.tjes.jus.br\/corregedoria\/wp-json\/wp\/v2\/posts\/35493"}],"collection":[{"href":"https:\/\/www.tjes.jus.br\/corregedoria\/wp-json\/wp\/v2\/posts"}],"about":[{"href":"https:\/\/www.tjes.jus.br\/corregedoria\/wp-json\/wp\/v2\/types\/post"}],"author":[{"embeddable":true,"href":"https:\/\/www.tjes.jus.br\/corregedoria\/wp-json\/wp\/v2\/users\/16"}],"replies":[{"embeddable":true,"href":"https:\/\/www.tjes.jus.br\/corregedoria\/wp-json\/wp\/v2\/comments?post=35493"}],"version-history":[{"count":1,"href":"https:\/\/www.tjes.jus.br\/corregedoria\/wp-json\/wp\/v2\/posts\/35493\/revisions"}],"predecessor-version":[{"id":35494,"href":"https:\/\/www.tjes.jus.br\/corregedoria\/wp-json\/wp\/v2\/posts\/35493\/revisions\/35494"}],"wp:attachment":[{"href":"https:\/\/www.tjes.jus.br\/corregedoria\/wp-json\/wp\/v2\/media?parent=35493"}],"wp:term":[{"taxonomy":"category","embeddable":true,"href":"https:\/\/www.tjes.jus.br\/corregedoria\/wp-json\/wp\/v2\/categories?post=35493"},{"taxonomy":"post_tag","embeddable":true,"href":"https:\/\/www.tjes.jus.br\/corregedoria\/wp-json\/wp\/v2\/tags?post=35493"}],"curies":[{"name":"wp","href":"https:\/\/api.w.org\/{rel}","templated":true}]}}