{"id":35498,"date":"2022-12-16T14:01:12","date_gmt":"2022-12-16T16:01:12","guid":{"rendered":"https:\/\/www.tjes.jus.br\/corregedoria\/?p=35498"},"modified":"2022-12-16T14:06:23","modified_gmt":"2022-12-16T16:06:23","slug":"oficio-circular-cgjes-1418579-disp-15-12-2022","status":"publish","type":"post","link":"https:\/\/www.tjes.jus.br\/corregedoria\/2022\/12\/16\/oficio-circular-cgjes-1418579-disp-15-12-2022\/","title":{"rendered":"OF\u00cdCIO CIRCULAR CGJES 1418579\/2022 \u2013 DISP. 15\/12\/2022"},"content":{"rendered":"<p class=\"Texto_Centralizado_Maiusculas\" style=\"text-align: center;\"><strong>OF\u00cdCIO CIRCULAR CGJES\u00a01418579\/7008427-96.2022.8.08.0000<br \/>\n<\/strong><\/p>\n<p>&nbsp;<\/p>\n<p class=\"Texto_Justificado\" style=\"text-align: justify;\">O Desembargador\u00a0CARLOS SIM\u00d5ES FONSECA, Corregedor Geral da Justi\u00e7a, no uso de suas atribui\u00e7\u00f5es legais e,<\/p>\n<p class=\"Texto_Justificado\" style=\"text-align: justify;\"><strong>CONSIDERANDO\u00a0<\/strong>que a Corregedoria Geral da Justi\u00e7a \u00e9 \u00f3rg\u00e3o de fiscaliza\u00e7\u00e3o, disciplina e orienta\u00e7\u00e3o administrativa, com jurisdi\u00e7\u00e3o em todo o Estado do Esp\u00edrito Santo, conforme artigo 35, da Lei Complementar Estadual n.\u00ba 234\/2002 (COJES);<\/p>\n<p class=\"Texto_Justificado\" style=\"text-align: justify;\"><strong>CONSIDERANDO\u00a0<\/strong>o Of\u00edcio Circular n\u00ba 042\/2022\u00a0 &#8211; CONR da Corregedoria Nacional de Justi\u00e7a, no qual o\u00a0eminente Corregedor Nacional de Justi\u00e7a, Ministro Luis Felipe Salom\u00e3o determina\u00a0a ado\u00e7\u00e3o das medidas necess\u00e1rias para a notifica\u00e7\u00e3o de todos os Oficiais de Registro Civil das Pessoas Naturais:<\/p>\n<p class=\"Texto_Justificado\" style=\"text-align: justify;\"><strong>RESOLVE:<\/strong><\/p>\n<p class=\"Texto_Justificado\" style=\"text-align: justify;\">Em cumprimento \u00e0\u00a0recomenda\u00e7\u00e3o da Corregedoria Nacional de Justi\u00e7a, consubstanciada no Of\u00edcio Circular n\u00ba 042\/2022, de 06 de dezembro de 2022,\u00a0<strong>DETERMINAR<\/strong>\u00a0aos Oficiais de Registro Civil que observem os procedimentos descritos no Provimento n. 137, de 6 de dezembro de 2022 (que estabelece regras para o envio, ao Tribunal Superior Eleitoral, da comunica\u00e7\u00e3o de altera\u00e7\u00e3o de prenome prevista no art. 56, \u00a7 3\u00ba, da Lei n. 6.015\/1973, com a reda\u00e7\u00e3o dada pela Lei n. 14.382\/2022) quanto \u00e0 necessidade de:<\/p>\n<p class=\"Texto_Justificado\" style=\"text-align: justify;\">a) prestar ao Tribunal Superior Eleitoral informa\u00e7\u00f5es suficientes para individualizar a pessoa requerente (nome anterior, nome atualizado, nome dos pais, data de nascimento, documento de identidade e CPF), em documento cuja autenticidade possa ser verificada; e<\/p>\n<p class=\"Texto_Cita\u00e7\u00e3o\" style=\"text-align: justify;\">b) informar \u00e0 pessoa interessada que a retifica\u00e7\u00e3o do seu prenome no Cadastro Eleitoral dever\u00e1 ser por ela requerida \u00e0 Justi\u00e7a Eleitoral, mediante opera\u00e7\u00e3o de revis\u00e3o, o que \u00e9 indispens\u00e1vel para possibilitar que certid\u00f5es eleitorais e o caderno de vota\u00e7\u00e3o contemplem o nome atual.<\/p>\n<p>&nbsp;<\/p>\n<p class=\"Texto_Justificado\"><strong>PUBLIQUE-SE.<\/strong><\/p>\n<p class=\"Tabela_Texto_Alinhado_Esquerda\">Vit\u00f3ria\/ES, 07 de dezembro de 2022.<\/p>\n<p>&nbsp;<\/p>\n<p class=\"Texto_Centralizado\" style=\"text-align: center;\"><strong>CARLOS SIM\u00d5ES FONSECA<br \/>\nCorregedor-Geral da Justi\u00e7a<\/strong><\/p>\n","protected":false},"excerpt":{"rendered":"<p>OF\u00cdCIO CIRCULAR CGJES\u00a01418579\/7008427-96.2022.8.08.0000 &nbsp; O Desembargador\u00a0CARLOS SIM\u00d5ES FONSECA, Corregedor Geral da Justi\u00e7a, no uso de suas atribui\u00e7\u00f5es legais e, CONSIDERANDO\u00a0que a Corregedoria Geral da Justi\u00e7a \u00e9 \u00f3rg\u00e3o de fiscaliza\u00e7\u00e3o, disciplina e orienta\u00e7\u00e3o administrativa, com jurisdi\u00e7\u00e3o em todo o Estado do Esp\u00edrito Santo, conforme artigo 35, da Lei Complementar Estadual n.\u00ba 234\/2002 (COJES); CONSIDERANDO\u00a0o Of\u00edcio Circular [&hellip;]<\/p>\n","protected":false},"author":8,"featured_media":0,"comment_status":"closed","ping_status":"closed","sticky":false,"template":"","format":"standard","meta":{"footnotes":""},"categories":[14,5],"tags":[],"_links":{"self":[{"href":"https:\/\/www.tjes.jus.br\/corregedoria\/wp-json\/wp\/v2\/posts\/35498"}],"collection":[{"href":"https:\/\/www.tjes.jus.br\/corregedoria\/wp-json\/wp\/v2\/posts"}],"about":[{"href":"https:\/\/www.tjes.jus.br\/corregedoria\/wp-json\/wp\/v2\/types\/post"}],"author":[{"embeddable":true,"href":"https:\/\/www.tjes.jus.br\/corregedoria\/wp-json\/wp\/v2\/users\/8"}],"replies":[{"embeddable":true,"href":"https:\/\/www.tjes.jus.br\/corregedoria\/wp-json\/wp\/v2\/comments?post=35498"}],"version-history":[{"count":2,"href":"https:\/\/www.tjes.jus.br\/corregedoria\/wp-json\/wp\/v2\/posts\/35498\/revisions"}],"predecessor-version":[{"id":35500,"href":"https:\/\/www.tjes.jus.br\/corregedoria\/wp-json\/wp\/v2\/posts\/35498\/revisions\/35500"}],"wp:attachment":[{"href":"https:\/\/www.tjes.jus.br\/corregedoria\/wp-json\/wp\/v2\/media?parent=35498"}],"wp:term":[{"taxonomy":"category","embeddable":true,"href":"https:\/\/www.tjes.jus.br\/corregedoria\/wp-json\/wp\/v2\/categories?post=35498"},{"taxonomy":"post_tag","embeddable":true,"href":"https:\/\/www.tjes.jus.br\/corregedoria\/wp-json\/wp\/v2\/tags?post=35498"}],"curies":[{"name":"wp","href":"https:\/\/api.w.org\/{rel}","templated":true}]}}