{"id":36261,"date":"2023-03-30T13:04:02","date_gmt":"2023-03-30T16:04:02","guid":{"rendered":"https:\/\/www.tjes.jus.br\/corregedoria\/?p=36261"},"modified":"2023-03-30T13:04:02","modified_gmt":"2023-03-30T16:04:02","slug":"resolucao-no-012-2023-disp-17-03-2023","status":"publish","type":"post","link":"https:\/\/www.tjes.jus.br\/corregedoria\/2023\/03\/30\/resolucao-no-012-2023-disp-17-03-2023\/","title":{"rendered":"RESOLU\u00c7\u00c3O N\u00ba 012\/2023 \u2013 DISP. 17\/03\/2023"},"content":{"rendered":"<p style=\"text-align: center;\">ODER JUDICI\u00c1RIO DO ESTADO DO ESP\u00cdRITO SANTO &#8211; PJES<\/p>\n<p style=\"text-align: center;\" align=\"center\">RUA DESEMBARGADOR HOMERO MAFRA,60 &#8211; Bairro ENSEADA DO SU\u00c1 &#8211; CEP 29050906 &#8211; Vit\u00f3ria &#8211; ES &#8211; www.tjes.jus.br<\/p>\n<p>&nbsp;<\/p>\n<p align=\"center\"><strong>RESOLU\u00c7\u00c3O N\u00ba 012\/2023<\/strong><\/p>\n<p>&nbsp;<\/p>\n<p align=\"justify\">O Presidente do Tribunal de Justi\u00e7a do Estado do Esp\u00edrito Santo, no uso de suas atribui\u00e7\u00f5es legais e regimentais;<\/p>\n<p>&nbsp;<\/p>\n<p align=\"justify\">CONSIDERANDO que a sa\u00fade \u00e9 direito de todos e dever do Estado (Constitui\u00e7\u00e3o Federal, art. 196);<\/p>\n<p>&nbsp;<\/p>\n<p align=\"justify\">CONSIDERANDO o disposto no artigo 128, inciso XI, da Lei Complementar Estadual 234\/2002, que prev\u00ea o aux\u00edlio-sa\u00fade para os magistrados do Tribunal de Justi\u00e7a do Estado do Esp\u00edrito Santo;<\/p>\n<p>&nbsp;<\/p>\n<p align=\"justify\">CONSIDERANDO a necessidade de adequa\u00e7\u00e3o ao disposto na Resolu\u00e7\u00e3o CNJ N\u00ba 294 de 18\/12\/2019, que institui Pol\u00edtica de Aten\u00e7\u00e3o Integral \u00e0 Sa\u00fade de Magistrados e Servidores do Poder Judici\u00e1rio;<\/p>\n<p>&nbsp;<\/p>\n<p align=\"justify\">CONSIDERANDO o que disp\u00f5e o \u00a7 1\u00ba do artigo 3\u00ba da Resolu\u00e7\u00e3o TJES n\u00ba 001\/2007, que regulamenta a concess\u00e3o do aux\u00edlio sa\u00fade aos magistrados deste Poder Judici\u00e1rio;<\/p>\n<p>&nbsp;<\/p>\n<p align=\"justify\">CONSIDERANDO a delibera\u00e7\u00e3o do Tribunal Pleno em Sess\u00e3o Ordin\u00e1ria, realizada em 16 de mar\u00e7o de\u00a02023;<\/p>\n<p>&nbsp;<\/p>\n<p>&nbsp;<\/p>\n<p align=\"justify\"><strong>RESOLVE:<\/strong><\/p>\n<p>&nbsp;<\/p>\n<p>&nbsp;<\/p>\n<p align=\"justify\"><strong>Art. 1\u00ba<\/strong>. O caput do art. 2\u00ba da <a href=\"https:\/\/www.tjes.jus.br\/corregedoria\/2017\/01\/26\/resolucao-no-0012007-conselho-publ-em-02052007\/\">Resolu\u00e7\u00e3o TJES n\u00ba 01\/2007<\/a>, passa a vigorar com a seguinte reda\u00e7\u00e3o:<\/p>\n<p>&nbsp;<\/p>\n<p align=\"justify\">Art. 2\u00ba. O aux\u00edlio sa\u00fade \u00e9 vantagem de car\u00e1ter provis\u00f3rio e indenizat\u00f3rio, destinado a ressarcir as despesas com servi\u00e7os e tratamentos relativos \u00e0 pessoa do magistrado do Poder Judici\u00e1rio e seus dependentes, de forma parcial, para as despesas de:<\/p>\n<p>&nbsp;<\/p>\n<p>&nbsp;<\/p>\n<p align=\"justify\"><strong>Art. 2\u00ba.<\/strong>\u00a0Acrescenta o \u00a7 3\u00ba ao art. 2\u00ba da <a href=\"https:\/\/www.tjes.jus.br\/corregedoria\/2017\/01\/26\/resolucao-no-0012007-conselho-publ-em-02052007\/\">Resolu\u00e7\u00e3o TJES n\u00ba 01\/2007<\/a>, com a seguinte reda\u00e7\u00e3o:<\/p>\n<p>&nbsp;<\/p>\n<p align=\"justify\">\u00a7 3\u00ba. Para efeito do disposto no caput, poder\u00e3o ser considerados dependentes as pessoas descritas no artigo 35, da Lei n\u00ba 9.250\/95.<\/p>\n<p>&nbsp;<\/p>\n<p>&nbsp;<\/p>\n<p align=\"justify\"><strong>Art. 3\u00ba.<\/strong>\u00a0A partir do dia 1\u00ba de junho de 2023 o caput do art. 3\u00ba da <a href=\"https:\/\/www.tjes.jus.br\/corregedoria\/2017\/01\/26\/resolucao-no-0012007-conselho-publ-em-02052007\/\">Resolu\u00e7\u00e3o TJES n\u00ba 01\/2007<\/a>, passa a vigorar com a seguinte reda\u00e7\u00e3o:<\/p>\n<p style=\"text-align: justify;\" align=\"justify\">Art. 3\u00ba. A vantagem de que trata o artigo anterior \u00e9 limitada \u00e0 7% (sete por cento) do respectivo subs\u00eddio do magistrado, anualmente.<\/p>\n<p style=\"text-align: justify;\" align=\"justify\"><strong>Art. 4\u00ba.<\/strong>\u00a0A partir do dia 1\u00ba de dezembro de 2023 o caput do art. 3\u00ba da <a href=\"https:\/\/www.tjes.jus.br\/corregedoria\/2017\/01\/26\/resolucao-no-0012007-conselho-publ-em-02052007\/\">Resolu\u00e7\u00e3o TJES n\u00ba 01\/2007<\/a>, passa a vigorar com a seguinte reda\u00e7\u00e3o:<\/p>\n<p style=\"text-align: justify;\" align=\"justify\">Art. 3\u00ba. A vantagem de que trata o artigo anterior \u00e9 limitada \u00e0 10% (dez por cento) do respectivo subs\u00eddio do magistrado, anualmente.<\/p>\n<p style=\"text-align: justify;\" align=\"justify\"><strong>Art. 5\u00ba.<\/strong>\u00a0O \u00a7 2\u00ba, do art. 3\u00ba da <a href=\"https:\/\/www.tjes.jus.br\/corregedoria\/2017\/01\/26\/resolucao-no-0012007-conselho-publ-em-02052007\/\">Resolu\u00e7\u00e3o TJES n\u00ba 01\/2007<\/a>, passa a vigorar com a seguinte reda\u00e7\u00e3o:<\/p>\n<p style=\"text-align: justify;\" align=\"justify\">\u00a7 2\u00ba. O pagamento do aux\u00edlio sa\u00fade depende de comprova\u00e7\u00e3o dos gastos com os servi\u00e7os mencionados nos incisos I a IV e do \u00a7 1\u00ba do art. 2\u00ba desta Resolu\u00e7\u00e3o, composta de c\u00f3pia da requisi\u00e7\u00e3o de exames e recibos dos servi\u00e7os no nome do magistrado benefici\u00e1rio ou de seus dependentes, prestados diretamente ou por pessoa jur\u00eddica de direito privado de assist\u00eancia \u00e0 sa\u00fade, devendo ser requerido dentro do prazo m\u00e1ximo de trinta dias, contados da data da emiss\u00e3o do recibo de pagamento.<\/p>\n<p>&nbsp;<\/p>\n<p align=\"justify\"><strong>Art. 6\u00ba\u00a0<\/strong>Fica revogado a partir de 1\u00ba de junho de 2023 o art. 4\u00ba da <a href=\"https:\/\/www.tjes.jus.br\/corregedoria\/2017\/01\/26\/resolucao-no-0012007-conselho-publ-em-02052007\/\">Resolu\u00e7\u00e3o TJES n\u00ba 01\/2007<\/a>.<\/p>\n<p>&nbsp;<\/p>\n<p>&nbsp;<\/p>\n<p align=\"justify\"><strong>Art. 7\u00ba.<\/strong>\u00a0Esta Resolu\u00e7\u00e3o entra em vigor na data de sua publica\u00e7\u00e3o.<\/p>\n<p>&nbsp;<\/p>\n<p align=\"center\">Vit\u00f3ria\/ES, 16 de mar\u00e7o de 2023.<\/p>\n<p>&nbsp;<\/p>\n<p>&nbsp;<\/p>\n<p align=\"center\"><strong>Des. Fabio Clem de Oliveira<\/strong><\/p>\n<p align=\"center\">Presidente do Tribunal de Justi\u00e7a do Estado do Esp\u00edrito Santo<\/p>\n","protected":false},"excerpt":{"rendered":"<p>ODER JUDICI\u00c1RIO DO ESTADO DO ESP\u00cdRITO SANTO &#8211; PJES RUA DESEMBARGADOR HOMERO MAFRA,60 &#8211; Bairro ENSEADA DO SU\u00c1 &#8211; CEP 29050906 &#8211; Vit\u00f3ria &#8211; ES &#8211; www.tjes.jus.br &nbsp; RESOLU\u00c7\u00c3O N\u00ba 012\/2023 &nbsp; O Presidente do Tribunal de Justi\u00e7a do Estado do Esp\u00edrito Santo, no uso de suas atribui\u00e7\u00f5es legais e regimentais; &nbsp; CONSIDERANDO que a [&hellip;]<\/p>\n","protected":false},"author":8,"featured_media":0,"comment_status":"closed","ping_status":"closed","sticky":false,"template":"","format":"standard","meta":{"footnotes":""},"categories":[14,13],"tags":[],"_links":{"self":[{"href":"https:\/\/www.tjes.jus.br\/corregedoria\/wp-json\/wp\/v2\/posts\/36261"}],"collection":[{"href":"https:\/\/www.tjes.jus.br\/corregedoria\/wp-json\/wp\/v2\/posts"}],"about":[{"href":"https:\/\/www.tjes.jus.br\/corregedoria\/wp-json\/wp\/v2\/types\/post"}],"author":[{"embeddable":true,"href":"https:\/\/www.tjes.jus.br\/corregedoria\/wp-json\/wp\/v2\/users\/8"}],"replies":[{"embeddable":true,"href":"https:\/\/www.tjes.jus.br\/corregedoria\/wp-json\/wp\/v2\/comments?post=36261"}],"version-history":[{"count":1,"href":"https:\/\/www.tjes.jus.br\/corregedoria\/wp-json\/wp\/v2\/posts\/36261\/revisions"}],"predecessor-version":[{"id":36262,"href":"https:\/\/www.tjes.jus.br\/corregedoria\/wp-json\/wp\/v2\/posts\/36261\/revisions\/36262"}],"wp:attachment":[{"href":"https:\/\/www.tjes.jus.br\/corregedoria\/wp-json\/wp\/v2\/media?parent=36261"}],"wp:term":[{"taxonomy":"category","embeddable":true,"href":"https:\/\/www.tjes.jus.br\/corregedoria\/wp-json\/wp\/v2\/categories?post=36261"},{"taxonomy":"post_tag","embeddable":true,"href":"https:\/\/www.tjes.jus.br\/corregedoria\/wp-json\/wp\/v2\/tags?post=36261"}],"curies":[{"name":"wp","href":"https:\/\/api.w.org\/{rel}","templated":true}]}}