{"id":3631,"date":"2016-07-05T13:38:28","date_gmt":"2016-07-05T16:38:28","guid":{"rendered":"https:\/\/www.tjes.jus.br\/corregedoria\/?p=3631"},"modified":"2017-02-24T14:35:09","modified_gmt":"2017-02-24T17:35:09","slug":"resolucao-no-082014-disp-17022014","status":"publish","type":"post","link":"https:\/\/www.tjes.jus.br\/corregedoria\/2016\/07\/05\/resolucao-no-082014-disp-17022014\/","title":{"rendered":"RESOLU\u00c7\u00c3O N\u00ba 08\/2014 &#8211; DISP. 17\/02\/2014"},"content":{"rendered":"<p align=\"CENTER\"><strong>ESTADO DO ESP\u00cdRITO SANTO<\/strong><\/p>\n<p align=\"CENTER\"><strong>PODER JUDICI\u00c1RIO<\/strong><\/p>\n<p lang=\"pt-BR\" align=\"CENTER\"><strong>TRIBUNAL DE JUSTI\u00c7A<\/strong><\/p>\n<p lang=\"pt-BR\" align=\"CENTER\"><strong>RESOLU\u00c7\u00c3O N\u00ba 08\/2014<\/strong><\/p>\n<p lang=\"pt-BR\" align=\"JUSTIFY\"><em>Institui subsidiariamente a Tabela de Temporalidade Documental (\u00e1rea-meio e \u00e1rea-fim) editada pelo Conselho Nacional de Justi\u00e7a \u2013 CNJ no \u00e2mbito do Poder Judici\u00e1rio do Estado do Esp\u00edrito Santo.<\/em><\/p>\n<p lang=\"pt-BR\" align=\"JUSTIFY\"><strong>O PRESIDENTE DO TRIBUNAL DE JUSTI\u00c7A DO ESTADO DO ESP\u00cdRITO SANTO<\/strong>,no uso de suas atribui\u00e7\u00f5es legais e tendo em vista decis\u00e3o un\u00e2nime do Egr\u00e9gio Tribunal Pleno, em sess\u00e3o ordin\u00e1ria realizada nesta data,<\/p>\n<p lang=\"pt-BR\" align=\"JUSTIFY\"><strong>CONSIDERANDO<\/strong>\u00a0que compete \u00e0 administra\u00e7\u00e3o p\u00fablica a gest\u00e3o da documenta\u00e7\u00e3o produzida pelas unidades no desenvolvimento das atividades que lhes s\u00e3o afetas, bem como adotar medidas para possibilitar a ampla consulta, nos termos do \u00a72\u00ba, art. 226 da Constitui\u00e7\u00e3o Federal;<\/p>\n<p lang=\"pt-BR\" align=\"JUSTIFY\"><strong>CONSIDERANDO<\/strong>\u00a0que a Recomenda\u00e7\u00e3o 37\/2011 do Conselho Nacional de Justi\u00e7a \u2013 CNJ, de 15 de agosto de 2011, recomenda aos \u00f3rg\u00e3os do Poder Judici\u00e1rio, descritos no art. 92, II a VIII da Constitui\u00e7\u00e3o Federal, entre outras, a observ\u00e2ncia das normas de funcionamento do Programa Nacional de Gest\u00e3o Documental e Mem\u00f3ria do Poder Judici\u00e1rio (Proname) al\u00e9m de seus instrumentos;<\/p>\n<p align=\"JUSTIFY\"><strong>RESOLVE<\/strong><\/p>\n<p align=\"JUSTIFY\"><strong>Art. 1\u00ba<\/strong>\u00a0&#8211; Alterar a <a href=\"https:\/\/www.tjes.jus.br\/corregedoria\/index.php\/2016\/07\/05\/resolucao-no-0422013-disp-02092013-alterada\/\" target=\"_blank\">Resolu\u00e7\u00e3o n\u00ba 42\/2013, publicada no E-di\u00e1rio no dia 02\/09\/2013<\/a>, para incluir no artigo 1\u00ba o \u00a7 4\u00ba.<\/p>\n<p lang=\"pt-BR\" style=\"padding-left: 30px;\" align=\"JUSTIFY\"><i>\u00a7 4\u00ba &#8211; Permitir, subsidiariamente, a utiliza\u00e7\u00e3o da Tabela de Temporalidade Documental elaborada pelo Poder Judici\u00e1rio Estadual, em complemento as Tabelas editadas pelo Conselho nacional de Justi\u00e7a \u2013 CNJ.<\/i><\/p>\n<p align=\"JUSTIFY\"><strong>Art. 2\u00ba &#8211;<\/strong>\u00a0Esta Resolu\u00e7\u00e3o entra em vigor na data de sua publica\u00e7\u00e3o.<\/p>\n<p lang=\"pt-BR\" style=\"text-align: center;\" align=\"JUSTIFY\">Vit\u00f3ria-ES, 13 de fevereiro de 2014.<\/p>\n<p lang=\"pt-BR\" style=\"text-align: center;\" align=\"CENTER\"><strong>Desembargador S\u00c9RGIO BIZZOTTO PESSOA DE MENDON\u00c7A<br \/>\n<\/strong><strong>Presidente<\/strong><\/p>\n","protected":false},"excerpt":{"rendered":"<p>ESTADO DO ESP\u00cdRITO SANTO PODER JUDICI\u00c1RIO TRIBUNAL DE JUSTI\u00c7A RESOLU\u00c7\u00c3O N\u00ba 08\/2014 Institui subsidiariamente a Tabela de Temporalidade Documental (\u00e1rea-meio e \u00e1rea-fim) editada pelo Conselho Nacional de Justi\u00e7a \u2013 CNJ no \u00e2mbito do Poder Judici\u00e1rio do Estado do Esp\u00edrito Santo. O PRESIDENTE DO TRIBUNAL DE JUSTI\u00c7A DO ESTADO DO ESP\u00cdRITO SANTO,no uso de suas atribui\u00e7\u00f5es [&hellip;]<\/p>\n","protected":false},"author":1,"featured_media":0,"comment_status":"open","ping_status":"open","sticky":false,"template":"","format":"standard","meta":{"footnotes":""},"categories":[14,13],"tags":[],"_links":{"self":[{"href":"https:\/\/www.tjes.jus.br\/corregedoria\/wp-json\/wp\/v2\/posts\/3631"}],"collection":[{"href":"https:\/\/www.tjes.jus.br\/corregedoria\/wp-json\/wp\/v2\/posts"}],"about":[{"href":"https:\/\/www.tjes.jus.br\/corregedoria\/wp-json\/wp\/v2\/types\/post"}],"author":[{"embeddable":true,"href":"https:\/\/www.tjes.jus.br\/corregedoria\/wp-json\/wp\/v2\/users\/1"}],"replies":[{"embeddable":true,"href":"https:\/\/www.tjes.jus.br\/corregedoria\/wp-json\/wp\/v2\/comments?post=3631"}],"version-history":[{"count":3,"href":"https:\/\/www.tjes.jus.br\/corregedoria\/wp-json\/wp\/v2\/posts\/3631\/revisions"}],"predecessor-version":[{"id":12196,"href":"https:\/\/www.tjes.jus.br\/corregedoria\/wp-json\/wp\/v2\/posts\/3631\/revisions\/12196"}],"wp:attachment":[{"href":"https:\/\/www.tjes.jus.br\/corregedoria\/wp-json\/wp\/v2\/media?parent=3631"}],"wp:term":[{"taxonomy":"category","embeddable":true,"href":"https:\/\/www.tjes.jus.br\/corregedoria\/wp-json\/wp\/v2\/categories?post=3631"},{"taxonomy":"post_tag","embeddable":true,"href":"https:\/\/www.tjes.jus.br\/corregedoria\/wp-json\/wp\/v2\/tags?post=3631"}],"curies":[{"name":"wp","href":"https:\/\/api.w.org\/{rel}","templated":true}]}}