{"id":36337,"date":"2023-03-30T17:15:50","date_gmt":"2023-03-30T20:15:50","guid":{"rendered":"https:\/\/www.tjes.jus.br\/corregedoria\/?p=36337"},"modified":"2023-03-30T17:15:50","modified_gmt":"2023-03-30T20:15:50","slug":"ato-no-001-2023-disp-23-03-2023","status":"publish","type":"post","link":"https:\/\/www.tjes.jus.br\/corregedoria\/2023\/03\/30\/ato-no-001-2023-disp-23-03-2023\/","title":{"rendered":"ATO N\u00ba 001\/2023 \u2013 DISP. 23\/03\/2023"},"content":{"rendered":"<p style=\"text-align: center;\"><strong>ESTADO DO ESP\u00cdRITO SANTO<\/strong><\/p>\n<p align=\"center\"><strong>PODER JUDICI\u00c1RIO<\/strong><\/p>\n<p align=\"center\"><strong>CORREGEDORIA GERAL DA JUSTI\u00c7<\/strong><strong>A<\/strong><\/p>\n<p>&nbsp;<\/p>\n<p>&nbsp;<\/p>\n<p align=\"center\"><strong>ATO N\u00ba \u00a0001\/2023<\/strong><\/p>\n<p>&nbsp;<\/p>\n<p>&nbsp;<\/p>\n<p align=\"justify\">O Excelent\u00edssimo Senhor Desembargador CARLOS SIM\u00d5ES FONSECA, Corregedor-Geral da Justi\u00e7a, no uso de suas atribui\u00e7\u00f5es legais e\u00a0 de acordo com a r. Decis\u00e1o\/Of\u00edcio 1426428, do Processo SEI 7006247-78.2020.8.08.0000, desta\u00a0Corregedoria Geral da Justi\u00e7a.<\/p>\n<p>&nbsp;<\/p>\n<p>&nbsp;<\/p>\n<p align=\"justify\"><em>RESOLVE:<\/em><\/p>\n<p>&nbsp;<\/p>\n<p>&nbsp;<\/p>\n<p align=\"justify\"><em>Aplicar ao servidor\u00a0MARCOS ANTONIO VIEIRA SPESSIMILLI<\/em>, Analista Judici\u00e1rio\u00a0&#8211; AJ- Oficial de Justi\u00e7a Avaliador, da Central de Mandados do Ju\u00edzo de Vit\u00f3ria &#8211; Comarca da Capital\/ES,\u00a0<em>a penalidade de suspens\u00e3o, pelo periodo de 10 (dez) dias<\/em>, com cancelamento autom\u00e1tico do pagamento da remunera\u00e7\u00e3o do servidor, referente a este per\u00edodo, tudo de acordo com o disposto no\u00a0<em>artigo 231, II, c\/c art. 244, II, ambos da Lei Complementar Estadual n\u00ba 46\/94.<\/em><\/p>\n<p>&nbsp;<\/p>\n<p align=\"justify\">Publique-se.<\/p>\n<p>&nbsp;<\/p>\n<p>&nbsp;<\/p>\n<p style=\"text-align: left;\" align=\"center\">Vit\u00f3ria-ES,\u00a008 de\u00a0mar\u00e7o de\u00a02023.<\/p>\n<p>&nbsp;<\/p>\n<p>&nbsp;<\/p>\n<p>&nbsp;<\/p>\n<p align=\"center\"><strong>Desembargador CARLOS SIM\u00d5ES FONSECA<\/strong><\/p>\n<p align=\"center\"><strong>Corregedor-Geral da Justi\u00e7a<\/strong><\/p>\n","protected":false},"excerpt":{"rendered":"<p>ESTADO DO ESP\u00cdRITO SANTO PODER JUDICI\u00c1RIO CORREGEDORIA GERAL DA JUSTI\u00c7A &nbsp; &nbsp; ATO N\u00ba \u00a0001\/2023 &nbsp; &nbsp; O Excelent\u00edssimo Senhor Desembargador CARLOS SIM\u00d5ES FONSECA, Corregedor-Geral da Justi\u00e7a, no uso de suas atribui\u00e7\u00f5es legais e\u00a0 de acordo com a r. Decis\u00e1o\/Of\u00edcio 1426428, do Processo SEI 7006247-78.2020.8.08.0000, desta\u00a0Corregedoria Geral da Justi\u00e7a. &nbsp; &nbsp; RESOLVE: &nbsp; &nbsp; Aplicar [&hellip;]<\/p>\n","protected":false},"author":8,"featured_media":0,"comment_status":"closed","ping_status":"closed","sticky":false,"template":"","format":"standard","meta":{"footnotes":""},"categories":[18,14],"tags":[],"_links":{"self":[{"href":"https:\/\/www.tjes.jus.br\/corregedoria\/wp-json\/wp\/v2\/posts\/36337"}],"collection":[{"href":"https:\/\/www.tjes.jus.br\/corregedoria\/wp-json\/wp\/v2\/posts"}],"about":[{"href":"https:\/\/www.tjes.jus.br\/corregedoria\/wp-json\/wp\/v2\/types\/post"}],"author":[{"embeddable":true,"href":"https:\/\/www.tjes.jus.br\/corregedoria\/wp-json\/wp\/v2\/users\/8"}],"replies":[{"embeddable":true,"href":"https:\/\/www.tjes.jus.br\/corregedoria\/wp-json\/wp\/v2\/comments?post=36337"}],"version-history":[{"count":1,"href":"https:\/\/www.tjes.jus.br\/corregedoria\/wp-json\/wp\/v2\/posts\/36337\/revisions"}],"predecessor-version":[{"id":36338,"href":"https:\/\/www.tjes.jus.br\/corregedoria\/wp-json\/wp\/v2\/posts\/36337\/revisions\/36338"}],"wp:attachment":[{"href":"https:\/\/www.tjes.jus.br\/corregedoria\/wp-json\/wp\/v2\/media?parent=36337"}],"wp:term":[{"taxonomy":"category","embeddable":true,"href":"https:\/\/www.tjes.jus.br\/corregedoria\/wp-json\/wp\/v2\/categories?post=36337"},{"taxonomy":"post_tag","embeddable":true,"href":"https:\/\/www.tjes.jus.br\/corregedoria\/wp-json\/wp\/v2\/tags?post=36337"}],"curies":[{"name":"wp","href":"https:\/\/api.w.org\/{rel}","templated":true}]}}