{"id":37210,"date":"2023-06-29T13:50:43","date_gmt":"2023-06-29T16:50:43","guid":{"rendered":"https:\/\/www.tjes.jus.br\/corregedoria\/?p=37210"},"modified":"2023-06-29T13:51:47","modified_gmt":"2023-06-29T16:51:47","slug":"ato-no-06-2023-disp-28-06-2023","status":"publish","type":"post","link":"https:\/\/www.tjes.jus.br\/corregedoria\/2023\/06\/29\/ato-no-06-2023-disp-28-06-2023\/","title":{"rendered":"ATO N\u00ba 06\/2023 \u2013 DISP. 28\/06\/2023"},"content":{"rendered":"<p style=\"text-align: center;\"><strong>ATO N\u00ba 06\/2023<\/strong><\/p>\n<p>&nbsp;<\/p>\n<p style=\"text-align: justify;\">O Excelent\u00edssimo Senhor Desembargador CARLOS SIM\u00d5ES FONSECA, Corregedor-Geral da Justi\u00e7a, no uso de suas atribui\u00e7\u00f5es legais e de acordo com a r. Decis\u00e3o\/Of\u00edcio ID. 2932251 e Despacho\/Of\u00edcio ID. 3010401, proferidos nos autos do Procedimento Administrativo PjeCor n\u00ba. 0000028-90.2023.2.00.0808, desta Corregedoria Geral da Justi\u00e7a.<\/p>\n<p>&nbsp;<\/p>\n<p><strong>RESOLVE:<\/strong><\/p>\n<p>&nbsp;<\/p>\n<p style=\"text-align: justify;\"><strong>Aplicar<\/strong>\u00a0ao\u00a0<strong>Sr. ESMAEL NUNES LOUREIRO<\/strong>, Delegat\u00e1rio Titular do Cart\u00f3rio de Registro Civil e Tabelionato de Notas do Munic\u00edpio de Sooretama, Comarca de Linhares\/ES, a pena de suspens\u00e3o pelo per\u00edodo de\u00a0<strong>30 (trinta) dias<\/strong>, a partir de 20\/06\/2023, de acordo com disposto no artigo 32, inc. III, da Lei n\u00ba 8.935\/1994.<\/p>\n<p>&nbsp;<\/p>\n<p>Publique-se.<\/p>\n<p>&nbsp;<\/p>\n<p>Vit\u00f3ria, 27 de junho de 2023.<\/p>\n<p>&nbsp;<\/p>\n<p style=\"text-align: center;\"><strong>Des. CARLOS SIM\u00d5ES FONSECA<\/strong><br \/>\n<strong>Corregedor-Geral da Justi\u00e7a<\/strong><\/p>\n","protected":false},"excerpt":{"rendered":"<p>ATO N\u00ba 06\/2023 &nbsp; O Excelent\u00edssimo Senhor Desembargador CARLOS SIM\u00d5ES FONSECA, Corregedor-Geral da Justi\u00e7a, no uso de suas atribui\u00e7\u00f5es legais e de acordo com a r. Decis\u00e3o\/Of\u00edcio ID. 2932251 e Despacho\/Of\u00edcio ID. 3010401, proferidos nos autos do Procedimento Administrativo PjeCor n\u00ba. 0000028-90.2023.2.00.0808, desta Corregedoria Geral da Justi\u00e7a. &nbsp; RESOLVE: &nbsp; Aplicar\u00a0ao\u00a0Sr. ESMAEL NUNES LOUREIRO, Delegat\u00e1rio [&hellip;]<\/p>\n","protected":false},"author":8,"featured_media":0,"comment_status":"closed","ping_status":"closed","sticky":false,"template":"","format":"standard","meta":{"footnotes":""},"categories":[18,14],"tags":[],"_links":{"self":[{"href":"https:\/\/www.tjes.jus.br\/corregedoria\/wp-json\/wp\/v2\/posts\/37210"}],"collection":[{"href":"https:\/\/www.tjes.jus.br\/corregedoria\/wp-json\/wp\/v2\/posts"}],"about":[{"href":"https:\/\/www.tjes.jus.br\/corregedoria\/wp-json\/wp\/v2\/types\/post"}],"author":[{"embeddable":true,"href":"https:\/\/www.tjes.jus.br\/corregedoria\/wp-json\/wp\/v2\/users\/8"}],"replies":[{"embeddable":true,"href":"https:\/\/www.tjes.jus.br\/corregedoria\/wp-json\/wp\/v2\/comments?post=37210"}],"version-history":[{"count":1,"href":"https:\/\/www.tjes.jus.br\/corregedoria\/wp-json\/wp\/v2\/posts\/37210\/revisions"}],"predecessor-version":[{"id":37211,"href":"https:\/\/www.tjes.jus.br\/corregedoria\/wp-json\/wp\/v2\/posts\/37210\/revisions\/37211"}],"wp:attachment":[{"href":"https:\/\/www.tjes.jus.br\/corregedoria\/wp-json\/wp\/v2\/media?parent=37210"}],"wp:term":[{"taxonomy":"category","embeddable":true,"href":"https:\/\/www.tjes.jus.br\/corregedoria\/wp-json\/wp\/v2\/categories?post=37210"},{"taxonomy":"post_tag","embeddable":true,"href":"https:\/\/www.tjes.jus.br\/corregedoria\/wp-json\/wp\/v2\/tags?post=37210"}],"curies":[{"name":"wp","href":"https:\/\/api.w.org\/{rel}","templated":true}]}}