{"id":37394,"date":"2023-07-17T14:10:23","date_gmt":"2023-07-17T17:10:23","guid":{"rendered":"https:\/\/www.tjes.jus.br\/corregedoria\/?p=37394"},"modified":"2023-07-17T14:10:23","modified_gmt":"2023-07-17T17:10:23","slug":"resolucao-no-022-2023-disp-17-07-2023","status":"publish","type":"post","link":"https:\/\/www.tjes.jus.br\/corregedoria\/2023\/07\/17\/resolucao-no-022-2023-disp-17-07-2023\/","title":{"rendered":"RESOLU\u00c7\u00c3O N\u00ba 022\/2023 \u2013 DISP. 17\/07\/2023"},"content":{"rendered":"<div class=\"override-text\" align=\"center\">\n<p style=\"text-align: center;\">PODER JUDICI\u00c1RIO DO ESTADO DO ESP\u00cdRITO SANTO &#8211; PJES<\/p>\n<p style=\"text-align: center;\">RUA DESEMBARGADOR HOMERO MAFRA,60 &#8211; Bairro ENSEADA DO SU\u00c1 &#8211; CEP 29050906 &#8211; Vit\u00f3ria &#8211; ES &#8211;\u00a0<a href=\"https:\/\/www.tjes.jus.br\/\">www.tjes.jus.br<\/a><\/p>\n<p style=\"text-align: center;\">\n<\/div>\n<p>&nbsp;<\/p>\n<p class=\"Texto_Centralizado\" style=\"text-align: center;\"><strong>RESOLU\u00c7\u00c3O N\u00ba 022\/2023<\/strong><\/p>\n<p>&nbsp;<\/p>\n<p>&nbsp;<\/p>\n<p class=\"Texto_Justificado_Recuo_Primeira_Linha\" style=\"text-align: justify;\">O Presidente do Tribunal de Justi\u00e7a do Estado do Esp\u00edrito Santo, no uso de suas atribui\u00e7\u00f5es legais e regimentais, tendo em vista decis\u00e3o do c. Tribunal Pleno, em Sess\u00e3o Ordin\u00e1ria realizada no dia 13 de julho do ano de 2023, resolve:<\/p>\n<p class=\"Texto_Justificado_Recuo_Primeira_Linha\" style=\"text-align: justify;\"><strong>Art. 1\u00ba\u00a0<\/strong>&#8211; Agraciar o eminente Desembargador Jorge do Nascimento Viana com a Comenda \u201cGr\u00e3-Cruz do M\u00e9rito Judici\u00e1rio\u201d, pelo not\u00e1vel desempenho ao longo da sua carreira jur\u00eddica e pelo carinho e considera\u00e7\u00e3o especial que tem devotado \u00e0 Magistratura Capixaba.<\/p>\n<p class=\"Texto_Justificado_Recuo_Primeira_Linha\" style=\"text-align: justify;\"><strong>Art. 2\u00ba<\/strong>\u00a0&#8211; A Comenda em refer\u00eancia ser\u00e1 entregue na Sess\u00e3o Ordin\u00e1ria deste Egr\u00e9gio Tribunal do dia 27 de julho do corrente ano.<\/p>\n<p class=\"Texto_Justificado_Recuo_Primeira_Linha\">Publique-se.<\/p>\n<p>&nbsp;<\/p>\n<p class=\"Texto_Centralizado\">Vit\u00f3ria\/ES, 14 de julho de 2023.<\/p>\n<p>&nbsp;<\/p>\n<p>&nbsp;<\/p>\n<p>&nbsp;<\/p>\n<p class=\"Texto_Centralizado\" style=\"text-align: center;\"><strong>Desembargador Fabio Clem de Oliveira<\/strong><\/p>\n<p class=\"Texto_Centralizado\" style=\"text-align: center;\"><strong>Presidente<\/strong><\/p>\n","protected":false},"excerpt":{"rendered":"<p>PODER JUDICI\u00c1RIO DO ESTADO DO ESP\u00cdRITO SANTO &#8211; PJES RUA DESEMBARGADOR HOMERO MAFRA,60 &#8211; Bairro ENSEADA DO SU\u00c1 &#8211; CEP 29050906 &#8211; Vit\u00f3ria &#8211; ES &#8211;\u00a0www.tjes.jus.br &nbsp; RESOLU\u00c7\u00c3O N\u00ba 022\/2023 &nbsp; &nbsp; O Presidente do Tribunal de Justi\u00e7a do Estado do Esp\u00edrito Santo, no uso de suas atribui\u00e7\u00f5es legais e regimentais, tendo em vista decis\u00e3o [&hellip;]<\/p>\n","protected":false},"author":8,"featured_media":0,"comment_status":"closed","ping_status":"closed","sticky":false,"template":"","format":"standard","meta":{"footnotes":""},"categories":[4,14],"tags":[],"_links":{"self":[{"href":"https:\/\/www.tjes.jus.br\/corregedoria\/wp-json\/wp\/v2\/posts\/37394"}],"collection":[{"href":"https:\/\/www.tjes.jus.br\/corregedoria\/wp-json\/wp\/v2\/posts"}],"about":[{"href":"https:\/\/www.tjes.jus.br\/corregedoria\/wp-json\/wp\/v2\/types\/post"}],"author":[{"embeddable":true,"href":"https:\/\/www.tjes.jus.br\/corregedoria\/wp-json\/wp\/v2\/users\/8"}],"replies":[{"embeddable":true,"href":"https:\/\/www.tjes.jus.br\/corregedoria\/wp-json\/wp\/v2\/comments?post=37394"}],"version-history":[{"count":1,"href":"https:\/\/www.tjes.jus.br\/corregedoria\/wp-json\/wp\/v2\/posts\/37394\/revisions"}],"predecessor-version":[{"id":37395,"href":"https:\/\/www.tjes.jus.br\/corregedoria\/wp-json\/wp\/v2\/posts\/37394\/revisions\/37395"}],"wp:attachment":[{"href":"https:\/\/www.tjes.jus.br\/corregedoria\/wp-json\/wp\/v2\/media?parent=37394"}],"wp:term":[{"taxonomy":"category","embeddable":true,"href":"https:\/\/www.tjes.jus.br\/corregedoria\/wp-json\/wp\/v2\/categories?post=37394"},{"taxonomy":"post_tag","embeddable":true,"href":"https:\/\/www.tjes.jus.br\/corregedoria\/wp-json\/wp\/v2\/tags?post=37394"}],"curies":[{"name":"wp","href":"https:\/\/api.w.org\/{rel}","templated":true}]}}