{"id":37513,"date":"2023-07-26T13:08:35","date_gmt":"2023-07-26T16:08:35","guid":{"rendered":"https:\/\/www.tjes.jus.br\/corregedoria\/?p=37513"},"modified":"2023-07-26T13:08:35","modified_gmt":"2023-07-26T16:08:35","slug":"corregedor-geral-da-justica-participa-de-entrega-de-titulos-de-regularizacao-fundiaria-em-ibatiba","status":"publish","type":"post","link":"https:\/\/www.tjes.jus.br\/corregedoria\/2023\/07\/26\/corregedor-geral-da-justica-participa-de-entrega-de-titulos-de-regularizacao-fundiaria-em-ibatiba\/","title":{"rendered":"Corregedor-Geral da Justi\u00e7a participa de entrega de t\u00edtulos de regulariza\u00e7\u00e3o fundi\u00e1ria em Ibatiba"},"content":{"rendered":"<p>&nbsp;<\/p>\n<blockquote><p>O evento contou com a presen\u00e7a do prefeito do munic\u00edpio, dos ju\u00edzes corregedores e de autoridades locais.<\/p><\/blockquote>\n<p style=\"text-align: justify;\">Nesta ter\u00e7a-feira (25\/07), o corregedor-geral da Justi\u00e7a, desembargador Carlos Sim\u00f5es Fonseca, participou da entrega de t\u00edtulos de regulariza\u00e7\u00e3o fundi\u00e1ria no munic\u00edpio de Ibatiba, que contou tamb\u00e9m com a presen\u00e7a do prefeito Luciano Pingo e do presidente do Instituto Fucape, Valcemiro Nossa, da Oficiala Titular do Cart\u00f3rio do 1\u00ba Of\u00edcio de Ibatiba, Kenia Mara Felipetto Malta Valadares, dos ju\u00edzes corregedores, Marcelo Menezes Loureiro, Akel de Andrade Lima e Daniel Barrioni de Oliveira e demais autoridades locais. O evento aconteceu pela manh\u00e3, no audit\u00f3rio do CREAS.<\/p>\n<p><img loading=\"lazy\" decoding=\"async\" class=\"aligncenter size-full wp-image-165197\" src=\"https:\/\/www.tjes.jus.br\/wp-content\/uploads\/INT_2_250723_cgj_entr_tit_reg_fund_ibatiba_787.jpg\" sizes=\"(max-width: 787px) 100vw, 787px\" srcset=\"https:\/\/www.tjes.jus.br\/wp-content\/uploads\/INT_2_250723_cgj_entr_tit_reg_fund_ibatiba_787.jpg 787w, https:\/\/www.tjes.jus.br\/wp-content\/uploads\/INT_2_250723_cgj_entr_tit_reg_fund_ibatiba_787-300x200.jpg 300w\" alt=\"O Corregedor Geral a Justi\u00e7a do Esp\u00edrito Santo, desembargador Carlos Sim\u00f5es Fonseca.\" width=\"787\" height=\"525\" \/><\/p>\n<p style=\"text-align: justify;\">Na cerim\u00f4nia, que teve cerca de 100 benefici\u00e1rios, 12 moradores foram homenageados. \u201cRepresenta uma conquista, uma resposta aos anseios dessa popula\u00e7\u00e3o que padece com as dificuldades de regulariza\u00e7\u00e3o de seus t\u00edtulos de propriedades, lotes, terrenos, etc. E as prefeituras e registradores dos munic\u00edpios de todo o estado seguem nesse trabalho conjunto para fomentar essas regulariza\u00e7\u00f5es. \u00c9 um verdadeiro resgate da cidadania. Prestigiar essas pessoas recebendo seus t\u00edtulos \u00e9 uma forma do Poder Judici\u00e1rio se aproximar da sociedade\u201d, destacou o corregedor Geral da Justi\u00e7a, desembargador Carlos Sim\u00f5es Fonseca.<\/p>\n<p style=\"text-align: justify;\">Para o diretor-presidente da Fucape, Valcemiro Nossa, a articula\u00e7\u00e3o entre as institui\u00e7\u00f5es \u00e9 extremamente importante para que toda comunidade no Brasil tenha mais facilidade na regulariza\u00e7\u00e3o de seus im\u00f3veis. \u201cDescobriu-se que algo que parecia ser muito dif\u00edcil de se resolver, com vontade de todos e articula\u00e7\u00e3o entre as institui\u00e7\u00f5es, se tornou um problema f\u00e1cil de se resolver. Parab\u00e9ns a voc\u00eas que receberam os t\u00edtulos e parab\u00e9ns a toda a equipe que trabalhou para que isso acontecesse\u201d.<\/p>\n<p style=\"text-align: justify;\">O prefeito de Ibatiba, Luciano Pingo, disse que deseja fortalecer ainda mais a parceria. Que n\u00f3s possamos realizar sonhos. \u201cSabemos o quanto isso \u00e9 valioso. Porque \u00e0s vezes a pessoa quer melhorar sua qualidade de vida, mas n\u00e3o tem documento para conseguir ir no banco fazer um financiamento. Quero parabenizar essa iniciativa do Poder Judici\u00e1rio ao celebrar essa parceria com os munic\u00edpios, isso demonstra uma Justi\u00e7a trabalhando tamb\u00e9m de maneira preventiva e n\u00e3o s\u00f3 punitiva\u201d.<\/p>\n<p style=\"text-align: justify;\">Como agentes da regulariza\u00e7\u00e3o imobili\u00e1ria nos munic\u00edpios, os cart\u00f3rios de Registro de Im\u00f3veis s\u00e3o determinantes para o sucesso da Reurb. S\u00e3o os registradores que det\u00eam o conhecimento necess\u00e1rio para que os processos sejam realizados dentro do que diz a legisla\u00e7\u00e3o.<\/p>\n<p style=\"text-align: justify;\">\u201cEste projeto demonstra a principal finalidade de cunho social que os cart\u00f3rios podem exercer nos tempos atuais. Com a entrega dos t\u00edtulos de propriedade devidamente registrados, sem \u00f4nus aos benefici\u00e1rios podemos garantir o que estabelece o princ\u00edpio da dignidade da pessoa humana, bem como o do direito de propriedade, previstos na nossa Constitui\u00e7\u00e3o\u201d, destacou a Oficiala Titular do Cart\u00f3rio do 1\u00ba Of\u00edcio de Ibatiba, Kenia Mara Felipetto Malta Valadares.<\/p>\n<p><img loading=\"lazy\" decoding=\"async\" class=\"aligncenter size-full wp-image-165198\" src=\"https:\/\/www.tjes.jus.br\/wp-content\/uploads\/INT_250723_cgj_entr_tit_reg_fund_ibatiba_787.jpg\" sizes=\"(max-width: 787px) 100vw, 787px\" srcset=\"https:\/\/www.tjes.jus.br\/wp-content\/uploads\/INT_250723_cgj_entr_tit_reg_fund_ibatiba_787.jpg 787w, https:\/\/www.tjes.jus.br\/wp-content\/uploads\/INT_250723_cgj_entr_tit_reg_fund_ibatiba_787-300x200.jpg 300w\" alt=\"Autoridades diversas posam para foto.\" width=\"787\" height=\"525\" \/><\/p>\n<p>&nbsp;<\/p>\n<p>Vit\u00f3ria, 25 de julho de 2023<\/p>\n<p>&nbsp;<\/p>\n<p><strong>Informa\u00e7\u00f5es \u00e0 Imprensa<\/strong><\/p>\n<p>Assessoria de Imprensa e Comunica\u00e7\u00e3o Social do TJES<br \/>\nTexto: Tais Valle |\u00a0<a href=\"mailto:tspenedo@tjes.jus.br\">tspenedo@tjes.jus.br<\/a><\/p>\n<p>Maira Ferreira<br \/>\nAssessora de Comunica\u00e7\u00e3o do TJES<\/p>\n<p><a href=\"mailto:imprensa@tjes.jus.br\">imprensa@tjes.jus.br<\/a><br \/>\nwww.tjes.jus.br<\/p>\n","protected":false},"excerpt":{"rendered":"<p>&nbsp; O evento contou com a presen\u00e7a do prefeito do munic\u00edpio, dos ju\u00edzes corregedores e de autoridades locais. Nesta ter\u00e7a-feira (25\/07), o corregedor-geral da Justi\u00e7a, desembargador Carlos Sim\u00f5es Fonseca, participou da entrega de t\u00edtulos de regulariza\u00e7\u00e3o fundi\u00e1ria no munic\u00edpio de Ibatiba, que contou tamb\u00e9m com a presen\u00e7a do prefeito Luciano Pingo e do presidente do [&hellip;]<\/p>\n","protected":false},"author":8,"featured_media":37522,"comment_status":"closed","ping_status":"closed","sticky":false,"template":"","format":"standard","meta":{"footnotes":""},"categories":[1],"tags":[],"_links":{"self":[{"href":"https:\/\/www.tjes.jus.br\/corregedoria\/wp-json\/wp\/v2\/posts\/37513"}],"collection":[{"href":"https:\/\/www.tjes.jus.br\/corregedoria\/wp-json\/wp\/v2\/posts"}],"about":[{"href":"https:\/\/www.tjes.jus.br\/corregedoria\/wp-json\/wp\/v2\/types\/post"}],"author":[{"embeddable":true,"href":"https:\/\/www.tjes.jus.br\/corregedoria\/wp-json\/wp\/v2\/users\/8"}],"replies":[{"embeddable":true,"href":"https:\/\/www.tjes.jus.br\/corregedoria\/wp-json\/wp\/v2\/comments?post=37513"}],"version-history":[{"count":2,"href":"https:\/\/www.tjes.jus.br\/corregedoria\/wp-json\/wp\/v2\/posts\/37513\/revisions"}],"predecessor-version":[{"id":37523,"href":"https:\/\/www.tjes.jus.br\/corregedoria\/wp-json\/wp\/v2\/posts\/37513\/revisions\/37523"}],"wp:featuredmedia":[{"embeddable":true,"href":"https:\/\/www.tjes.jus.br\/corregedoria\/wp-json\/wp\/v2\/media\/37522"}],"wp:attachment":[{"href":"https:\/\/www.tjes.jus.br\/corregedoria\/wp-json\/wp\/v2\/media?parent=37513"}],"wp:term":[{"taxonomy":"category","embeddable":true,"href":"https:\/\/www.tjes.jus.br\/corregedoria\/wp-json\/wp\/v2\/categories?post=37513"},{"taxonomy":"post_tag","embeddable":true,"href":"https:\/\/www.tjes.jus.br\/corregedoria\/wp-json\/wp\/v2\/tags?post=37513"}],"curies":[{"name":"wp","href":"https:\/\/api.w.org\/{rel}","templated":true}]}}