{"id":3772,"date":"2016-07-05T16:15:50","date_gmt":"2016-07-05T19:15:50","guid":{"rendered":"https:\/\/www.tjes.jus.br\/corregedoria\/?p=3772"},"modified":"2017-03-13T16:13:07","modified_gmt":"2017-03-13T19:13:07","slug":"resolucao-no-0622013-disp-11112013","status":"publish","type":"post","link":"https:\/\/www.tjes.jus.br\/corregedoria\/2016\/07\/05\/resolucao-no-0622013-disp-11112013\/","title":{"rendered":"RESOLU\u00c7\u00c3O N\u00ba 062\/2013 &#8211; DISP. 11\/11\/2013 &#8211; REVOGADA"},"content":{"rendered":"<p align=\"CENTER\"><del><strong>ESTADO DO ESP\u00cdRITO SANTO<\/strong><\/del><\/p>\n<p align=\"CENTER\"><del><strong>PODER JUDICI\u00c1RIO<\/strong><\/del><\/p>\n<p align=\"CENTER\"><del><strong>TRIBUNAL DE JUSTI\u00c7A<\/strong><\/del><\/p>\n<p align=\"CENTER\"><del><strong>RESOLU\u00c7\u00c3O N\u00ba 062\/2013<\/strong><\/del><\/p>\n<p align=\"JUSTIFY\"><del><em>Altera o inciso VIII, do art. 3\u00ba, da Resolu\u00e7\u00e3o n\u00ba 17\/2011 do Tribunal de Justi\u00e7a do Estado do Esp\u00edrito Santo sobre o exerc\u00edcio da fun\u00e7\u00e3o de Juiz Leigo, adequando seus termos \u00e0 Resolu\u00e7\u00e3o n\u00ba 174\/2013 do Conselho Nacional de Justi\u00e7a.<\/em><\/del><\/p>\n<p align=\"JUSTIFY\"><del><strong>O PRESIDENTE DO EGR\u00c9GIO TRIBUNAL DE JUSTI\u00c7A DO ESTADO DO ESP\u00cdRITO SANTO, usando de suas atribui\u00e7\u00f5es legais, e tendo em vista a decis\u00e3o do Egr\u00e9gio Tribunal Pleno em sess\u00e3o ordin\u00e1ria realizada nesta data e considerando a previs\u00e3o constante no art. 6\u00ba e par\u00e1grafo \u00fanico da Resolu\u00e7\u00e3o n\u00ba 1748\/2013 do Conselho Nacional de Justi\u00e7a,<\/strong><\/del><\/p>\n<p align=\"JUSTIFY\"><del><strong>RESOLVE:<\/strong><\/del><\/p>\n<p align=\"JUSTIFY\"><del><strong>Art. 1\u00ba.<\/strong> Alterar o inciso VIII, do art. 3\u00ba, da <a href=\"https:\/\/www.tjes.jus.br\/corregedoria\/index.php\/2017\/02\/16\/resolucao-no-172011-publ-em-18042011-alterada\/\" target=\"_blank\">Resolu\u00e7\u00e3o 17\/2011<\/a> do Tribunal de Justi\u00e7a do Estado do Esp\u00edrito Santo, que passar\u00e1 a vigorar com o seguinte teor:<\/del><\/p>\n<p style=\"padding-left: 30px;\" align=\"JUSTIFY\"><del>\u201cVIII &#8211; n\u00e3o exercer a advocacia no Sistema dos Juizados Especiais da respectiva Comarca, enquanto no desempenho das respectivas fun\u00e7\u00f5es.\u201d<\/del><\/p>\n<p align=\"JUSTIFY\"><del><strong>Art. 2\u00ba.<\/strong> Esta Resolu\u00e7\u00e3o entra em vigor na data de sua publica\u00e7\u00e3o.<\/del><\/p>\n<p style=\"text-align: center;\" align=\"JUSTIFY\"><del>Vit\u00f3ria\/ES, 31 de outubro de 2013.<\/del><\/p>\n<p style=\"text-align: center;\" align=\"CENTER\"><del><strong>DESEMBARGADOR PEDRO VALLS FEU ROSA<br \/>\n<\/strong><strong>Presidente do Egr\u00e9gio Tribunal de Justi\u00e7a do Estado do Esp\u00edrito Santo<\/strong><\/del><\/p>\n<h2 style=\"text-align: center;\"><span style=\"color: #ff0000;\">REVOGADA PELA <a href=\"https:\/\/www.tjes.jus.br\/corregedoria\/index.php\/2016\/07\/04\/resolucao-no-282015-disp-26062015\/\" target=\"_blank\">RESOLU\u00c7\u00c3O N\u00ba 28\/2015<\/a> &#8211; DISP. 26\/06\/2015<\/span><\/h2>\n","protected":false},"excerpt":{"rendered":"<p>ESTADO DO ESP\u00cdRITO SANTO PODER JUDICI\u00c1RIO TRIBUNAL DE JUSTI\u00c7A RESOLU\u00c7\u00c3O N\u00ba 062\/2013 Altera o inciso VIII, do art. 3\u00ba, da Resolu\u00e7\u00e3o n\u00ba 17\/2011 do Tribunal de Justi\u00e7a do Estado do Esp\u00edrito Santo sobre o exerc\u00edcio da fun\u00e7\u00e3o de Juiz Leigo, adequando seus termos \u00e0 Resolu\u00e7\u00e3o n\u00ba 174\/2013 do Conselho Nacional de Justi\u00e7a. O PRESIDENTE DO [&hellip;]<\/p>\n","protected":false},"author":1,"featured_media":0,"comment_status":"open","ping_status":"open","sticky":false,"template":"","format":"standard","meta":{"footnotes":""},"categories":[14,13],"tags":[],"_links":{"self":[{"href":"https:\/\/www.tjes.jus.br\/corregedoria\/wp-json\/wp\/v2\/posts\/3772"}],"collection":[{"href":"https:\/\/www.tjes.jus.br\/corregedoria\/wp-json\/wp\/v2\/posts"}],"about":[{"href":"https:\/\/www.tjes.jus.br\/corregedoria\/wp-json\/wp\/v2\/types\/post"}],"author":[{"embeddable":true,"href":"https:\/\/www.tjes.jus.br\/corregedoria\/wp-json\/wp\/v2\/users\/1"}],"replies":[{"embeddable":true,"href":"https:\/\/www.tjes.jus.br\/corregedoria\/wp-json\/wp\/v2\/comments?post=3772"}],"version-history":[{"count":5,"href":"https:\/\/www.tjes.jus.br\/corregedoria\/wp-json\/wp\/v2\/posts\/3772\/revisions"}],"predecessor-version":[{"id":12584,"href":"https:\/\/www.tjes.jus.br\/corregedoria\/wp-json\/wp\/v2\/posts\/3772\/revisions\/12584"}],"wp:attachment":[{"href":"https:\/\/www.tjes.jus.br\/corregedoria\/wp-json\/wp\/v2\/media?parent=3772"}],"wp:term":[{"taxonomy":"category","embeddable":true,"href":"https:\/\/www.tjes.jus.br\/corregedoria\/wp-json\/wp\/v2\/categories?post=3772"},{"taxonomy":"post_tag","embeddable":true,"href":"https:\/\/www.tjes.jus.br\/corregedoria\/wp-json\/wp\/v2\/tags?post=3772"}],"curies":[{"name":"wp","href":"https:\/\/api.w.org\/{rel}","templated":true}]}}