{"id":38161,"date":"2023-10-03T14:44:42","date_gmt":"2023-10-03T17:44:42","guid":{"rendered":"https:\/\/www.tjes.jus.br\/corregedoria\/?p=38161"},"modified":"2023-10-03T14:47:18","modified_gmt":"2023-10-03T17:47:18","slug":"provimento-no-19-2023-disp-03-10-2023","status":"publish","type":"post","link":"https:\/\/www.tjes.jus.br\/corregedoria\/2023\/10\/03\/provimento-no-19-2023-disp-03-10-2023\/","title":{"rendered":"PROVIMENTO N\u00ba 19\/2023 \u2013 DISP. 03\/10\/2023"},"content":{"rendered":"<p style=\"text-align: center;\"><strong>PODER JUDICI\u00c1RIO DO ESTADO DO ESP\u00cdRITO SANTO &#8211; PJES<\/strong><\/p>\n<p style=\"text-align: center;\"><strong>CORREGEDORIA GERAL DA\u00a0JUSTI\u00c7A<\/strong><\/p>\n<p>&nbsp;<\/p>\n<p style=\"text-align: center;\"><strong>PROVIMENTO N\u00ba 19\/2023<\/strong><\/p>\n<p>&nbsp;<\/p>\n<p>&nbsp;<\/p>\n<p>O Desembargador\u00a0<strong>CARLOS SIM\u00d5ES FONSECA<\/strong>, Corregedor Geral da Justi\u00e7a do Estado do Esp\u00edrito Santo, no uso de suas atribui\u00e7\u00f5es legais e,<\/p>\n<p style=\"text-align: justify;\"><strong>CONSIDERANDO<\/strong>\u00a0que a Corregedoria Geral da Justi\u00e7a do Estado do Esp\u00edrito Santo \u00e9 \u00f3rg\u00e3o de fiscaliza\u00e7\u00e3o, que disciplina a orienta\u00e7\u00e3o administrativa, com jurisdi\u00e7\u00e3o em todo Estado, conforme disp\u00f5e o art. 35, da Lei Complementar Estadual no 234\/2002;<\/p>\n<p style=\"text-align: justify;\"><strong>CONSIDERANDO\u00a0<\/strong>ser o C\u00f3digo de Normas a principal ferramenta de que disp\u00f5e a Corregedoria Geral da Justi\u00e7a para uniformizar a orienta\u00e7\u00e3o administrativa do foro judicial e extrajudicial em todo o Estado, sendo imperioso e necess\u00e1rio o constante aprimoramento das diversas disposi\u00e7\u00f5es nele contidas;<\/p>\n<p style=\"text-align: justify;\"><strong>CONSIDERANDO<\/strong>\u00a0o quanto consta do processo administrativo SEI n\u00ba 7006864-04.2021.8.08.0000, que trata de requerimento da Secretaria do Patrim\u00f4nio da Uni\u00e3o &#8211; SPU, pugnando pela institui\u00e7\u00e3o de norma que permita ao registrador de im\u00f3veis utilizar os documentos previstos no art. 74 do Decreto-lei n\u00ba 9760\/1946 para a abertura de matr\u00edcula\/e ou registro de enfiteuse e aquisi\u00e7\u00e3o de ocupa\u00e7\u00e3o de im\u00f3vel da Uni\u00e3o em favor de particulares, adequando o art. 454 do C\u00f3digo de Normas da Corregedoria Geral da Justi\u00e7a \u2013 Tomo II \u2013 Foro Extrajudicial ao disposto da Lei n\u00ba 9.636\/1998, alterada pela Lei n\u00ba 14.474\/2022;<\/p>\n<p style=\"text-align: justify;\"><strong>CONSIDERANDO<\/strong>\u00a0que, dada a relev\u00e2ncia do tema, foi publicado o Ato n\u00ba 07\/2023 dessa Corregedoria Geral da Justi\u00e7a, instituindo grupo de trabalho permanente para realiza\u00e7\u00e3o de estudos, elabora\u00e7\u00e3o de propostas de atualiza\u00e7\u00e3o normativa e de uniformiza\u00e7\u00e3o de procedimentos no \u00e2mbito do Poder Judici\u00e1rio do Esp\u00edrito Santo, no que se refere ao registro imobili\u00e1rio de bens da Uni\u00e3o classificados como\u00a0<em>terrenos de marinha<\/em>;<\/p>\n<p style=\"text-align: justify;\"><strong>CONSIDERANDO\u00a0<\/strong>que os componentes do referido grupo de trabalho, de forma cooperativa, se reuniram e manifestaram nos autos posi\u00e7\u00e3o favor\u00e1vel \u00e0 inser\u00e7\u00e3o de dispositivos regulamentando a mat\u00e9ria;<\/p>\n<p style=\"text-align: justify;\"><strong>CONSIDERANDO<\/strong>\u00a0que a regulamenta\u00e7\u00e3o visa conferir publicidade e seguran\u00e7a jur\u00eddica aos atos registrais envolvendo bens de dom\u00ednio da Uni\u00e3o, notadamente dos terrenos de marinha, garantindo a higidez dos servi\u00e7os registrais e contribuindo para o bom funcionamento das institui\u00e7\u00f5es p\u00fablicas e incremento da atividade econ\u00f4mica;<\/p>\n<p style=\"text-align: justify;\"><strong>CONSIDERANDO\u00a0<\/strong>que incentivar e melhorar o acesso ao registro imobili\u00e1rio para foreiros e ocupantes de terrenos de marinha \u00e9 medida que vem ao encontro do fundamento constitucional da dignidade da pessoa humana, do direito social \u00e0 moradia e da garantia fundamental da fun\u00e7\u00e3o social da propriedade;<\/p>\n<p style=\"text-align: justify;\"><strong>CONSIDERANDO<\/strong>\u00a0o alinhamento da Corregedoria Geral de Justi\u00e7a do Estado do Esp\u00edrito Santo \u00e0s pol\u00edticas judici\u00e1rias nacionais, estabelecidas pelo Conselho Nacional de Justi\u00e7a, visando contribuir para a efetiva\u00e7\u00e3o de direitos, a pacifica\u00e7\u00e3o social e o desenvolvimento do pa\u00eds, especialmente no campo das regulariza\u00e7\u00f5es fundi\u00e1ria e imobili\u00e1ria, no que se insere o acesso ao sistema registral de im\u00f3veis;<\/p>\n<p>&nbsp;<\/p>\n<p>&nbsp;<\/p>\n<p><strong>RESOLVE<\/strong>:<\/p>\n<p>&nbsp;<\/p>\n<p>&nbsp;<\/p>\n<p style=\"text-align: justify;\"><strong>Art. 1\u00ba.<\/strong>\u00a0Alterar a reda\u00e7\u00e3o do \u00a7 2\u00ba e incluir os par\u00e1grafos 3\u00ba e 4\u00ba na reda\u00e7\u00e3o do art. 454 do C\u00f3digo de Normas &#8211; Foro Extrajudicial &#8211; Tomo II, da Corregedoria Geral de Justi\u00e7a, de modo que o dispositivo ficar\u00e1 com a seguinte reda\u00e7\u00e3o:<\/p>\n<p style=\"text-align: justify;\">Art. 454. O direito de ocupa\u00e7\u00e3o em terreno de marinha pode ser averbado, a pedido de interessado, desde que o im\u00f3vel esteja regularmente registrado em nome da Uni\u00e3o e n\u00e3o haja oposi\u00e7\u00e3o desta \u00e0 realiza\u00e7\u00e3o da averba\u00e7\u00e3o.<\/p>\n<p style=\"text-align: justify;\">\u00a7 1\u00ba A averba\u00e7\u00e3o de que trata o\u00a0<em>caput<\/em>deste artigo funda-se no princ\u00edpio imobili\u00e1rio da concentra\u00e7\u00e3o, para ampla publicidade do fato e a preserva\u00e7\u00e3o da boa-f\u00e9, e n\u00e3o substitui o registro perante a Secretaria do Patrim\u00f4nio da Uni\u00e3o \u2013 SPU, n\u00e3o exclui ou modifica o regime jur\u00eddico pr\u00f3prio a que est\u00e3o submetidos os im\u00f3veis de propriedade da Uni\u00e3o e tamb\u00e9m n\u00e3o altera a natureza, decorrente de lei, da rela\u00e7\u00e3o jur\u00eddica entre a Uni\u00e3o e o ocupante.<\/p>\n<p style=\"text-align: justify;\">\u00a7 2\u00ba As posteriores transmiss\u00f5es do direito de ocupa\u00e7\u00e3o j\u00e1 inseridas na matr\u00edcula imobili\u00e1ria tamb\u00e9m poder\u00e3o ser averbadas, conforme as prescri\u00e7\u00f5es deste artigo, em nome do atual ocupante constante da certid\u00e3o de cadeia sucess\u00f3ria expedida pela Secretaria do Patrim\u00f4nio da Uni\u00e3o \u2013 SPU, dispensando-se as averba\u00e7\u00f5es dos ocupantes anteriores.<\/p>\n<p style=\"text-align: justify;\">\u00a7 3\u00ba Mesmo havendo ocupa\u00e7\u00f5es anteriores j\u00e1 registradas o registrador poder\u00e1 efetivar o registro imobili\u00e1rio mediante a apresenta\u00e7\u00e3o de contrato enfit\u00eautico ou certid\u00e3o de cadeia sucess\u00f3ria de ocupantes, expedidos pela Secretaria do Patrim\u00f4nio da Uni\u00e3o \u2013 SPU, registrando a enfiteuse ou os direitos de ocupa\u00e7\u00e3o em nome do foreiro ou do \u00faltimo ocupante, com a abertura de nova matr\u00edcula e encerramento das eventuais transcri\u00e7\u00f5es e matr\u00edculas existentes em nome de ocupantes anteriores.<\/p>\n<p style=\"text-align: justify;\">\u00a7 4\u00ba Em n\u00e3o havendo matr\u00edcula do terreno de marinha ou acrescido de marinha, devidamente demarcado, o registrador mediante a apresenta\u00e7\u00e3o de termo competente de incorpora\u00e7\u00e3o equivalente, de contrato enfit\u00eautico ou de certid\u00e3o de primeiro ocupante e certid\u00e3o de cadeia sucess\u00f3ria, expedidos pela SPU \u2013 Secretaria do Patrim\u00f4nio da Uni\u00e3o, poder\u00e1 efetivar a abertura de matr\u00edcula em nome da UNI\u00c3O, registrando a enfiteuse ou os direitos de ocupa\u00e7\u00e3o em nome do enfiteuta ou do atual ocupante cadastrado na SPU.<\/p>\n<p>&nbsp;<\/p>\n<p>&nbsp;<\/p>\n<p><strong>Art. 2\u00ba<\/strong>. Este provimento entra em vigor na data da publica\u00e7\u00e3o, revogando se as disposi\u00e7\u00f5es em contr\u00e1rio.<\/p>\n<p>&nbsp;<\/p>\n<p>&nbsp;<\/p>\n<p><strong>PUBLIQUE-SE. REGISTRE-SE. CUMPRA-SE.\u00a0<\/strong><\/p>\n<p>&nbsp;<\/p>\n<p><strong>Vit\u00f3ria, 02 de outubro de 2023.<\/strong><\/p>\n<p>&nbsp;<\/p>\n<p style=\"text-align: center;\"><strong>Desembargador\u00a0<\/strong><strong>CARLOS SIM\u00d5ES FONSECA<\/strong><\/p>\n<p style=\"text-align: center;\"><strong>CORREGEDOR<\/strong><\/p>\n","protected":false},"excerpt":{"rendered":"<p>PODER JUDICI\u00c1RIO DO ESTADO DO ESP\u00cdRITO SANTO &#8211; PJES CORREGEDORIA GERAL DA\u00a0JUSTI\u00c7A &nbsp; PROVIMENTO N\u00ba 19\/2023 &nbsp; &nbsp; O Desembargador\u00a0CARLOS SIM\u00d5ES FONSECA, Corregedor Geral da Justi\u00e7a do Estado do Esp\u00edrito Santo, no uso de suas atribui\u00e7\u00f5es legais e, CONSIDERANDO\u00a0que a Corregedoria Geral da Justi\u00e7a do Estado do Esp\u00edrito Santo \u00e9 \u00f3rg\u00e3o de fiscaliza\u00e7\u00e3o, que disciplina [&hellip;]<\/p>\n","protected":false},"author":8,"featured_media":0,"comment_status":"closed","ping_status":"closed","sticky":false,"template":"","format":"standard","meta":{"footnotes":""},"categories":[14,16],"tags":[],"_links":{"self":[{"href":"https:\/\/www.tjes.jus.br\/corregedoria\/wp-json\/wp\/v2\/posts\/38161"}],"collection":[{"href":"https:\/\/www.tjes.jus.br\/corregedoria\/wp-json\/wp\/v2\/posts"}],"about":[{"href":"https:\/\/www.tjes.jus.br\/corregedoria\/wp-json\/wp\/v2\/types\/post"}],"author":[{"embeddable":true,"href":"https:\/\/www.tjes.jus.br\/corregedoria\/wp-json\/wp\/v2\/users\/8"}],"replies":[{"embeddable":true,"href":"https:\/\/www.tjes.jus.br\/corregedoria\/wp-json\/wp\/v2\/comments?post=38161"}],"version-history":[{"count":1,"href":"https:\/\/www.tjes.jus.br\/corregedoria\/wp-json\/wp\/v2\/posts\/38161\/revisions"}],"predecessor-version":[{"id":38162,"href":"https:\/\/www.tjes.jus.br\/corregedoria\/wp-json\/wp\/v2\/posts\/38161\/revisions\/38162"}],"wp:attachment":[{"href":"https:\/\/www.tjes.jus.br\/corregedoria\/wp-json\/wp\/v2\/media?parent=38161"}],"wp:term":[{"taxonomy":"category","embeddable":true,"href":"https:\/\/www.tjes.jus.br\/corregedoria\/wp-json\/wp\/v2\/categories?post=38161"},{"taxonomy":"post_tag","embeddable":true,"href":"https:\/\/www.tjes.jus.br\/corregedoria\/wp-json\/wp\/v2\/tags?post=38161"}],"curies":[{"name":"wp","href":"https:\/\/api.w.org\/{rel}","templated":true}]}}