{"id":3822,"date":"2016-07-05T17:04:30","date_gmt":"2016-07-05T20:04:30","guid":{"rendered":"https:\/\/www.tjes.jus.br\/corregedoria\/?p=3822"},"modified":"2017-03-14T14:12:23","modified_gmt":"2017-03-14T17:12:23","slug":"resolucao-no-0422013-disp-02092013-alterada","status":"publish","type":"post","link":"https:\/\/www.tjes.jus.br\/corregedoria\/2016\/07\/05\/resolucao-no-0422013-disp-02092013-alterada\/","title":{"rendered":"RESOLU\u00c7\u00c3O N\u00ba 042\/2013 &#8211; DISP. 02\/09\/2013 &#8211; ALTERADA &#8211; REVOGADA"},"content":{"rendered":"<p style=\"text-align: center;\" align=\"center\"><del><strong>ESTADO DO ESP\u00cdRITO SANTO<\/strong><\/del><\/p>\n<p style=\"text-align: center;\" align=\"center\"><del><strong>PODER JUDICI\u00c1RIO<\/strong><\/del><\/p>\n<p style=\"text-align: center;\" align=\"center\"><del><strong>TRIBUNAL DE JUSTI\u00c7A<\/strong><\/del><\/p>\n<p style=\"text-align: center;\" align=\"center\"><del><strong>RESOLU\u00c7\u00c3O N\u00ba 042\/2013<\/strong><\/del><\/p>\n<p style=\"text-align: justify;\"><del><em>Institui a Tabela de Temporalidade Documental (\u00e1rea-meio e \u00e1rea-fim) editada pelo Conselho Nacional de Justi\u00e7a \u2013 CNJ no \u00e2mbito do Poder Judici\u00e1rio do Estado do Esp\u00edrito Santo.<\/em><\/del><\/p>\n<p style=\"text-align: justify;\"><del><strong>O PRESIDENTE DO TRIBUNAL DE JUSTI\u00c7A DO ESTADO DO ESP\u00cdRITO SANTO<\/strong>, no uso de suas atribui\u00e7\u00f5es legais e,<\/del><\/p>\n<p style=\"text-align: justify;\"><del><strong>CONSIDERANDO<\/strong> que compete \u00e0 administra\u00e7\u00e3o p\u00fablica a gest\u00e3o da documenta\u00e7\u00e3o produzida pelas unidades no desenvolvimento das atividades que lhes s\u00e3o afetas, bem como adotar medidas para possibilitar a ampla consulta, nos termos do \u00a72\u00ba, art. 226 da Constitui\u00e7\u00e3o Federal;<\/del><\/p>\n<p style=\"text-align: justify;\"><del><strong>CONSIDERANDO<\/strong> que \u00e9 dever do Estado prestar ao cidad\u00e3o as informa\u00e7\u00f5es que lhes s\u00e3o devidas, sejam de car\u00e1ter individual, sejam de car\u00e1ter coletivo ou geral, sob pena de responsabilidade, conforme preceitua o inc. XXXIII do art. 5\u00ba da Constitui\u00e7\u00e3o Federal, regulamentado pela Lei n\u00ba 12.527\/2011 \u2013 Lei de Acesso \u00e0 Informa\u00e7\u00e3o;<\/del><\/p>\n<p style=\"text-align: justify;\"><del><strong>CONSIDERANDO<\/strong> que a Recomenda\u00e7\u00e3o 37\/2011 do Conselho Nacional de Justi\u00e7a \u2013 CNJ, de 15 de agosto de 2011, recomenda aos \u00f3rg\u00e3os do Poder Judici\u00e1rio, descritos no art. 92, II a VIII da Constitui\u00e7\u00e3o Federal, entre outras, a observ\u00e2ncia das normas de funcionamento do Programa Nacional de Gest\u00e3o Documental e Mem\u00f3ria do Poder Judici\u00e1rio (Proname) al\u00e9m de seus instrumentos;<\/del><\/p>\n<p style=\"text-align: justify;\"><del><strong>CONSIDERANDO<\/strong> que entre os instrumentos utilizados pelo Proname \u00e9 o Plano de Classifica\u00e7\u00e3o (Tabelas Processuais Unificadas) e a Tabela de Temporalidade dos Processos Judiciais do Poder Judici\u00e1rio e a Tabela de Temporalidade dos Documentos da Administra\u00e7\u00e3o do Poder Judici\u00e1rio;<\/del><\/p>\n<p style=\"text-align: justify;\"><del><strong>CONSIDERANDO<\/strong> que a <a href=\"https:\/\/www.tjes.jus.br\/corregedoria\/index.php\/2017\/01\/26\/resolucao-no-112007-publ-em-18042007\/\" target=\"_blank\">Resolu\u00e7\u00e3o 11\/2007, publicada no Di\u00e1rio da Justi\u00e7a de 18 de abril de 2007<\/a>, a qual regulamentou a elimina\u00e7\u00e3o dos processos findos dos Juizados Especiais C\u00edveis e Criminais, e a <a href=\"https:\/\/www.tjes.jus.br\/corregedoria\/index.php\/2017\/02\/14\/resolucao-no-232009-publ-em-02092009-revogada\/\" target=\"_blank\">Resolu\u00e7\u00e3o 23\/2009, publicada no Di\u00e1rio da Justi\u00e7a de 02 de setembro de 2009<\/a>, na qual aprovou a Tabela de Temporalidade dos processos judiciais findos do Tribunal de Justi\u00e7a, v\u00e3o de encontro com as normas editadas pelo Conselho Nacional de Justi\u00e7a \u2013 CNJ;<\/del><\/p>\n<p style=\"text-align: justify;\"><del><strong>CONSIDERANDO<\/strong> que at\u00e9 o presente momento este Poder Judici\u00e1rio Estadual ainda n\u00e3o aprovou a Tabela de Temporalidade dos processos e documentos administrativos findos;<\/del><\/p>\n<p style=\"text-align: justify;\"><del><strong>RESOLVE<\/strong><\/del><\/p>\n<p style=\"text-align: justify;\"><del><strong>Art. 1\u00ba<\/strong> \u2013 Determinar a utiliza\u00e7\u00e3o das Tabelas de Temporalidade dos Processos Judiciais e a Tabela de Temporalidade dos Documentos da Administra\u00e7\u00e3o, editadas pelo Conselho Nacional de Justi\u00e7a \u2013 CNJ, bem como o respectivo Plano de Classifica\u00e7\u00e3o, no \u00e2mbito do Poder Judici\u00e1rio Estadual.<\/del><\/p>\n<p style=\"text-align: justify;\"><del><strong>\u00a7 1\u00ba \u2013<\/strong> As Tabelas de Temporalidade Documental e o Plano de Classifica\u00e7\u00e3o t\u00eam por objetivo orientar as atividades arquiv\u00edsticas.<\/del><\/p>\n<p style=\"text-align: justify;\"><del><strong>\u00a7 2\u00ba \u2013<\/strong> As Tabelas de Temporalidade definem os prazos e as condi\u00e7\u00f5es de guarda, autorizam o descarte e\/ou definem a guarda permanente de determinados processos\/documentos.<\/del><\/p>\n<p style=\"text-align: justify;\"><del><strong>\u00a7 3\u00ba \u2013<\/strong> O Plano de Classifica\u00e7\u00e3o Documental tem por finalidade agrupar os documentos\/processos de acordo com as fun\u00e7\u00f5es, subfun\u00e7\u00f5es e atividades.<\/del><\/p>\n<p style=\"text-align: justify;\"><del><strong>\u00a7 4\u00ba &#8211;<\/strong> Permitir, subsidiariamente, a utiliza\u00e7\u00e3o da Tabela de Temporalidade Documental elaborada pelo Poder Judici\u00e1rio Estadual, em complemento as Tabelas editadas pelo Conselho nacional de Justi\u00e7a \u2013 CNJ. <strong>(Inserido pela <a href=\"https:\/\/www.tjes.jus.br\/corregedoria\/index.php\/2016\/07\/05\/resolucao-no-082014-disp-17022014\/\" target=\"_blank\">Resolu\u00e7\u00e3o n\u00ba 08\/2014<\/a>, disponibilizada em 17\/02\/2014)<\/strong><\/del><\/p>\n<p style=\"text-align: justify;\"><del><strong>Art. 2\u00ba<\/strong> \u2013 Determinar a observ\u00e2ncia das normas de funcionamento do Programa Nacional de Gest\u00e3o Documental e Mem\u00f3ria do Poder Judici\u00e1rio \u2013 Proname, institu\u00eddo pelo Conselho Nacional de Justi\u00e7a \u2013 CNJ.<\/del><\/p>\n<p style=\"text-align: justify;\"><del><strong>Art. 3\u00ba <\/strong>\u2013 Determinar a observ\u00e2ncia das normas emanadas pelo Conselho Nacional de Justi\u00e7a \u2013 CNJ que tratam da Gest\u00e3o Documental e da Mem\u00f3ria do Poder Judici\u00e1rio, inclusive a Resolu\u00e7\u00e3o n\u00ba 91\/2009 e a Recomenda\u00e7\u00e3o 37\/2011, ambas do CNJ.<\/del><\/p>\n<p style=\"text-align: justify;\"><del><strong>Art. 4\u00ba <\/strong>\u2013 Os atos de gest\u00e3o documental praticados sob a \u00e9gide dos regramentos em vigor ao tempo da realiza\u00e7\u00e3o est\u00e3o convalidados, inclusive no que tange \u00e0 classifica\u00e7\u00e3o\/codifica\u00e7\u00e3o utilizada nos processos e documentos.<\/del><\/p>\n<p style=\"text-align: justify;\"><del><strong>Art. 5\u00ba \u2013<\/strong> Revogam-se as disposi\u00e7\u00f5es em contr\u00e1rio, inclusive a <a href=\"https:\/\/www.tjes.jus.br\/corregedoria\/index.php\/2017\/01\/26\/resolucao-no-112007-publ-em-18042007\/\" target=\"_blank\">Resolu\u00e7\u00e3o 11\/2007 (DJ 18\/04\/2007)<\/a> e a <a href=\"https:\/\/www.tjes.jus.br\/corregedoria\/index.php\/2017\/02\/14\/resolucao-no-232009-publ-em-02092009-revogada\/\" target=\"_blank\">Resolu\u00e7\u00e3o 23\/2009 (DJ 02\/09\/2009)<\/a>.<\/del><\/p>\n<p style=\"text-align: justify;\"><del><strong>Art. 6\u00ba \u2013<\/strong> Esta Resolu\u00e7\u00e3o entra em vigor na data de sua publica\u00e7\u00e3o.<\/del><\/p>\n<p style=\"text-align: justify;\"><del>Vit\u00f3ria-ES, 29 de agosto de 2013.<\/del><\/p>\n<p style=\"text-align: center;\" align=\"center\"><del><strong>Desembargador PEDRO VALLS FEU ROSA<br \/>\nPresidente<\/strong><\/del><\/p>\n<h2 style=\"text-align: center;\"><del><span style=\"color: #ff0000;\">ALTERADA PELA <a href=\"https:\/\/www.tjes.jus.br\/corregedoria\/index.php\/2016\/07\/05\/resolucao-no-082014-disp-17022014\/\" target=\"_blank\">RESOLU\u00c7\u00c3O N\u00ba 008\/2014<\/a> \u2013 DISP. 17\/02\/2014<\/span><\/del><\/h2>\n<h2 style=\"text-align: center;\"><span style=\"color: #ff0000;\">REVOGADA PELA <a href=\"https:\/\/www.tjes.jus.br\/corregedoria\/index.php\/2016\/07\/04\/resolucao-no-562015-disp-09102015\/\" target=\"_blank\">RESOLU\u00c7\u00c3O N\u00ba 056\/2015<\/a>\u00a0\u2013 DISP. 09\/10\/2015<\/span><\/h2>\n","protected":false},"excerpt":{"rendered":"<p>ESTADO DO ESP\u00cdRITO SANTO PODER JUDICI\u00c1RIO TRIBUNAL DE JUSTI\u00c7A RESOLU\u00c7\u00c3O N\u00ba 042\/2013 Institui a Tabela de Temporalidade Documental (\u00e1rea-meio e \u00e1rea-fim) editada pelo Conselho Nacional de Justi\u00e7a \u2013 CNJ no \u00e2mbito do Poder Judici\u00e1rio do Estado do Esp\u00edrito Santo. O PRESIDENTE DO TRIBUNAL DE JUSTI\u00c7A DO ESTADO DO ESP\u00cdRITO SANTO, no uso de suas atribui\u00e7\u00f5es [&hellip;]<\/p>\n","protected":false},"author":1,"featured_media":0,"comment_status":"open","ping_status":"open","sticky":false,"template":"","format":"standard","meta":{"footnotes":""},"categories":[14,13],"tags":[],"_links":{"self":[{"href":"https:\/\/www.tjes.jus.br\/corregedoria\/wp-json\/wp\/v2\/posts\/3822"}],"collection":[{"href":"https:\/\/www.tjes.jus.br\/corregedoria\/wp-json\/wp\/v2\/posts"}],"about":[{"href":"https:\/\/www.tjes.jus.br\/corregedoria\/wp-json\/wp\/v2\/types\/post"}],"author":[{"embeddable":true,"href":"https:\/\/www.tjes.jus.br\/corregedoria\/wp-json\/wp\/v2\/users\/1"}],"replies":[{"embeddable":true,"href":"https:\/\/www.tjes.jus.br\/corregedoria\/wp-json\/wp\/v2\/comments?post=3822"}],"version-history":[{"count":5,"href":"https:\/\/www.tjes.jus.br\/corregedoria\/wp-json\/wp\/v2\/posts\/3822\/revisions"}],"predecessor-version":[{"id":12681,"href":"https:\/\/www.tjes.jus.br\/corregedoria\/wp-json\/wp\/v2\/posts\/3822\/revisions\/12681"}],"wp:attachment":[{"href":"https:\/\/www.tjes.jus.br\/corregedoria\/wp-json\/wp\/v2\/media?parent=3822"}],"wp:term":[{"taxonomy":"category","embeddable":true,"href":"https:\/\/www.tjes.jus.br\/corregedoria\/wp-json\/wp\/v2\/categories?post=3822"},{"taxonomy":"post_tag","embeddable":true,"href":"https:\/\/www.tjes.jus.br\/corregedoria\/wp-json\/wp\/v2\/tags?post=3822"}],"curies":[{"name":"wp","href":"https:\/\/api.w.org\/{rel}","templated":true}]}}