{"id":3831,"date":"2016-07-05T17:13:29","date_gmt":"2016-07-05T20:13:29","guid":{"rendered":"https:\/\/www.tjes.jus.br\/corregedoria\/?p=3831"},"modified":"2017-03-13T16:13:27","modified_gmt":"2017-03-13T19:13:27","slug":"resolucao-no-0382013-disp-13082013","status":"publish","type":"post","link":"https:\/\/www.tjes.jus.br\/corregedoria\/2016\/07\/05\/resolucao-no-0382013-disp-13082013\/","title":{"rendered":"RESOLU\u00c7\u00c3O N\u00ba 038\/2013 &#8211; DISP. 13\/08\/2013 &#8211; REVOGADA"},"content":{"rendered":"<p align=\"center\"><del><b>ESTADO DO ESP\u00cdRITO SANTO<\/b><\/del><\/p>\n<p align=\"center\"><del><b>PODER JUDICI\u00c1RIO<\/b><\/del><\/p>\n<p class=\"western\" align=\"center\"><del><b>COORDENADORIA DOS JUIZADOS ESPECIAIS<\/b><\/del><\/p>\n<p class=\"western\" align=\"center\"><del><b>RESOLU\u00c7\u00c3O N\u00ba 38, DE 08 DE AGOSTO DE 2013.<\/b><\/del><\/p>\n<p class=\"western\" style=\"text-align: justify;\" align=\"center\"><del><em>Disp\u00f5e sobre a indeniza\u00e7\u00e3o dos Ju\u00edzes Leigos, adequando a Resolu\u00e7\u00e3o do TJES n\u00ba 17\/2011 \u00e0s exig\u00eancias da Resolu\u00e7\u00e3o n\u00ba 174 do Conselho Nacional de Justi\u00e7a de 12.04.2013.<\/em><\/del><\/p>\n<p class=\"western\" align=\"justify\"><del><b>O PRESIDENTE DO EGR\u00c9GIO TRIBUNAL DE JUSTI\u00c7A DO ESTADO DO ESP\u00cdRITO\u00a0SANTO<\/b>, usando de suas atribui\u00e7\u00f5es legais, e tendo em vista decis\u00e3o do Egr\u00e9gio Tribunal Pleno em sess\u00e3o ordin\u00e1ria realizada nesta data,<\/del><\/p>\n<p class=\"western\" align=\"justify\"><del><b>RESOLVE:<\/b><\/del><\/p>\n<p class=\"western\" align=\"justify\"><del><b>Art. 1\u00ba.<\/b> Adequar a <a href=\"https:\/\/www.tjes.jus.br\/corregedoria\/index.php\/2017\/02\/16\/resolucao-no-172011-publ-em-18042011-alterada\/\" target=\"_blank\">Resolu\u00e7\u00e3o n\u00ba 17\/2011 do TJES<\/a> aos termos da Resolu\u00e7\u00e3o n\u00ba 174 de 12.04.2013 do Conselho Nacional de Justi\u00e7a que determinou que a forma de indeniza\u00e7\u00e3o dos Ju\u00edzes Leigos dar-se-\u00e1 por projeto de senten\u00e7a homologado por Juiz togado.<\/del><\/p>\n<p class=\"western\" align=\"justify\"><del><b>Art. 2\u00ba.<\/b> A indeniza\u00e7\u00e3o mensal dos Ju\u00edzes Leigos ter\u00e1 como base o n\u00famero de projetos de senten\u00e7a elaborados por m\u00eas e homologados pelo Juiz ao qual estiver submetido, compreendendo projetos de senten\u00e7as resolut\u00f3rias de m\u00e9rito, senten\u00e7as terminativas por aus\u00eancia de condi\u00e7\u00f5es da a\u00e7\u00e3o e aus\u00eancia de pressupostos processuais, e homologat\u00f3rias de acordo.<\/del><\/p>\n<p class=\"western\" align=\"justify\"><del><b>Par\u00e1grafo \u00danico.<\/b> Nos termos do \u00a7 2\u00ba, do art. 8\u00ba, da Resolu\u00e7\u00e3o n\u00ba 174 do CNJ, n\u00e3o ser\u00e3o computados para efeito de indeniza\u00e7\u00e3o devida aos Ju\u00edzes Leigos quaisquer atos distintos dos acima elencados, tais como realiza\u00e7\u00e3o de audi\u00eancias de concilia\u00e7\u00e3o e de instru\u00e7\u00e3o, projetos de senten\u00e7a de extin\u00e7\u00e3o de processos em raz\u00e3o de aus\u00eancia do autor \u00e0 audi\u00eancia, desist\u00eancia do pedido inicial e decis\u00f5es relativas a embargos de declara\u00e7\u00e3o.<\/del><\/p>\n<p class=\"western\" align=\"justify\"><del><b>Art. 3\u00ba.<\/b> O valor indenizat\u00f3rio devido ao Juiz Leigo por projeto de senten\u00e7a homologado nos termos do art. 2\u00ba, \u201ccaput\u201d, desta Resolu\u00e7\u00e3o, ser\u00e1 de R$ 50,00 (cinquenta reais).<\/del><\/p>\n<p class=\"western\" align=\"justify\"><del><b>Art. <\/b><b>4<\/b><b>\u00ba.<\/b> Independentemente do n\u00famero de projetos de senten\u00e7a homologados, a indeniza\u00e7\u00e3o mensal a ser paga ao Juiz Leigo n\u00e3o poder\u00e1 ultrapassar o teto equivalente a 60% (sessenta por cento) da remunera\u00e7\u00e3o do menor padr\u00e3o inicial de vencimento para n\u00edvel de terceiro grau do Tribunal de Justi\u00e7a (TJ-13-A), vedada qualquer outra equipara\u00e7\u00e3o.<\/del><\/p>\n<p class=\"western\" align=\"justify\"><del><b>Art. <\/b><b>5<\/b><b>\u00ba.<\/b> A comprova\u00e7\u00e3o dos projetos de senten\u00e7as homologados dar-se-\u00e1 por certid\u00e3o expedida pelo Chefe de Secretaria do Juizado Especial no qual estiver lotado o Juiz Leigo, em tr\u00eas vias, a qual ser\u00e1 visada pelo Juiz de Direito respons\u00e1vel pelo Juizado.<\/del><\/p>\n<p class=\"western\" align=\"justify\"><del><b>\u00a7 1\u00ba.<\/b> Referida certid\u00e3o dever\u00e1 ser expedida at\u00e9 o dia 20 (vinte) de cada m\u00eas e apresentada pelo Juiz Leigo \u00e0 Coordenadoria dos Juizados Especiais at\u00e9 o dia 30 (trinta) do m\u00eas correspondente, a qual ser\u00e1 atrav\u00e9s de of\u00edcio assinado pelo Juiz Coordenador dos Juizados Especiais ao setor respons\u00e1vel pela folha de pagamento do Tribunal de Justi\u00e7a, autorizando a indeniza\u00e7\u00e3o correspondente para o m\u00eas subsequente.<\/del><\/p>\n<p class=\"western\" align=\"justify\"><del><b>\u00a7 2\u00ba.<\/b> As certid\u00f5es de Ju\u00edzes Leigos que se encontrarem \u00e0 disposi\u00e7\u00e3o da Coordenadoria dos Juizados Especiais para a realiza\u00e7\u00e3o de mutir\u00f5es ser\u00e3o emitidas pelo Chefe de Se\u00e7\u00e3o da Coordenadoria ou por servidor para tanto designado, e visada pelo Juiz Coordenador dos Juizados Especiais.<\/del><\/p>\n<p class=\"western\" align=\"justify\"><del><b>Art. 6\u00ba.<\/b> Revogam-se as disposi\u00e7\u00f5es em contr\u00e1rio existentes na <a href=\"https:\/\/www.tjes.jus.br\/corregedoria\/index.php\/2017\/02\/16\/resolucao-no-172011-publ-em-18042011-alterada\/\" target=\"_blank\">Resolu\u00e7\u00e3o n\u00ba 17\/2011<\/a> do Tribunal de Justi\u00e7a do Esp\u00edrito Santo.<\/del><\/p>\n<p class=\"western\" align=\"justify\"><del><b>Art. 7\u00ba.<\/b> Esta resolu\u00e7\u00e3o entra em vigor na data de sua publica\u00e7\u00e3o.<\/del><\/p>\n<p class=\"western\" align=\"justify\"><del>Vit\u00f3ria, 08\/08\/2013.<\/del><\/p>\n<p class=\"western\" style=\"text-align: center;\" align=\"justify\"><del><b>DESEMBARGADOR PEDRO VALLS FEU ROSA<br \/>\n<\/b><b>Presidente do Tribunal de Justi\u00e7a do Estado do Esp\u00edrito Santo<\/b><\/del><\/p>\n<h2 style=\"text-align: center;\"><span style=\"color: #ff0000;\">REVOGADA PELA <a href=\"https:\/\/www.tjes.jus.br\/corregedoria\/index.php\/2016\/07\/04\/resolucao-no-282015-disp-26062015\/\" target=\"_blank\">RESOLU\u00c7\u00c3O N\u00ba 28\/2015<\/a> &#8211; DISP. 26\/06\/2015<\/span><\/h2>\n","protected":false},"excerpt":{"rendered":"<p>ESTADO DO ESP\u00cdRITO SANTO PODER JUDICI\u00c1RIO COORDENADORIA DOS JUIZADOS ESPECIAIS RESOLU\u00c7\u00c3O N\u00ba 38, DE 08 DE AGOSTO DE 2013. Disp\u00f5e sobre a indeniza\u00e7\u00e3o dos Ju\u00edzes Leigos, adequando a Resolu\u00e7\u00e3o do TJES n\u00ba 17\/2011 \u00e0s exig\u00eancias da Resolu\u00e7\u00e3o n\u00ba 174 do Conselho Nacional de Justi\u00e7a de 12.04.2013. O PRESIDENTE DO EGR\u00c9GIO TRIBUNAL DE JUSTI\u00c7A DO ESTADO [&hellip;]<\/p>\n","protected":false},"author":1,"featured_media":0,"comment_status":"open","ping_status":"open","sticky":false,"template":"","format":"standard","meta":{"footnotes":""},"categories":[14,13],"tags":[],"_links":{"self":[{"href":"https:\/\/www.tjes.jus.br\/corregedoria\/wp-json\/wp\/v2\/posts\/3831"}],"collection":[{"href":"https:\/\/www.tjes.jus.br\/corregedoria\/wp-json\/wp\/v2\/posts"}],"about":[{"href":"https:\/\/www.tjes.jus.br\/corregedoria\/wp-json\/wp\/v2\/types\/post"}],"author":[{"embeddable":true,"href":"https:\/\/www.tjes.jus.br\/corregedoria\/wp-json\/wp\/v2\/users\/1"}],"replies":[{"embeddable":true,"href":"https:\/\/www.tjes.jus.br\/corregedoria\/wp-json\/wp\/v2\/comments?post=3831"}],"version-history":[{"count":4,"href":"https:\/\/www.tjes.jus.br\/corregedoria\/wp-json\/wp\/v2\/posts\/3831\/revisions"}],"predecessor-version":[{"id":12586,"href":"https:\/\/www.tjes.jus.br\/corregedoria\/wp-json\/wp\/v2\/posts\/3831\/revisions\/12586"}],"wp:attachment":[{"href":"https:\/\/www.tjes.jus.br\/corregedoria\/wp-json\/wp\/v2\/media?parent=3831"}],"wp:term":[{"taxonomy":"category","embeddable":true,"href":"https:\/\/www.tjes.jus.br\/corregedoria\/wp-json\/wp\/v2\/categories?post=3831"},{"taxonomy":"post_tag","embeddable":true,"href":"https:\/\/www.tjes.jus.br\/corregedoria\/wp-json\/wp\/v2\/tags?post=3831"}],"curies":[{"name":"wp","href":"https:\/\/api.w.org\/{rel}","templated":true}]}}