{"id":38339,"date":"2023-10-17T14:59:28","date_gmt":"2023-10-17T17:59:28","guid":{"rendered":"https:\/\/www.tjes.jus.br\/corregedoria\/?p=38339"},"modified":"2023-10-17T14:59:56","modified_gmt":"2023-10-17T17:59:56","slug":"portaria-no-051-2023-disp-17-10-2023","status":"publish","type":"post","link":"https:\/\/www.tjes.jus.br\/corregedoria\/2023\/10\/17\/portaria-no-051-2023-disp-17-10-2023\/","title":{"rendered":"PORTARIA N\u00ba 051\/2023 \u2013 DISP. 17\/10\/2023"},"content":{"rendered":"<p align=\"center\"><strong>PODER JUDICI\u00c1RIO DO ESTADO DO ESP\u00cdRITO SANTO &#8211; PJES<\/strong><\/p>\n<p align=\"center\"><strong>CORREGEDORIA GERAL DA\u00a0JUSTI\u00c7A<\/strong><\/p>\n<p>&nbsp;<\/p>\n<p>&nbsp;<\/p>\n<p align=\"center\"><strong>PORTARIA N\u00ba 51\/2023<\/strong><\/p>\n<p>&nbsp;<\/p>\n<p>&nbsp;<\/p>\n<p>&nbsp;<\/p>\n<p style=\"text-align: left;\" align=\"right\">O EXCELENT\u00cdSSIMO DESEMBARGADOR WALACE PANDOLFHO KIFFER, CORREGEDOR GERAL DE JUSTI\u00c7A, NO USO DE SUAS ATRIBUI\u00c7\u00d5ES LEGAIS E,<\/p>\n<p>&nbsp;<\/p>\n<p align=\"justify\"><strong>CONSIDERANDO\u00a0<\/strong>a DECIS\u00c3O\/OF\u00cdCIO 1391337\/7007822-53.2022.8.08.000, por meio da qual determinou-se\u00a0ao Juiz Diretor do Foro da Comarca de Vit\u00f3ria, em observ\u00e2ncia ao Artigo 89 e seguintes, do Tomo I, do C\u00f3digo de Normas da CGJES, a abertura de procedimento administrativo disciplinar em face de servidor deste Poder Judici\u00e1rio do Estado do Esp\u00edrito Santo.<\/p>\n<p style=\"text-align: justify;\" align=\"justify\"><strong>CONSIDERANDO\u00a0<\/strong>a DECIS\u00c3O\/OF\u00cdCIO 1498689\/7007822-53.2022.8.08.000 que acolheu pedido formulado pelo MM. Juiz de Direito Diretor do Foro da Sede, Dr. Rodrigo Cardoso Freitas, para substitui\u00e7\u00e3o da servidora Patr\u00edcia Dantas Silva Magalh\u00e3es, Presidente da Comiss\u00e3o Disciplinar Processante, em decorr\u00eancia de problemas de sa\u00fade.<\/p>\n<p style=\"text-align: justify;\" align=\"justify\"><strong>CONSIDERANDO\u00a0<\/strong>a Certid\u00e3o da Se\u00e7\u00e3o De Monitoramento De Foro Judicial da Corregedoria Geral da Justi\u00e7a\u00a0que\u00a0o pr\u00f3ximo suplente a ser indicado, em substitui\u00e7\u00e3o a Sr\u00aa Patricia Dantas Silva Magalh\u00e3es no PAD, \u00e9 a Sr\u00aa SCHEILA GOMES PALHANO PIMENTEL, Analista Judiciario AJ &#8211; Oficial de Justi\u00e7a Avaliador, lotada na Central de Mandados do Ju\u00edzo de Viana &#8211; Comarca da Capital\/ES e que a a Comiss\u00e3o Disciplinar Processante, da 1\u00aa Regi\u00e3o &#8211; Ju\u00edzo de Vit\u00f3ria &#8211; Comarca da Capital\/ES, previamente sorteada na Coordenadoria de Monitoramento do Foro Judicial e Extrajudicial, informando que a comiss\u00e3o ser\u00e1 composta pelos servidores: Scheila Gomes Palhano Pimentel, Cyntia Grigato Campos e Maria Domingas Martins Haddad.<\/p>\n<p style=\"text-align: justify;\" align=\"justify\"><strong>CONSIDERANDO\u00a0<\/strong>a DECIS\u00c3O\/OF\u00cdCIO 1637129\/7007822-53.2022.8.08.000 que determinou a substitui\u00e7\u00e3o da servidora SCHEILA GOMES PALHANO PIMENTEL das atividades da Comiss\u00e3o Disciplinar Permanentes da Egr\u00e9gia Corregedoria Geral da Justi\u00e7a.<\/p>\n<p style=\"text-align: justify;\" align=\"justify\"><strong>CONSIDERANDO\u00a0<\/strong>acertid\u00e3o da Se\u00e7\u00e3o de Monitoramento de foro\u00a0informando que o servidor RUY TEIXEIRA LIMA fora sorteado para substituir a servidora Scheila Gomes Palhano Pimentel em todos os procedimentos disciplinares para os quais fora anteriormente sorteada, em cumprimento a DECIS\u00c3O\/OF\u00cdCIO 1637129\/7007822-53.2022.8.08.000.<\/p>\n<p style=\"text-align: justify;\" align=\"justify\"><strong>CONSIDERANDO\u00a0<\/strong>a DECIS\u00c3O\/OF\u00cdCIO 1696923\/7004974-30.2021.8.08.0000 da CGJES que acolheu a promo\u00e7\u00e3o realizada pela Coordenadoria de Monitoramento do Foro Judicial e Extrajudicial consignando os diversos desligamentos de membros das Comiss\u00f5es Disciplinares Permanentes (CDP) da 1\u00aa Regi\u00e3o,\u00a0bem como listando os nomes indicados pelo Juiz Diretor do Foro da Sede da 1\u00aa Regi\u00e3o para eventuais substitui\u00e7\u00f5es determinando que a Secretaria proceda a retifica\u00e7\u00e3o da portaria com a inclus\u00e3o dos servidores como suplentes das Comiss\u00f5es Disciplinares Permanentes (CDP) da 1\u00aa Regi\u00e3o, sendo inclu\u00edda a servidora M\u00e1rcia de Moraes Esteves de Almeida Falc\u00e3o &#8211; Analista Judici\u00e1rio AJ \u2013 Direito na CDP 01 , t\u00e3o somente para os atos referentes ao processo 7007822-53.2022.8.08.0000 junto \u00e0s servidoras Cyntia Grigato Campos e Maria Domingas Martins Haddad.<\/p>\n<p style=\"text-align: justify;\" align=\"justify\"><strong>CONSIDERANDO\u00a0<\/strong>o DESPACHO\/OF\u00cdCIO 1751924\/7000152-71.2023.8.08.0050 da CGJES e a certid\u00e3o da Se\u00e7\u00e3o de Monitoramento de foro Judicial desta CGJES informando que a CDP n\u00ba 01 da Regi\u00e3o 01 foi alterada, conforme DESPACHO\/OF\u00cdCIO 1751924\/7000152- 71.2023.8.08.0050, passando a ter a seguinte composi\u00e7\u00e3o: LOURENCO PERUCHI GUIMAR\u00c3ES, CYNTIA GRIGATO CAMPOS, MARIA DOMINGAS MARTINS HADDAD.<\/p>\n<p align=\"justify\"><strong>CONSIDERANDO<\/strong>\u00a0o DESPACHO\/OF\u00cdCIO\u00a01784161\/7001564-52.2022.8.08.0024, por meio do qual o MM. Juiz de Direito Diretor do Foro da 1\u00aa Regi\u00e3o acolhe a manifesta\u00e7\u00e3o de suspei\u00e7\u00e3o do servidor\u00a0LOURENCO PERUCHI GUIMAR\u00c3ES, presidente da Comiss\u00e3o Processante nestes autos.<\/p>\n<p align=\"justify\"><strong>CONSIDERANDO<\/strong>, por fim,\u00a0a DECIS\u00c3O\/OF\u00cdCIO\u00a01791866\/7007822-53.2022.8.08.0000:<\/p>\n<p>&nbsp;<\/p>\n<p>&nbsp;<\/p>\n<p align=\"justify\"><strong>RESOLVE<\/strong>:<\/p>\n<p>&nbsp;<\/p>\n<p style=\"text-align: justify;\" align=\"justify\">1- AVOCAR\u00a0o Procedimento Administrativo Disciplinar (PAD) n\u00ba 7001564-52.2022.8.08.0024, que tramita perante a Dire\u00e7\u00e3o do Foro da 1\u00aa Regi\u00e3o em face de servidor(a) deste Poder Judici\u00e1rio do Estado do Esp\u00edrito Santo, nos termos da DECIS\u00c3O\/OF\u00cdCIO\u00a01791866\/7007822-53.2022.8.08.0000.<\/p>\n<p style=\"text-align: justify;\" align=\"justify\">2 \u2013 NOMEAR para compor a Comiss\u00e3o Processante, em conformidade ao Art. 89, do C\u00f3digo de Normas da CGJES, os servidores p\u00fablicos efetivos e est\u00e1veis deste Poder Judici\u00e1rio: HUDSON DE ANGELI FERREIRA (Presidente), SELY SANY SILVA (membro), DENISE OLIVERIA MATTOS (membro).<\/p>\n<p style=\"text-align: justify;\" align=\"justify\">3- FIXAR o prazo de 60 (sessenta) dias, para conclus\u00e3o deste Processo Administrativo Disciplinar, conforme determina\u00e7\u00e3o contida no artigo 91, do C\u00f3digo de Normas da CGJES.<\/p>\n<p align=\"justify\">4- Esta Portaria entra em vigor na data de sua publica\u00e7\u00e3o.<\/p>\n<p>&nbsp;<\/p>\n<p>&nbsp;<\/p>\n<p>&nbsp;<\/p>\n<p align=\"center\"><strong>DES. WALACE PANDOLPHO KIFFER<\/strong><\/p>\n<p align=\"center\"><strong>Corregedor Geral de Justi\u00e7a<\/strong><\/p>\n","protected":false},"excerpt":{"rendered":"<p>PODER JUDICI\u00c1RIO DO ESTADO DO ESP\u00cdRITO SANTO &#8211; PJES CORREGEDORIA GERAL DA\u00a0JUSTI\u00c7A &nbsp; &nbsp; PORTARIA N\u00ba 51\/2023 &nbsp; &nbsp; &nbsp; O EXCELENT\u00cdSSIMO DESEMBARGADOR WALACE PANDOLFHO KIFFER, CORREGEDOR GERAL DE JUSTI\u00c7A, NO USO DE SUAS ATRIBUI\u00c7\u00d5ES LEGAIS E, &nbsp; CONSIDERANDO\u00a0a DECIS\u00c3O\/OF\u00cdCIO 1391337\/7007822-53.2022.8.08.000, por meio da qual determinou-se\u00a0ao Juiz Diretor do Foro da Comarca de Vit\u00f3ria, em [&hellip;]<\/p>\n","protected":false},"author":8,"featured_media":0,"comment_status":"closed","ping_status":"closed","sticky":false,"template":"","format":"standard","meta":{"footnotes":""},"categories":[14,6],"tags":[],"_links":{"self":[{"href":"https:\/\/www.tjes.jus.br\/corregedoria\/wp-json\/wp\/v2\/posts\/38339"}],"collection":[{"href":"https:\/\/www.tjes.jus.br\/corregedoria\/wp-json\/wp\/v2\/posts"}],"about":[{"href":"https:\/\/www.tjes.jus.br\/corregedoria\/wp-json\/wp\/v2\/types\/post"}],"author":[{"embeddable":true,"href":"https:\/\/www.tjes.jus.br\/corregedoria\/wp-json\/wp\/v2\/users\/8"}],"replies":[{"embeddable":true,"href":"https:\/\/www.tjes.jus.br\/corregedoria\/wp-json\/wp\/v2\/comments?post=38339"}],"version-history":[{"count":1,"href":"https:\/\/www.tjes.jus.br\/corregedoria\/wp-json\/wp\/v2\/posts\/38339\/revisions"}],"predecessor-version":[{"id":38340,"href":"https:\/\/www.tjes.jus.br\/corregedoria\/wp-json\/wp\/v2\/posts\/38339\/revisions\/38340"}],"wp:attachment":[{"href":"https:\/\/www.tjes.jus.br\/corregedoria\/wp-json\/wp\/v2\/media?parent=38339"}],"wp:term":[{"taxonomy":"category","embeddable":true,"href":"https:\/\/www.tjes.jus.br\/corregedoria\/wp-json\/wp\/v2\/categories?post=38339"},{"taxonomy":"post_tag","embeddable":true,"href":"https:\/\/www.tjes.jus.br\/corregedoria\/wp-json\/wp\/v2\/tags?post=38339"}],"curies":[{"name":"wp","href":"https:\/\/api.w.org\/{rel}","templated":true}]}}