{"id":3837,"date":"2016-07-05T17:19:03","date_gmt":"2016-07-05T20:19:03","guid":{"rendered":"https:\/\/www.tjes.jus.br\/corregedoria\/?p=3837"},"modified":"2017-02-23T16:21:56","modified_gmt":"2017-02-23T19:21:56","slug":"errata-da-resolucao-no-0352013-disp-29112013","status":"publish","type":"post","link":"https:\/\/www.tjes.jus.br\/corregedoria\/2016\/07\/05\/errata-da-resolucao-no-0352013-disp-29112013\/","title":{"rendered":"ERRATA DA RESOLU\u00c7\u00c3O N\u00ba 035\/2013 &#8211; DISP. 29\/11\/2013"},"content":{"rendered":"<p lang=\"pt-BR\" align=\"CENTER\"><strong>ESTADO DO ESP\u00cdRITO SANTO<\/strong><\/p>\n<p lang=\"pt-BR\" align=\"CENTER\"><strong>PODER JUDICI\u00c1RIO<\/strong><\/p>\n<p lang=\"pt-BR\" align=\"CENTER\"><strong>TRIBUNAL DE JUSTI\u00c7A<\/strong><\/p>\n<p lang=\"pt-BR\" align=\"CENTER\"><strong>ERRATA<\/strong><\/p>\n<p lang=\"pt-BR\" align=\"JUSTIFY\"><strong>Na reda\u00e7\u00e3o da <a href=\"https:\/\/www.tjes.jus.br\/corregedoria\/index.php\/2016\/07\/05\/resolucao-no-0352013-disp-07082013-retificada\/\" target=\"_blank\">Resolu\u00e7\u00e3o n\u00ba 035\/2013,<\/a><\/strong>\u00a0publicada no &#8220;DJ&#8221; de 07\/08\/2013,<\/p>\n<p lang=\"pt-BR\" align=\"JUSTIFY\"><strong>Onde se l\u00ea:<br \/>\n<\/strong>Representantes da ANOREG-ES \u2013 Dr\u00aa CELI MARIA GUISSO CABRAL \u2013 titular e Dr. ROBERTO FORNER J\u00daNIOR \u2013 suplente<\/p>\n<p lang=\"pt-BR\" align=\"JUSTIFY\"><strong>Leia-se:<br \/>\n<\/strong>\u201c<strong>Representante da Classe de Oficial Registrador \u2013 Dr. ROBERTO FORNER J\u00daNIOR \u2013 titular e Dr\u00aa CELI MARIA GUISSO CABRAL, \u2013 como suplente da classe de not\u00e1rio<\/strong>&#8230;\u201d.<\/p>\n<p lang=\"pt-BR\" align=\"LEFT\">Vit\u00f3ria, 14 de novembro de 2013.<\/p>\n<p lang=\"pt-BR\" align=\"CENTER\"><strong>Desembargador PEDRO VALLS FEU ROSA<br \/>\n<\/strong><strong>Presidente TJES<\/strong><\/p>\n<h2 lang=\"pt-BR\" align=\"CENTER\"><span style=\"color: #ff0000;\"><strong>REPRODUZIDA POR TER SIDO REDIGIDA COM INCORRE\u00c7\u00c3O<\/strong><\/span><\/h2>\n","protected":false},"excerpt":{"rendered":"<p>ESTADO DO ESP\u00cdRITO SANTO PODER JUDICI\u00c1RIO TRIBUNAL DE JUSTI\u00c7A ERRATA Na reda\u00e7\u00e3o da Resolu\u00e7\u00e3o n\u00ba 035\/2013,\u00a0publicada no &#8220;DJ&#8221; de 07\/08\/2013, Onde se l\u00ea: Representantes da ANOREG-ES \u2013 Dr\u00aa CELI MARIA GUISSO CABRAL \u2013 titular e Dr. ROBERTO FORNER J\u00daNIOR \u2013 suplente Leia-se: \u201cRepresentante da Classe de Oficial Registrador \u2013 Dr. ROBERTO FORNER J\u00daNIOR \u2013 titular [&hellip;]<\/p>\n","protected":false},"author":1,"featured_media":0,"comment_status":"open","ping_status":"open","sticky":false,"template":"","format":"standard","meta":{"footnotes":""},"categories":[14,13],"tags":[],"_links":{"self":[{"href":"https:\/\/www.tjes.jus.br\/corregedoria\/wp-json\/wp\/v2\/posts\/3837"}],"collection":[{"href":"https:\/\/www.tjes.jus.br\/corregedoria\/wp-json\/wp\/v2\/posts"}],"about":[{"href":"https:\/\/www.tjes.jus.br\/corregedoria\/wp-json\/wp\/v2\/types\/post"}],"author":[{"embeddable":true,"href":"https:\/\/www.tjes.jus.br\/corregedoria\/wp-json\/wp\/v2\/users\/1"}],"replies":[{"embeddable":true,"href":"https:\/\/www.tjes.jus.br\/corregedoria\/wp-json\/wp\/v2\/comments?post=3837"}],"version-history":[{"count":5,"href":"https:\/\/www.tjes.jus.br\/corregedoria\/wp-json\/wp\/v2\/posts\/3837\/revisions"}],"predecessor-version":[{"id":12146,"href":"https:\/\/www.tjes.jus.br\/corregedoria\/wp-json\/wp\/v2\/posts\/3837\/revisions\/12146"}],"wp:attachment":[{"href":"https:\/\/www.tjes.jus.br\/corregedoria\/wp-json\/wp\/v2\/media?parent=3837"}],"wp:term":[{"taxonomy":"category","embeddable":true,"href":"https:\/\/www.tjes.jus.br\/corregedoria\/wp-json\/wp\/v2\/categories?post=3837"},{"taxonomy":"post_tag","embeddable":true,"href":"https:\/\/www.tjes.jus.br\/corregedoria\/wp-json\/wp\/v2\/tags?post=3837"}],"curies":[{"name":"wp","href":"https:\/\/api.w.org\/{rel}","templated":true}]}}