{"id":3839,"date":"2016-07-05T17:19:36","date_gmt":"2016-07-05T20:19:36","guid":{"rendered":"https:\/\/www.tjes.jus.br\/corregedoria\/?p=3839"},"modified":"2017-02-23T16:16:34","modified_gmt":"2017-02-23T19:16:34","slug":"errata-da-resolucao-no-0352013-disp-27112013","status":"publish","type":"post","link":"https:\/\/www.tjes.jus.br\/corregedoria\/2016\/07\/05\/errata-da-resolucao-no-0352013-disp-27112013\/","title":{"rendered":"ERRATA DA RESOLU\u00c7\u00c3O N\u00ba 035\/2013 &#8211; DISP. 27\/11\/2013 &#8211; REPUBLICADA"},"content":{"rendered":"<h2 lang=\"pt-BR\" align=\"CENTER\"><span style=\"color: #ff0000;\">ERRATA REPUBLICADA EM 29\/11\/2013 POR CONTER INCORRE\u00c7\u00c3O (<a href=\"https:\/\/www.tjes.jus.br\/corregedoria\/index.php\/2016\/07\/05\/errata-da-resolucao-no-0352013-disp-29112013\/\" target=\"_blank\">CLIQUE AQUI<\/a>)<\/span><\/h2>\n<p lang=\"pt-BR\" align=\"CENTER\"><del><strong>ESTADO DO ESP\u00cdRITO SANTO<\/strong><\/del><\/p>\n<p lang=\"pt-BR\" align=\"CENTER\"><del><strong>PODER JUDICI\u00c1RIO<\/strong><\/del><\/p>\n<p lang=\"pt-BR\" align=\"CENTER\"><del><strong>TRIBUNAL DE JUSTI\u00c7A<\/strong><\/del><\/p>\n<p lang=\"pt-BR\" align=\"CENTER\"><del><strong>ERRATA<\/strong><\/del><\/p>\n<p lang=\"pt-BR\" align=\"JUSTIFY\"><del><strong>Na reda\u00e7\u00e3o da <a href=\"https:\/\/www.tjes.jus.br\/corregedoria\/index.php\/2016\/07\/05\/resolucao-no-0352013-disp-07082013-retificada\/\" target=\"_blank\">Resolu\u00e7\u00e3o n\u00ba 035\/2013, publicada no &#8220;DJ&#8221; de 07\/08\/2013<\/a>,<\/strong><\/del><\/p>\n<p lang=\"pt-BR\" align=\"JUSTIFY\"><del><strong>Onde se l\u00ea:<br \/>\n<\/strong>Representantes da ANOREG-ES &#8211; Dr\u00aa CELI MARIA GUISSO CABRAL &#8211; titular e Dr. ROBERTO FORNER J\u00daNIOR &#8211; suplente<\/del><\/p>\n<p lang=\"pt-BR\" align=\"JUSTIFY\"><del><strong>Leia-se:<br \/>\n<\/strong>Representantes da ANOREG-ES &#8211; Dr. ROBERTO FORNER J\u00daNIOR &#8211; titular e Dr\u00aa CELI MARIA GUISSO CABRAL &#8211; suplente<\/del><\/p>\n<p lang=\"pt-BR\" align=\"JUSTIFY\"><del>Vit\u00f3ria, 14 de novembro de 2013.<\/del><\/p>\n<p lang=\"pt-BR\" align=\"CENTER\"><del><strong>Desembargador PEDRO VALLS FEU ROSA<br \/>\n<\/strong><strong>Presidente TJES<\/strong><\/del><\/p>\n","protected":false},"excerpt":{"rendered":"<p>ERRATA REPUBLICADA EM 29\/11\/2013 POR CONTER INCORRE\u00c7\u00c3O (CLIQUE AQUI) ESTADO DO ESP\u00cdRITO SANTO PODER JUDICI\u00c1RIO TRIBUNAL DE JUSTI\u00c7A ERRATA Na reda\u00e7\u00e3o da Resolu\u00e7\u00e3o n\u00ba 035\/2013, publicada no &#8220;DJ&#8221; de 07\/08\/2013, Onde se l\u00ea: Representantes da ANOREG-ES &#8211; Dr\u00aa CELI MARIA GUISSO CABRAL &#8211; titular e Dr. ROBERTO FORNER J\u00daNIOR &#8211; suplente Leia-se: Representantes da ANOREG-ES [&hellip;]<\/p>\n","protected":false},"author":1,"featured_media":0,"comment_status":"open","ping_status":"open","sticky":false,"template":"","format":"standard","meta":{"footnotes":""},"categories":[14,13],"tags":[],"_links":{"self":[{"href":"https:\/\/www.tjes.jus.br\/corregedoria\/wp-json\/wp\/v2\/posts\/3839"}],"collection":[{"href":"https:\/\/www.tjes.jus.br\/corregedoria\/wp-json\/wp\/v2\/posts"}],"about":[{"href":"https:\/\/www.tjes.jus.br\/corregedoria\/wp-json\/wp\/v2\/types\/post"}],"author":[{"embeddable":true,"href":"https:\/\/www.tjes.jus.br\/corregedoria\/wp-json\/wp\/v2\/users\/1"}],"replies":[{"embeddable":true,"href":"https:\/\/www.tjes.jus.br\/corregedoria\/wp-json\/wp\/v2\/comments?post=3839"}],"version-history":[{"count":5,"href":"https:\/\/www.tjes.jus.br\/corregedoria\/wp-json\/wp\/v2\/posts\/3839\/revisions"}],"predecessor-version":[{"id":12142,"href":"https:\/\/www.tjes.jus.br\/corregedoria\/wp-json\/wp\/v2\/posts\/3839\/revisions\/12142"}],"wp:attachment":[{"href":"https:\/\/www.tjes.jus.br\/corregedoria\/wp-json\/wp\/v2\/media?parent=3839"}],"wp:term":[{"taxonomy":"category","embeddable":true,"href":"https:\/\/www.tjes.jus.br\/corregedoria\/wp-json\/wp\/v2\/categories?post=3839"},{"taxonomy":"post_tag","embeddable":true,"href":"https:\/\/www.tjes.jus.br\/corregedoria\/wp-json\/wp\/v2\/tags?post=3839"}],"curies":[{"name":"wp","href":"https:\/\/api.w.org\/{rel}","templated":true}]}}