{"id":3841,"date":"2016-07-05T17:21:03","date_gmt":"2016-07-05T20:21:03","guid":{"rendered":"https:\/\/www.tjes.jus.br\/corregedoria\/?p=3841"},"modified":"2018-03-28T12:30:09","modified_gmt":"2018-03-28T15:30:09","slug":"errada-da-resolucao-n-o-352013-disp-25092013","status":"publish","type":"post","link":"https:\/\/www.tjes.jus.br\/corregedoria\/2016\/07\/05\/errada-da-resolucao-n-o-352013-disp-25092013\/","title":{"rendered":"RESOLU\u00c7\u00c3O N\u00ba 035\/2013 &#8211; DISP. 25\/09\/2013 &#8211; REPUBLICA\u00c7\u00c3O (ERRATA)"},"content":{"rendered":"<p style=\"text-align: center;\"><strong>ESTADO DO ESP\u00cdRITO SANTO<\/strong><\/p>\n<p style=\"text-align: center;\"><strong>PODER JUDICI\u00c1RIO<\/strong><\/p>\n<p style=\"text-align: center;\"><strong>TRIBUNAL DE JUSTI\u00c7A<\/strong><\/p>\n<p style=\"text-align: center;\"><strong>RESOLU\u00c7\u00c3O N.\u00ba 35\/13 (ERRATA)<\/strong><\/p>\n<p style=\"text-align: justify;\">O Exm\u00ba. Sr. Desembargador PEDRO VALLS FEU ROSA, Presidente do Egr\u00e9gio Tribunal de Justi\u00e7a do Estado do Esp\u00edrito Santo, no uso de suas atribui\u00e7\u00f5es legais e tendo em vista DECIS\u00c3O do Egr\u00e9gio Tribunal Pleno em sess\u00e3o realizada em 25\/07\/2013,<\/p>\n<p style=\"text-align: justify;\"><strong>RESOLVE:<\/strong><\/p>\n<p style=\"text-align: justify;\"><strong>ALTERAR<\/strong> a Comiss\u00e3o Examinadora do Concurso P\u00fablico para remo\u00e7\u00e3o e ingresso de delegat\u00e1rios, institu\u00edda atrav\u00e9s da <a href=\"https:\/\/www.tjes.jus.br\/corregedoria\/index.php\/2016\/07\/06\/resolucao-no-0202013-disp-08052013-alterada\/\" target=\"_blank\" rel=\"noopener\">Resolu\u00e7\u00e3o n.\u00ba 020\/2013, publicada no \u201cDJ\u201d de 08\/05\/13<\/a>, ficando composta pelos seguintes integrantes:<\/p>\n<p style=\"text-align: justify;\">&#8211; Desembargador <strong>JOS\u00c9 PAULO CALMON NOGUEIRA DA GAMA<\/strong> \u2013 Presidente<br \/>\n&#8211; Ju\u00edzes de Direito \u2013 Dr\u00aa <strong>MARIA CRISTINA DE SOUZA FERREIRA e Drs. ALDARY NUNES JUNIOR e EZEQUIEL TUR\u00cdBIO<\/strong><br \/>\n&#8211; Representante do Minist\u00e9rio P\u00fablico \u2013 <strong>Dr\u00aa IVANILCE DA CRUZ ROM\u00c3O<\/strong><br \/>\n&#8211; Representante da OAB-ES \u2013 <strong>Dr. FRANCISCO CARLOS PIO DE OLIVEIRA<\/strong><br \/>\n&#8211; Oficial de Registro \u2013 <strong>Dr. ROBERTO FORNER J\u00daNIOR<\/strong><br \/>\n&#8211; Not\u00e1ria \u2013 <strong>Dr\u00aa GERUSA CORTELETTI RONCONI<\/strong><br \/>\n&#8211; Not\u00e1ria suplente &#8211; <strong>Dr\u00aa CELI MARIA GUISSO CABRAL<\/strong><\/p>\n<p style=\"text-align: justify;\"><strong>PUBLIQUE-SE.<\/strong><\/p>\n<p style=\"text-align: justify;\">Vit\u00f3ria, 29 de Julho de 2013<\/p>\n<p style=\"text-align: center;\"><strong>Desembargador PEDRO VALLS FEU ROSA<\/strong><br \/>\n<strong>Presidente<\/strong><\/p>\n<h2 style=\"text-align: center;\"><span style=\"color: #ff0000;\">REPUBLICADO POR HAVER INCORRE\u00c7\u00c3O<\/span><\/h2>\n<h2 class=\"contentheadingresolucoes_css\" style=\"text-align: center;\"><span style=\"color: #ff0000;\">ERRATA DA <a href=\"https:\/\/www.tjes.jus.br\/corregedoria\/index.php\/2016\/07\/05\/errata-da-resolucao-no-0352013-disp-27112013\/\" target=\"_blank\" rel=\"noopener\">RESOLU\u00c7\u00c3O N\u00ba 035\/2013<\/a> &#8211; DISP. 27\/11\/2013<\/span><\/h2>\n<h2 class=\"contentheadingresolucoes_css\" style=\"text-align: center;\"><span style=\"color: #ff0000;\">ERRATA DA <a href=\"https:\/\/www.tjes.jus.br\/corregedoria\/index.php\/2016\/07\/05\/errata-da-resolucao-no-0352013-disp-29112013\/\" target=\"_blank\" rel=\"noopener\">RESOLU\u00c7\u00c3O N\u00ba 035\/2013<\/a> &#8211; DISP. 29\/11\/2013<\/span><\/h2>\n","protected":false},"excerpt":{"rendered":"<p>ESTADO DO ESP\u00cdRITO SANTO PODER JUDICI\u00c1RIO TRIBUNAL DE JUSTI\u00c7A RESOLU\u00c7\u00c3O N.\u00ba 35\/13 (ERRATA) O Exm\u00ba. Sr. Desembargador PEDRO VALLS FEU ROSA, Presidente do Egr\u00e9gio Tribunal de Justi\u00e7a do Estado do Esp\u00edrito Santo, no uso de suas atribui\u00e7\u00f5es legais e tendo em vista DECIS\u00c3O do Egr\u00e9gio Tribunal Pleno em sess\u00e3o realizada em 25\/07\/2013, RESOLVE: ALTERAR a [&hellip;]<\/p>\n","protected":false},"author":1,"featured_media":0,"comment_status":"open","ping_status":"open","sticky":false,"template":"","format":"standard","meta":{"footnotes":""},"categories":[13],"tags":[],"_links":{"self":[{"href":"https:\/\/www.tjes.jus.br\/corregedoria\/wp-json\/wp\/v2\/posts\/3841"}],"collection":[{"href":"https:\/\/www.tjes.jus.br\/corregedoria\/wp-json\/wp\/v2\/posts"}],"about":[{"href":"https:\/\/www.tjes.jus.br\/corregedoria\/wp-json\/wp\/v2\/types\/post"}],"author":[{"embeddable":true,"href":"https:\/\/www.tjes.jus.br\/corregedoria\/wp-json\/wp\/v2\/users\/1"}],"replies":[{"embeddable":true,"href":"https:\/\/www.tjes.jus.br\/corregedoria\/wp-json\/wp\/v2\/comments?post=3841"}],"version-history":[{"count":6,"href":"https:\/\/www.tjes.jus.br\/corregedoria\/wp-json\/wp\/v2\/posts\/3841\/revisions"}],"predecessor-version":[{"id":23707,"href":"https:\/\/www.tjes.jus.br\/corregedoria\/wp-json\/wp\/v2\/posts\/3841\/revisions\/23707"}],"wp:attachment":[{"href":"https:\/\/www.tjes.jus.br\/corregedoria\/wp-json\/wp\/v2\/media?parent=3841"}],"wp:term":[{"taxonomy":"category","embeddable":true,"href":"https:\/\/www.tjes.jus.br\/corregedoria\/wp-json\/wp\/v2\/categories?post=3841"},{"taxonomy":"post_tag","embeddable":true,"href":"https:\/\/www.tjes.jus.br\/corregedoria\/wp-json\/wp\/v2\/tags?post=3841"}],"curies":[{"name":"wp","href":"https:\/\/api.w.org\/{rel}","templated":true}]}}