{"id":3843,"date":"2016-07-05T17:22:09","date_gmt":"2016-07-05T20:22:09","guid":{"rendered":"https:\/\/www.tjes.jus.br\/corregedoria\/?p=3843"},"modified":"2018-03-28T12:36:20","modified_gmt":"2018-03-28T15:36:20","slug":"resolucao-no-0352013-disp-07082013-retificada","status":"publish","type":"post","link":"https:\/\/www.tjes.jus.br\/corregedoria\/2016\/07\/05\/resolucao-no-0352013-disp-07082013-retificada\/","title":{"rendered":"RESOLU\u00c7\u00c3O N\u00ba 035\/2013 &#8211; DISP. 07\/08\/2013 &#8211; REPUBLICADA"},"content":{"rendered":"<h2 align=\"center\"><span style=\"color: #ff0000;\">REPUBLICADA (ERRATA) EM\u00a025\/09\/2013 POR HAVER INCORRE\u00c7\u00c3O (<a href=\"https:\/\/www.tjes.jus.br\/corregedoria\/index.php\/2016\/07\/05\/errada-da-resolucao-n-o-352013-disp-25092013\/\">CLIQUE AQUI<\/a>)<\/span><\/h2>\n<p align=\"center\"><del><strong>ESTADO DO ESP\u00cdRITO SANTO<\/strong><\/del><\/p>\n<p align=\"center\"><del><strong>PODER JUDICI\u00c1RIO<\/strong><\/del><\/p>\n<p align=\"center\"><del><b>TRIBUNAL DE JUSTI\u00c7A<\/b><\/del><\/p>\n<p align=\"center\"><del><b>RESOLU\u00c7\u00c3O N\u00ba 35\/2013<\/b><\/del><\/p>\n<p style=\"text-align: justify;\" align=\"justify\"><del><b>O Exm\u00ba Sr. Desembargador PEDRO VALLS FEU ROSA, Presidente do Egr\u00e9gio Tribunal de Justi\u00e7a do Estado do Esp\u00edrito Santo, no uso de suas atribui\u00e7\u00f5es legais e tendo em vista DECIS\u00c3O do Egr\u00e9gio Tribunal Pleno em sess\u00e3o realizada em 25\/07\/2013,<\/b><\/del><\/p>\n<p style=\"text-align: justify;\" align=\"justify\"><del><b>RESOLVE:<\/b><\/del><\/p>\n<p style=\"text-align: justify;\" align=\"justify\"><del><b>ALTERAR<\/b> a<b> Comiss\u00e3o Examinadora do Concurso P\u00fablico <\/b>para<b> remo\u00e7\u00e3o e ingresso de delegat\u00e1rios, <\/b>institu\u00edda atrav\u00e9s da <a href=\"https:\/\/www.tjes.jus.br\/corregedoria\/index.php\/2016\/07\/06\/resolucao-no-0202013-disp-08052013-alterada\/\" target=\"_blank\" rel=\"noopener\">Resolu\u00e7\u00e3o n\u00ba 020\/2013, publicada no &#8220;DJ&#8221; de 08\/05\/13<\/a><b>,<\/b> ficando composta pelos seguintes integrantes:<\/del><\/p>\n<p style=\"text-align: justify;\" align=\"justify\"><del>Desembargador<b> JOS\u00c9 PAULO CALMON NOGUEIRA DA GAMA<\/b> &#8211; Presidente<\/del><\/p>\n<p style=\"text-align: justify;\" align=\"justify\"><del>Ju\u00edzes de Direito &#8211; <b>Dr\u00aa MARIA CRISTINA DE SOUZA FERREIRA e Drs. ALDARY NUNES JUNIOR e EZEQUIEL TUR\u00cdBIO<\/b><\/del><\/p>\n<p style=\"text-align: justify;\" align=\"justify\"><del>Representante do Minist\u00e9rio P\u00fablico &#8211; <b>Dr\u00aa IVANILCE DA CRUZ ROM\u00c3O<\/b><\/del><\/p>\n<p style=\"text-align: justify;\" align=\"justify\"><del>Representante da OAB-ES &#8211; <b>Dr. FRANCISCO CARLOS PIO DE OLIVEIRA<\/b><\/del><\/p>\n<p style=\"text-align: justify;\" align=\"justify\"><del>Representante da Classe de Oficial Registrador \u2013 <strong>Dr. ROBERTO FORNER J\u00daNIOR \u2013 titular e Dr\u00aa CELI MARIA GUISSO CABRAL, \u2013 como suplente da classe de not\u00e1rio (<a href=\"https:\/\/www.tjes.jus.br\/corregedoria\/2016\/07\/05\/errata-da-resolucao-no-0352013-disp-29112013\/\" target=\"_blank\" rel=\"noopener\">Errata<\/a> disponibilizada em 29\/11\/2013)<\/strong><\/del><\/p>\n<p style=\"text-align: justify;\" align=\"justify\"><del>Representante do SINOREG &#8211; ES &#8211; <b>Dr\u00aa GERUSA CORTELETTI RONCONI<\/b><\/del><\/p>\n<p style=\"text-align: justify;\" align=\"justify\"><del><b>PUBLIQUE-SE<\/b><\/del><\/p>\n<p style=\"text-align: justify;\" align=\"justify\"><del>Vit\u00f3ria, 29 de julho de 2013.<\/del><\/p>\n<p style=\"text-align: center;\" align=\"center\"><del><b>Desembargador PEDRO VALLS FEU ROSA<br \/>\n<\/b><b>Presidente<\/b><\/del><\/p>\n<h2 class=\"contentheadingresolucoes_css\" style=\"text-align: center;\"><span style=\"color: #ff0000;\">ERRATA PUBLICADA EM <a href=\"https:\/\/www.tjes.jus.br\/corregedoria\/index.php\/2016\/07\/05\/errata-da-resolucao-no-0352013-disp-27112013\/\" target=\"_blank\" rel=\"noopener\">27\/11\/2013<\/a><\/span><\/h2>\n<h2 class=\"contentheadingresolucoes_css\" style=\"text-align: center;\"><span style=\"color: #ff0000;\">ERRATA PUBLICADA EM\u00a0<a href=\"https:\/\/www.tjes.jus.br\/corregedoria\/index.php\/2016\/07\/05\/errata-da-resolucao-no-0352013-disp-29112013\/\" target=\"_blank\" rel=\"noopener\">29\/11\/2013<\/a><\/span><\/h2>\n","protected":false},"excerpt":{"rendered":"<p>REPUBLICADA (ERRATA) EM\u00a025\/09\/2013 POR HAVER INCORRE\u00c7\u00c3O (CLIQUE AQUI) ESTADO DO ESP\u00cdRITO SANTO PODER JUDICI\u00c1RIO TRIBUNAL DE JUSTI\u00c7A RESOLU\u00c7\u00c3O N\u00ba 35\/2013 O Exm\u00ba Sr. Desembargador PEDRO VALLS FEU ROSA, Presidente do Egr\u00e9gio Tribunal de Justi\u00e7a do Estado do Esp\u00edrito Santo, no uso de suas atribui\u00e7\u00f5es legais e tendo em vista DECIS\u00c3O do Egr\u00e9gio Tribunal Pleno em [&hellip;]<\/p>\n","protected":false},"author":1,"featured_media":0,"comment_status":"open","ping_status":"open","sticky":false,"template":"","format":"standard","meta":{"footnotes":""},"categories":[13],"tags":[],"_links":{"self":[{"href":"https:\/\/www.tjes.jus.br\/corregedoria\/wp-json\/wp\/v2\/posts\/3843"}],"collection":[{"href":"https:\/\/www.tjes.jus.br\/corregedoria\/wp-json\/wp\/v2\/posts"}],"about":[{"href":"https:\/\/www.tjes.jus.br\/corregedoria\/wp-json\/wp\/v2\/types\/post"}],"author":[{"embeddable":true,"href":"https:\/\/www.tjes.jus.br\/corregedoria\/wp-json\/wp\/v2\/users\/1"}],"replies":[{"embeddable":true,"href":"https:\/\/www.tjes.jus.br\/corregedoria\/wp-json\/wp\/v2\/comments?post=3843"}],"version-history":[{"count":10,"href":"https:\/\/www.tjes.jus.br\/corregedoria\/wp-json\/wp\/v2\/posts\/3843\/revisions"}],"predecessor-version":[{"id":23709,"href":"https:\/\/www.tjes.jus.br\/corregedoria\/wp-json\/wp\/v2\/posts\/3843\/revisions\/23709"}],"wp:attachment":[{"href":"https:\/\/www.tjes.jus.br\/corregedoria\/wp-json\/wp\/v2\/media?parent=3843"}],"wp:term":[{"taxonomy":"category","embeddable":true,"href":"https:\/\/www.tjes.jus.br\/corregedoria\/wp-json\/wp\/v2\/categories?post=3843"},{"taxonomy":"post_tag","embeddable":true,"href":"https:\/\/www.tjes.jus.br\/corregedoria\/wp-json\/wp\/v2\/tags?post=3843"}],"curies":[{"name":"wp","href":"https:\/\/api.w.org\/{rel}","templated":true}]}}