{"id":3848,"date":"2016-07-05T17:28:39","date_gmt":"2016-07-05T20:28:39","guid":{"rendered":"https:\/\/www.tjes.jus.br\/corregedoria\/?p=3848"},"modified":"2018-02-16T15:58:27","modified_gmt":"2018-02-16T17:58:27","slug":"resolucao-no-0332013-disp-29072013-alterada","status":"publish","type":"post","link":"https:\/\/www.tjes.jus.br\/corregedoria\/2016\/07\/05\/resolucao-no-0332013-disp-29072013-alterada\/","title":{"rendered":"RESOLU\u00c7\u00c3O N\u00ba 033\/2013 &#8211; DISP. 29\/07\/2013 &#8211; ALTERADA &#8211; REVOGADA"},"content":{"rendered":"<p style=\"text-align: center;\"><del><strong>ESTADO DO ESP\u00cdRITO SANTO<\/strong><\/del><\/p>\n<p style=\"text-align: center;\"><del><strong>PODER JUDICI\u00c1RIO<\/strong><\/del><\/p>\n<p style=\"text-align: center;\"><del><strong>TRIBUNAL DE JUSTI\u00c7A<\/strong><\/del><\/p>\n<p style=\"text-align: center;\"><del><strong>RESOLU\u00c7\u00c3O N\u00ba 033, DE 25 DE JULHO DE 2013.<\/strong><\/del><\/p>\n<p style=\"text-align: justify;\"><del><em>Disp\u00f5e sobre o Regimento Interno do Colegiado Recursal, substituindo a Resolu\u00e7\u00e3o 015\/2009, e da Turma de Uniformiza\u00e7\u00e3o de Interpreta\u00e7\u00e3o de Lei dos Juizados Especiais do Estado do Esp\u00edrito Santo.<\/em><\/del><\/p>\n<p style=\"text-align: justify;\"><del><strong>O PRESIDENTE DO EGR\u00c9GIO TRIBUNAL DE JUSTI\u00c7A DO ESTADO DO ESP\u00cdRITO SANTO<\/strong>, <strong>DESEMBARGADOR PEDRO VALLS FEU ROSA<\/strong>, usando de suas atribui\u00e7\u00f5es legais, e tendo em vista a <a href=\"https:\/\/www.tjes.jus.br\/corregedoria\/index.php\/2017\/02\/15\/resolucao-n-542010-publ-em-29102010\/\" target=\"_blank\" rel=\"noopener\">Resolu\u00e7\u00e3o n\u00ba 54 de 29.10.2010<\/a>, que instituiu a Turma de Uniformiza\u00e7\u00e3o de Interpreta\u00e7\u00e3o de Lei no \u00e2mbito dos Juizados Especiais e a necessidade de aprimoramento do Regimento Interno do Colegiado Recursal, e tendo em visa a decis\u00e3o do Egr\u00e9gio Tribunal Pleno, em sess\u00e3o ordin\u00e1ria nessa data,<\/del><\/p>\n<p style=\"text-align: justify;\"><del><strong>RESOLVE:<\/strong><\/del><\/p>\n<p style=\"text-align: justify;\"><del>Editar e aprovar o Regimento \u00danico do Colegiado Recursal e da Turma de Uniformiza\u00e7\u00e3o de Interpreta\u00e7\u00e3o de Lei dos Juizados Especiais do Estado do Esp\u00edrito Santo em anexo.<\/del><\/p>\n<p style=\"text-align: justify;\"><del><strong>REGIMENTO \u00daNICO DO COLEGIADO RECURSAL E DA TURMA DE UNIFORMIZA\u00c7\u00c3O DE INTERPRETA\u00c7\u00c3O DE LEI DOS JUIZADOS ESPECIAIS DO ESTADO DO ESP\u00cdRITO SANTO<\/strong><\/del><\/p>\n<p style=\"text-align: justify;\"><del><strong>OBJETO DO REGIMENTO<\/strong><\/del><\/p>\n<p style=\"text-align: justify;\"><del><strong>Art. 1\u00ba.<\/strong> Este Regimento \u00danico disp\u00f5e sobre a organiza\u00e7\u00e3o e funcionamento da Turma de Uniformiza\u00e7\u00e3o de Interpreta\u00e7\u00e3o de Lei e do Colegiado Recursal dos Juizados Especiais do Estado do Esp\u00edrito Santo, por seus \u00f3rg\u00e3os, regulando o julgamento dos recursos, incidentes e a\u00e7\u00f5es afetas \u00e0s mat\u00e9rias c\u00edveis e criminais estabelecidas na forma da Lei n\u00ba 9.099, de 26 de setembro de 1995, e 12.153, de 22 de dezembro de 2009.<\/del><\/p>\n<p style=\"text-align: justify;\"><del><strong>Par\u00e1grafo \u00danico.<\/strong> Aplicam-se ao funcionamento do Colegiado Recursal e da Turma de Uniformiza\u00e7\u00e3o as disposi\u00e7\u00f5es da Lei n. 12.153, de 22 de dezembro de 2009, e, subsidiariamente, as normas do Regimento Interno do Tribunal de Justi\u00e7a do Estado do Esp\u00edrito Santo.<\/del><\/p>\n<p style=\"text-align: center;\"><del><strong>LIVRO I<br \/>\nDO COLEGIADO RECURSAL<\/strong><\/del><\/p>\n<p style=\"text-align: center;\"><del><strong>CAP\u00cdTULO I<br \/>\nCOMPOSI\u00c7\u00c3O E FUNCIONAMENTO<\/strong><\/del><\/p>\n<p style=\"text-align: justify;\"><del><strong>Art. 2\u00ba.<\/strong> O Colegiado Recursal \u00e9 composto pelo Plen\u00e1rio, formado pela reuni\u00e3o de todas as Turmas Recursais, cada uma composta por tr\u00eas (3) Ju\u00edzes efetivos e um (1) suplente.<\/del><\/p>\n<p style=\"text-align: justify;\"><del><strong>Art. 2\u00ba.<\/strong> O Colegiado Recursal \u00e9 composto pelo Plen\u00e1rio, formado pela reuni\u00e3o de todas as Turmas Recursais, cada uma composta por 05 (cinco) Ju\u00edzes efetivos, sendo que os suplentes, em n\u00famero de dois para cada Turma, n\u00e3o participar\u00e3o das sess\u00f5es, a n\u00e3o ser em substitui\u00e7\u00e3o de membros titulares. <strong>(Alterado pela <a href=\"https:\/\/www.tjes.jus.br\/corregedoria\/index.php\/2016\/07\/04\/resolucao-n-152015-disp-24042015\/\" target=\"_blank\" rel=\"noopener\">Resolu\u00e7\u00e3o n\u00ba 15\/2015<\/a>, disponibilizada em 24\/04\/2015)<\/strong><\/del><\/p>\n<p style=\"text-align: justify;\"><del>\u00a7 1\u00ba. Com a implementa\u00e7\u00e3o da nova composi\u00e7\u00e3o, cada um dos suplentes, automaticamente, assumir\u00e1 a quarta vaga de membro efetivo em cada Turma. <strong>(Inserido pela <a href=\"https:\/\/www.tjes.jus.br\/corregedoria\/index.php\/2016\/07\/04\/resolucao-n-152015-disp-24042015\/\" target=\"_blank\" rel=\"noopener\">Resolu\u00e7\u00e3o n\u00ba 15\/2015<\/a>, disponibilizada em 24\/04\/2015)<\/strong><\/del><\/p>\n<p style=\"text-align: justify;\"><del>\u00a7 2\u00ba. Cabe ao Conselho Superior da Magistratura a escolha de mais um membro e dois suplentes de cada uma das Turmas Recursais. <strong>(Inserido pela <a href=\"https:\/\/www.tjes.jus.br\/corregedoria\/index.php\/2016\/07\/04\/resolucao-n-152015-disp-24042015\/\" target=\"_blank\" rel=\"noopener\">Resolu\u00e7\u00e3o n\u00ba 15\/2015<\/a>, disponibilizada em 24\/04\/2015)<\/strong><\/del><\/p>\n<p style=\"text-align: justify;\"><del>\u00a7 3\u00ba. A antiguidade dos membros e suplentes das Turmas ser\u00e1 aferida pela data da publica\u00e7\u00e3o do ato de designa\u00e7\u00e3o correspondente. <strong>(Inserido pela <a href=\"https:\/\/www.tjes.jus.br\/corregedoria\/index.php\/2016\/07\/04\/resolucao-n-152015-disp-24042015\/\" target=\"_blank\" rel=\"noopener\">Resolu\u00e7\u00e3o n\u00ba 15\/2015<\/a>, disponibilizada em 24\/04\/2015)<\/strong><\/del><\/p>\n<p style=\"text-align: justify;\"><del>\u00a7 4\u00ba. A Presid\u00eancia da Turma Recursal recair\u00e1 sobre o membro mais antigo na referida Turma. <strong>(Inserido pela <a href=\"https:\/\/www.tjes.jus.br\/corregedoria\/index.php\/2016\/07\/04\/resolucao-n-152015-disp-24042015\/\" target=\"_blank\" rel=\"noopener\">Resolu\u00e7\u00e3o n\u00ba 15\/2015<\/a>, disponibilizada em 24\/04\/2015)<\/strong><\/del><\/p>\n<p style=\"text-align: justify;\"><del>\u00a7 5\u00ba. Os recursos e demais incidentes ser\u00e3o distribu\u00eddos igualitariamente a todos os membros das Turmas. <strong>(Inserido pela <a href=\"https:\/\/www.tjes.jus.br\/corregedoria\/index.php\/2016\/07\/04\/resolucao-n-152015-disp-24042015\/\" target=\"_blank\" rel=\"noopener\">Resolu\u00e7\u00e3o n\u00ba 15\/2015<\/a>, disponibilizada em 24\/04\/2015)<\/strong><\/del><\/p>\n<p style=\"text-align: justify;\"><del>\u00a7 6\u00ba. N\u00e3o ser\u00e1 devida di\u00e1ria para o membro ou suplente da Turma Recursal em decorr\u00eancia do comparecimento \u00e0s sess\u00f5es de julgamento. <strong>(Inserido pela <a href=\"https:\/\/www.tjes.jus.br\/corregedoria\/index.php\/2016\/07\/04\/resolucao-n-152015-disp-24042015\/\" target=\"_blank\" rel=\"noopener\">Resolu\u00e7\u00e3o n\u00ba 15\/2015<\/a>, disponibilizada em 24\/04\/2015)<\/strong><\/del><\/p>\n<p style=\"text-align: justify;\"><del>\u00a7 7\u00ba. Os Ju\u00edzes Coordenadores dos Juizados Especiais n\u00e3o receber\u00e3o gratifica\u00e7\u00e3o em cumula\u00e7\u00e3o \u00e0 fun\u00e7\u00e3o de Juiz membro de Turma Recursal. <strong>(Inserido pela <a href=\"https:\/\/www.tjes.jus.br\/corregedoria\/index.php\/2016\/07\/04\/resolucao-n-152015-disp-24042015\/\" target=\"_blank\" rel=\"noopener\">Resolu\u00e7\u00e3o n\u00ba 15\/2015<\/a>, disponibilizada em 24\/04\/2015)<\/strong><\/del><\/p>\n<p style=\"text-align: justify;\"><del><strong>Art. 3\u00ba. <\/strong>As Turmas Recursais da Capital e as Turmas Recursais do interior do Estado s\u00e3o divididas por regi\u00f5es conforme disposto no Anexo do presente Regimento.<\/del><\/p>\n<p style=\"text-align: justify;\"><del><strong>Art. 4\u00ba.<\/strong> As Turmas Recursais da Capital funcionar\u00e3o em Vit\u00f3ria, tendo compet\u00eancia para julgar os recursos e procedimentos que digam respeito aos Juizados Especiais das Comarcas de Vit\u00f3ria, Vila Velha, Cariacica, Serra, Viana e Santa Leopoldina.<\/del><\/p>\n<p style=\"text-align: justify;\"><del><strong>Art. 5\u00ba.<\/strong> As Turmas Recursais das Regi\u00f5es Norte e Sul do Estado exercer\u00e3o suas atividades em sede fixa ou de forma itinerante, no \u00e2mbito de sua respectiva regi\u00e3o, conforme estabelecido no Anexo do presente Regimento, mediante programa\u00e7\u00e3o pr\u00e9-estabelecida e publicada no Di\u00e1rio da Justi\u00e7a para ci\u00eancia dos interessados.<\/del><\/p>\n<p style=\"text-align: justify;\"><del><strong>Par\u00e1grafo \u00danico.<\/strong> O Juiz Diretor do F\u00f3rum da Comarca onde ser\u00e1 realizado o julgamento das Turmas itinerantes disponibilizar\u00e1 servidores para auxiliar os trabalhos, bem como o local para a realiza\u00e7\u00e3o das sess\u00f5es de julgamento.<\/del><\/p>\n<p style=\"text-align: justify;\"><del><strong>Art. 6\u00ba<\/strong>. O Colegiado Recursal re\u00fane-se:<\/del><\/p>\n<p style=\"text-align: justify;\"><del>I &#8211; em Plen\u00e1rio, com os componentes efetivos de todas as Turmas recursais;<\/del><\/p>\n<p style=\"text-align: justify;\"><del>II- em sess\u00e3o simples de cada turma.<\/del><\/p>\n<p style=\"text-align: justify;\"><del><strong>Par\u00e1grafo \u00fanico<\/strong>. O Plen\u00e1rio do Colegiado Recursal ser\u00e1 presidido pelo Juiz mais antigo no Colegiado dentre os presidentes das Turmas da Capital.<\/del><\/p>\n<p style=\"text-align: center;\"><del><strong>CAP\u00cdTULO II<br \/>\nINGRESSO DO JUIZ NAS TURMAS RECURSAIS E MANDATO<\/strong><\/del><\/p>\n<p style=\"text-align: justify;\"><del><strong>Art. 7\u00ba.<\/strong> Nos termos do artigo 17, da Lei Federal n\u00ba 12.153, de 22 de dezembro de 2009, as Turmas Recursais, do Sistema dos Juizados Especiais, s\u00e3o compostas por Ju\u00edzes em exerc\u00edcio no primeiro grau de jurisdi\u00e7\u00e3o, com mandato de dois (2) anos e integradas, preferencialmente, por Ju\u00edzes do Sistema dos Juizados Especiais.<\/del><\/p>\n<p style=\"text-align: justify;\"><del>\u00a7 1\u00ba. Ao juiz, titular ou suplente, torna-se obrigat\u00f3ria a frequ\u00eancia em curso espec\u00edfico de forma\u00e7\u00e3o para Ju\u00edzes de Turma Recursal, com carga hor\u00e1ria m\u00ednima de 20 horas, a ser ministrado pela Escola da Magistratura do Estado do Esp\u00edrito Santo (EMES) ou pela Escola Nacional de Forma\u00e7\u00e3o e Aperfei\u00e7oamento de Magistrados (ENFAM), no prazo que a Escola da Magistratura do Estado do Esp\u00edrito Santo (EMES) estabelecer, mas n\u00e3o superior a seis meses da data da respectiva escolha ou designa\u00e7\u00e3o, sob pena de ser cessada a designa\u00e7\u00e3o. <strong>(Inserido pela <a href=\"https:\/\/www.tjes.jus.br\/corregedoria\/index.php\/2016\/07\/04\/resolucao-n-152015-disp-24042015\/\" target=\"_blank\" rel=\"noopener\">Resolu\u00e7\u00e3o n\u00ba 15\/2015<\/a>, disponibilizada em 24\/04\/2015)<\/strong><\/del><\/p>\n<p style=\"text-align: justify;\"><del>\u00a7 2\u00ba. Est\u00e1 dispensado da regra contida no par\u00e1grafo anterior o magistrado que j\u00e1 frequentou o citado curso. <strong>(Inserido pela <a href=\"https:\/\/www.tjes.jus.br\/corregedoria\/index.php\/2016\/07\/04\/resolucao-n-152015-disp-24042015\/\" target=\"_blank\" rel=\"noopener\">Resolu\u00e7\u00e3o n\u00ba 15\/2015<\/a>, disponibilizada em 24\/04\/2015)<\/strong><\/del><\/p>\n<p style=\"text-align: justify;\"><del>\u00a7 3\u00ba. Caso o certame n\u00e3o tenha magistrados inscritos, caber\u00e1 ao Presidente indicar o sucessor, submetendo a escolha ao Conselho da Magistratura. <strong>(Inserido pela <a href=\"https:\/\/www.tjes.jus.br\/corregedoria\/index.php\/2016\/07\/04\/resolucao-n-152015-disp-24042015\/\" target=\"_blank\" rel=\"noopener\">Resolu\u00e7\u00e3o n\u00ba 15\/2015<\/a>, disponibilizada em 24\/04\/2015)<\/strong><\/del><\/p>\n<p style=\"text-align: justify;\"><del><strong>Art. 8\u00ba.<\/strong> Os Ju\u00edzes componentes das Turmas Recursais ser\u00e3o aqueles em exerc\u00edcio na regi\u00e3o correspondente a cada uma das Turmas, ficando vedada a recondu\u00e7\u00e3o, salvo quando n\u00e3o houver outro Juiz na sede da Turma Recursal, observados os termos do artigo 17, \u00a7 1\u00ba e 2\u00ba, da Lei Federal n\u00ba 12.153\/2009.<\/del><\/p>\n<p style=\"text-align: justify;\"><del>\u00a7 1\u00ba. Em caso de promo\u00e7\u00e3o ou remo\u00e7\u00e3o que provoque a localiza\u00e7\u00e3o do magistrado em ju\u00edzo diverso da regi\u00e3o da Turma Recursal que comp\u00f5e, continuar\u00e1 ele respondendo pela respectiva designa\u00e7\u00e3o at\u00e9 o final do mandato. Se titular ou suplente, poder\u00e1 pedir o desligamento, o qual ser\u00e1 processado na forma do art. 12, desta resolu\u00e7\u00e3o. <strong>(Inserido pela <a href=\"https:\/\/www.tjes.jus.br\/corregedoria\/index.php\/2016\/07\/04\/resolucao-n-152015-disp-24042015\/\" target=\"_blank\" rel=\"noopener\">Resolu\u00e7\u00e3o n\u00ba 15\/2015<\/a>, disponibilizada em 24\/04\/2015)<\/strong><\/del><\/p>\n<p style=\"text-align: justify;\"><del>\u00a7 2\u00ba. A promo\u00e7\u00e3o ou remo\u00e7\u00e3o, como titular ou suplente, n\u00e3o d\u00e1 direito ao magistrado de ser removido para um das Turmas Recursais. <strong>(Inserido pela <a href=\"https:\/\/www.tjes.jus.br\/corregedoria\/index.php\/2016\/07\/04\/resolucao-n-152015-disp-24042015\/\" target=\"_blank\" rel=\"noopener\">Resolu\u00e7\u00e3o n\u00ba 15\/2015<\/a>, disponibilizada em 24\/04\/2015)<\/strong><\/del><\/p>\n<p style=\"text-align: justify;\"><del>\u00a7 3\u00ba. No caso de desligamento de membro efetivo da Turma Recursal, seja a que t\u00edtulo for, ficar\u00e1 vinculado aos processos que lhe foram distribu\u00eddos at\u00e9 a data da remo\u00e7\u00e3o prevista no par\u00e1grafo anterior, cabendo-lhe julg\u00e1-los no prazo de at\u00e9 30 dias, comunicando, atrav\u00e9s de of\u00edcio, a Presid\u00eancia do Tribunal de Justi\u00e7a e a Coordenadoria dos Juizados Especiais para as anota\u00e7\u00f5es pertinentes. <strong>(Inserido pela <a href=\"https:\/\/www.tjes.jus.br\/corregedoria\/index.php\/2016\/07\/04\/resolucao-n-152015-disp-24042015\/\" target=\"_blank\" rel=\"noopener\">Resolu\u00e7\u00e3o n\u00ba 15\/2015<\/a>, disponibilizada em 24\/04\/2015)<\/strong><\/del><\/p>\n<p style=\"text-align: justify;\"><del>\u00a7 4\u00ba. Se, por algum motivo a atua\u00e7\u00e3o do magistrado junto \u00e0 Turma Recursal se tornar incompat\u00edvel com o of\u00edcio desempenhado, poder\u00e1 o Presidente do Tribunal de Justi\u00e7a do Estado do Esp\u00edrito Santo submeter ao Conselho da Magistratura, para deliberar sobre a necessidade do desligamento. <strong>(Inserido pela <a href=\"https:\/\/www.tjes.jus.br\/corregedoria\/index.php\/2016\/07\/04\/resolucao-n-152015-disp-24042015\/\" target=\"_blank\" rel=\"noopener\">Resolu\u00e7\u00e3o n\u00ba 15\/2015<\/a>, disponibilizada em 24\/04\/2015)<\/strong><\/del><\/p>\n<p style=\"text-align: justify;\"><del><strong>Art. 9\u00ba.<\/strong> Compete ao Conselho Superior da Magistratura a escolha dos Ju\u00edzes integrantes das Turmas Recursais, com posterior designa\u00e7\u00e3o por ato do Presidente do Tribunal de Justi\u00e7a.<\/del><\/p>\n<p style=\"text-align: justify;\"><del>Par\u00e1grafo \u00danico. No caso de n\u00e3o ser preenchida a vaga dispon\u00edvel em um primeiro edital, os ju\u00edzes que j\u00e1 integraram o Sistema dos Juizados Especiais como membro de Turma Recursal poder\u00e3o requerer a designa\u00e7\u00e3o, desde que publicado o segundo edital. <strong>(Inserido pela <a href=\"https:\/\/www.tjes.jus.br\/corregedoria\/index.php\/2016\/07\/04\/resolucao-n-152015-disp-24042015\/\" target=\"_blank\" rel=\"noopener\">Resolu\u00e7\u00e3o n\u00ba 15\/2015<\/a>, disponibilizada em 24\/04\/2015)<\/strong><\/del><\/p>\n<p style=\"text-align: justify;\"><del><strong>Art. 10.<\/strong> Na designa\u00e7\u00e3o dos Ju\u00edzes das Turmas Recursais, ser\u00e3o adotados os crit\u00e9rio de antiguidade e merecimento alternadamente, obedecendo-se os mesmos crit\u00e9rios legais j\u00e1 adotados pelo Tribunal de Justi\u00e7a do Estado do Esp\u00edrito Santo para promo\u00e7\u00e3o de Ju\u00edzes para o segundo grau, conforme determina\u00e7\u00e3o do art. 17, \u00a7 1\u00ba da Lei 12.153\/2008, observando-se, tamb\u00e9m, o que disp\u00f5e o art. 9\u00ba , \u00a7 2\u00ba e \u00a7 3\u00ba, do Provimento 07 de 07.05.2010, do Conselho Nacional de Justi\u00e7a.<\/del><\/p>\n<p style=\"text-align: justify;\"><del>\u00a7 1\u00ba. \u00c9 vedada a indica\u00e7\u00e3o de Ju\u00edzes que estejam convocados pelo Tribunal de Justi\u00e7a para substitui\u00e7\u00e3o de Desembargadores, assim como daqueles designados para assessorar a Presid\u00eancia do Egr\u00e9gio Tribunal de Justi\u00e7a, a Vice-Presid\u00eancia, a Presid\u00eancia do Tribunal Regional Eleitoral, Vice-Presid\u00eancia do Tribunal Regional Eleitoral, indicados para comporem a Corregedoria Geral de Justi\u00e7a, assim como daqueles que estiverem afastados das fun\u00e7\u00f5es jurisdicionais por decis\u00e3o do Tribunal de Justi\u00e7a para o exerc\u00edcio de cargo diretivo de associa\u00e7\u00e3o de magistrados (Lei Complementar n\u00ba 35\/1979) e, ainda, daqueles que estiverem convocados pelo Conselho Nacional de Justi\u00e7a como auxiliares ou membros do respectivo \u00f3rg\u00e3o. <strong>(Inserido pela <a href=\"https:\/\/www.tjes.jus.br\/corregedoria\/index.php\/2016\/07\/05\/resolucao-n-162014-disp-26032014\/\" target=\"_blank\" rel=\"noopener\">Resolu\u00e7\u00e3o n\u00ba 16\/2014<\/a>, disponibilizada em 26\/03\/2014)<\/strong><\/del><\/p>\n<p style=\"text-align: justify;\"><del>\u00a7 1\u00ba. \u00c9 vedada a indica\u00e7\u00e3o de Ju\u00edzes que estejam convocados pelo Tribunal de Justi\u00e7a para substitui\u00e7\u00e3o de Desembargadores, assim como daqueles designados para assessorar a Presid\u00eancia do Egr\u00e9gio Tribunal de Justi\u00e7a, a Vice-Presid\u00eancia, a Presid\u00eancia do Tribunal Regional Eleitoral, Vice-Presid\u00eancia do Tribunal Regional Eleitoral, indicados para comporem a Corregedoria Geral de Justi\u00e7a, eleitos ou indicados para a fun\u00e7\u00e3o de diretor do foro e de juiz eleitoral, de primeira ou segunda inst\u00e2ncia, Coordenadores dos Juizados Especiais, da Inf\u00e2ncia e Juventude, das Execu\u00e7\u00f5es Penais e da Coordenadoria Estadual da Mulher em situa\u00e7\u00e3o de Viol\u00eancia Dom\u00e9stica e Familiar, assim como daqueles que estiverem afastados das fun\u00e7\u00f5es jurisdicionais por decis\u00e3o do Tribunal de Justi\u00e7a para o exerc\u00edcio de cargo diretivo de associa\u00e7\u00e3o de magistrados (Lei Complementar n\u00ba 35\/1979) e, ainda, daqueles que estiverem convocados pelo Conselho Nacional de Justi\u00e7a como auxiliares ou membros do respectivo \u00f3rg\u00e3o.\u00a0<strong>(Alterado pela <a href=\"https:\/\/www.tjes.jus.br\/corregedoria\/index.php\/2016\/07\/04\/resolucao-n-152015-disp-24042015\/\" target=\"_blank\" rel=\"noopener\">Resolu\u00e7\u00e3o n\u00ba 15\/2015<\/a>, disponibilizada em 24\/04\/2015)<\/strong><\/del><\/p>\n<p style=\"text-align: justify;\"><del>\u00a7 1\u00ba-A. Aos ju\u00edzes que forem titulares de Comarca de Vara \u00danica, n\u00e3o se aplicar\u00e1 a veda\u00e7\u00e3o do par\u00e1grafo anterior, no que concerne \u00e0 cumula\u00e7\u00e3o da fun\u00e7\u00e3o de diretor de foro e de juiz eleitoral.\u00a0<strong>(Inserido pela <a href=\"https:\/\/www.tjes.jus.br\/corregedoria\/index.php\/2016\/07\/04\/resolucao-n-152015-disp-24042015\/\" target=\"_blank\" rel=\"noopener\">Resolu\u00e7\u00e3o n\u00ba 15\/2015<\/a>, disponibilizada em 24\/04\/2015)<\/strong><\/del><\/p>\n<p style=\"text-align: justify;\"><del><strong>Par\u00e1grafo \u00danico.<\/strong> Para o adequado cumprimento do art. 17, da Lei Federal n\u00ba 12.153\/2009, no sentido da composi\u00e7\u00e3o preferencial das Turmas Recursais por Ju\u00edzes integrantes do pr\u00f3prio sistema dos Juizados Especiais, a sele\u00e7\u00e3o com base nos crit\u00e9rios de antiguidade e merecimento voltar-se-\u00e1 para dois grupos distintos e separados, inciando-se, exclusivamente, sobre Ju\u00edzes dos Juizados Especiais e, na hip\u00f3tese de n\u00e3o preenchimento das vagas existentes, aplicando-se os mesmos crit\u00e9rios de escolha, em rela\u00e7\u00e3o aos demais ju\u00edzes integrantes do primeiro grau.<\/del><\/p>\n<p style=\"text-align: justify;\"><del>\u00a7 2\u00ba Para o adequado cumprimento do art. 17, da Lei Federal n\u00ba 12.153\/2009, no sentido da composi\u00e7\u00e3o preferencial das Turmas Recursais por Ju\u00edzes integrantes do pr\u00f3prio sistema dos Juizados Especiais, a sele\u00e7\u00e3o com base nos crit\u00e9rios de antiguidade e merecimento voltar-se-\u00e1 para dois grupos distintos e separados, iniciando-se, exclusivamente, sobre Ju\u00edzes dos Juizados Especiais e, na hip\u00f3tese de n\u00e3o preenchimento das vagas existentes, aplicando-se os mesmos crit\u00e9rios de escolha, em rela\u00e7\u00e3o aos demais ju\u00edzes integrantes do primeiro grau. <strong>(Alterado\u00a0pela <a href=\"https:\/\/www.tjes.jus.br\/corregedoria\/index.php\/2016\/07\/05\/resolucao-n-162014-disp-26032014\/\" target=\"_blank\" rel=\"noopener\">Resolu\u00e7\u00e3o n\u00ba 16\/2014<\/a>, disponibilizada em 26\/03\/2014)<\/strong><\/del><\/p>\n<p style=\"text-align: justify;\"><del><strong>Art. 11.<\/strong> O processo seletivo para composi\u00e7\u00e3o das Turmas Recursais ser\u00e1 realizado mediante inscri\u00e7\u00e3o dos Ju\u00edzes interessados nas correspondentes vagas, formalizada atrav\u00e9s de requerimento dirigido ao Presidente do Egr\u00e9gio Tribunal de Justi\u00e7a.<\/del><\/p>\n<p style=\"text-align: justify;\"><del><strong>Par\u00e1grafo \u00fanico.<\/strong> Para cada processo seletivo ocorrer\u00e1 pr\u00e9via publica\u00e7\u00e3o de edital, contendo a identifica\u00e7\u00e3o da vaga aberta e a descri\u00e7\u00e3o do prazo de cinco (cinco) dias para a inscri\u00e7\u00e3o pelo Juiz interessado.<\/del><\/p>\n<p style=\"text-align: justify;\"><del><strong>Art. 12. <\/strong>\u00a0O Juiz habilitado no processo seletivo e designado para compor Turma Recursal exercer\u00e1 as atividades de sua compet\u00eancia na correspondente Turma durante o tempo de seu mandato, n\u00e3o se admitindo a desist\u00eancia injustificada, subordinado seu eventual pedido de desligamento \u00e0 aprecia\u00e7\u00e3o e decis\u00e3o pelo Conselho Superior da Magistratura.<\/del><\/p>\n<p style=\"text-align: justify;\"><del><strong>Par\u00e1grafo \u00danico. <\/strong>Com a vac\u00e2ncia de cargo de membro titular da Turma Recursal, o suplente habilitado para a Turma assumir\u00e1 automaticamente a vaga, com mandato de dois anos, cabendo-lhe informar o in\u00edcio do exerc\u00edcio atrav\u00e9s de of\u00edcio encaminhado \u00e0 Presid\u00eancia do Tribunal de Justi\u00e7a e \u00e0 Coordenadoria dos Juizados Especiais para as anota\u00e7\u00f5es pertinentes.<\/del><\/p>\n<p style=\"text-align: justify;\"><del>\u00a7 1\u00ba. Com a vac\u00e2ncia de cargo de membro titular da Turma Recursal, o suplente mais antigo assumir\u00e1 automaticamente a vaga, com mandato de dois anos, contados a partir do dia seguinte ao t\u00e9rmino do mandato do titular, cabendo-lhe informar o in\u00edcio do exerc\u00edcio atrav\u00e9s de of\u00edcio encaminhado \u00e0 Presid\u00eancia do Tribunal de Justi\u00e7a e \u00e0 Coordenadoria dos Juizados Especiais para as anota\u00e7\u00f5es pertinentes.\u00a0<strong>(Alterado pela <a href=\"https:\/\/www.tjes.jus.br\/corregedoria\/index.php\/2016\/07\/04\/resolucao-n-152015-disp-24042015\/\" target=\"_blank\" rel=\"noopener\">Resolu\u00e7\u00e3o n\u00ba 15\/2015<\/a>, disponibilizada em 24\/04\/2015)<\/strong><\/del><\/p>\n<p style=\"text-align: justify;\"><del>\u00a7 2\u00ba. N\u00e3o sendo poss\u00edvel o provimento da vaga por suplente da mesma Turma, o suplente de outra Turma, desde que da mesma regi\u00e3o, poder\u00e1 requerer remo\u00e7\u00e3o, no mesmo prazo do edital que vier a ser publicado para o provimento da vaga.\u00a0<strong>(Inserido pela <a href=\"https:\/\/www.tjes.jus.br\/corregedoria\/index.php\/2016\/07\/04\/resolucao-n-152015-disp-24042015\/\" target=\"_blank\" rel=\"noopener\">Resolu\u00e7\u00e3o n\u00ba 15\/2015<\/a>, disponibilizada em 24\/04\/2015)<\/strong><\/del><\/p>\n<p style=\"text-align: center;\"><del><strong>CAP\u00cdTULO III<br \/>\nDA COMPET\u00caNCIA DO COLEGIADO RECURSAL.<\/strong><\/del><\/p>\n<p style=\"text-align: justify;\"><del><strong>Art. 13<\/strong>. Compete ao Plen\u00e1rio do Colegiado Recursal:<\/del><\/p>\n<p style=\"text-align: justify;\"><del>I &#8211; julgar recursos em exce\u00e7\u00f5es de suspei\u00e7\u00e3o e impedimento de membro de Turma;<\/del><\/p>\n<p style=\"text-align: justify;\"><del>II &#8211; julgar conflitos de compet\u00eancia entre Juizados Especiais;<\/del><\/p>\n<p style=\"text-align: justify;\"><del>III &#8211; julgar revis\u00e3o criminal;<\/del><\/p>\n<p style=\"text-align: justify;\"><del>IV &#8211; julgar mandados de seguran\u00e7a e habeas corpus impetrados contra ato monocr\u00e1tico de Juiz integrante de Turma Recursal ou contra as decis\u00f5es colegiadas destas;<\/del><\/p>\n<p style=\"text-align: justify;\"><del>V \u2013 julgar recursos ordin\u00e1rios interpostos contra decis\u00f5es denegat\u00f3rias de ordem proferidas em mandados de seguran\u00e7a de compet\u00eancia origin\u00e1ria de Turma Recursal, de acordo com o art. 18, da Lei n\u00ba 12.016 de 07.08.2009 (Lei do Mandado de Seguran\u00e7a);<\/del><\/p>\n<p style=\"text-align: justify;\"><del>V \u2013 editar, alterar ou cancelar enunciados mediante proposta apresentada por qualquer integrante das Turmas Recursais, desde que aprovada por pelo menos dois ter\u00e7os dos seus integrantes.\u00a0<strong>(Alterado\u00a0pela <a href=\"https:\/\/www.tjes.jus.br\/corregedoria\/index.php\/2016\/07\/04\/resolucao-no-0512014-disp-20102014\/\" target=\"_blank\" rel=\"noopener\">Resolu\u00e7\u00e3o n\u00ba 51\/2014<\/a>, disponibilizada em 20\/10\/2014)<\/strong><\/del><\/p>\n<p style=\"text-align: justify;\"><del>VI &#8211; editar, alterar ou cancelar enunciados mediante proposta apresentada por qualquer integrante das Turmas Recursais, desde que aprovada por pelo menos dois ter\u00e7os dos seus integrantes.\u00a0<strong>(Exclu\u00eddo\u00a0pela <a href=\"https:\/\/www.tjes.jus.br\/corregedoria\/index.php\/2016\/07\/04\/resolucao-no-0512014-disp-20102014\/\" target=\"_blank\" rel=\"noopener\">Resolu\u00e7\u00e3o n\u00ba 51\/2014<\/a>, disponibilizada em 20\/10\/2014)<\/strong><\/del><\/p>\n<p style=\"text-align: justify;\"><del><strong>Art. 14<\/strong>. Compete \u00e0s Turmas Recursais processar e julgar:<\/del><\/p>\n<p style=\"text-align: justify;\"><del>I &#8211; os recursos das senten\u00e7as proferidas nos Juizados Especiais;<\/del><\/p>\n<p style=\"text-align: justify;\"><del>II &#8211; os embargos de declara\u00e7\u00e3o opostos a seus julgados;<\/del><\/p>\n<p style=\"text-align: justify;\"><del>III &#8211; mandados de seguran\u00e7a e habeas corpus impetrados contra ato de Juiz de Juizado Especial;<\/del><\/p>\n<p style=\"text-align: justify;\"><del>IV &#8211; recursos que tenham como objeto exce\u00e7\u00f5es de suspei\u00e7\u00e3o e impedimento de juiz de Juizado Especial;<\/del><\/p>\n<p style=\"text-align: justify;\"><del>V &#8211; as homologa\u00e7\u00f5es de desist\u00eancia e transa\u00e7\u00f5es, nos feitos que se achem em pauta para julgamento;<\/del><\/p>\n<p style=\"text-align: justify;\"><del>VI \u2013 o agravo contra decis\u00f5es que apreciam pedidos cautelares ou de antecipa\u00e7\u00e3o de tutela, na forma do art. 4\u00ba, da Lei n\u00ba 12.153\/2009.<\/del><\/p>\n<p style=\"text-align: center;\"><del><strong>CAP\u00cdTULO IV<br \/>\nDAS ATRIBUI\u00c7\u00d5ES DO PRESIDENTE DO PLEN\u00c1RIO DO COLEGIADO RECURSAL E DAS TURMAS.<\/strong><\/del><\/p>\n<p style=\"text-align: justify;\"><del><strong>Art. 15<\/strong>. Compete ao Presidente do Plen\u00e1rio do Col\u00e9gio Recursal:<\/del><\/p>\n<p style=\"text-align: justify;\"><del>I \u2013 representar o Col\u00e9gio Recursal;<\/del><\/p>\n<p style=\"text-align: justify;\"><del>II &#8211; tomar decis\u00f5es administrativas, inclusive atestar o exerc\u00edcio do pessoal vinculado \u00e0 Secretaria;<\/del><\/p>\n<p style=\"text-align: justify;\"><del>III &#8211; receber e processar os incidentes da compet\u00eancia do Plen\u00e1rio do Colegiado Recursal;<\/del><\/p>\n<p style=\"text-align: justify;\"><del>IV &#8211; convocar sess\u00f5es extraordin\u00e1rias sempre que necess\u00e1rio;<\/del><\/p>\n<p style=\"text-align: justify;\"><del>V &#8211; convocar o suplente em caso de aus\u00eancia justificada ou impedimento de membro do Plen\u00e1rio, se necess\u00e1rio para atingir o qu\u00f3rum de julgamento;<\/del><\/p>\n<p style=\"text-align: justify;\"><del>VI &#8211; apreciar os pedidos de prefer\u00eancia e adiamentos.<\/del><\/p>\n<p style=\"text-align: justify;\"><del><strong>Art. 16<\/strong>. Compete ao Presidente de Turma Recursal:<\/del><\/p>\n<p style=\"text-align: justify;\"><del>I &#8211; processar e exercer ju\u00edzo de admissibilidade em recurso extraordin\u00e1rio interposto contra decis\u00f5es da respectiva Turma;<\/del><\/p>\n<p style=\"text-align: justify;\"><del>II &#8211; zelar pelo bom funcionamento da respectiva Turma, mantendo efetivo controle dos servidores sob sua responsabilidade.<\/del><\/p>\n<p style=\"text-align: justify;\"><del>III &#8211; designar data e presidir as sess\u00f5es de julgamento;<\/del><\/p>\n<p style=\"text-align: justify;\"><del>IV &#8211; manter a ordem nas sess\u00f5es de julgamento;<\/del><\/p>\n<p style=\"text-align: justify;\"><del>V &#8211; convocar sess\u00f5es extraordin\u00e1rias sempre que necess\u00e1rio;<\/del><\/p>\n<p style=\"text-align: justify;\"><del>VI &#8211; convocar o suplente em caso de aus\u00eancia justificada ou impedimento de membro da Turma;<\/del><\/p>\n<p style=\"text-align: justify;\"><del>VII &#8211; apreciar os pedidos de prefer\u00eancia e adiamentos.<\/del><\/p>\n<p style=\"text-align: justify;\"><del>VIII &#8211; convocar Juiz que n\u00e3o seja suplente da Turma Recursal para compor o quorum de julgamento em caso de impedimento de mais de um dos membros integrantes da Turma, ou do suplente e um dos membros e, ainda, em caso de aus\u00eancias justificadas destes em determinada sess\u00e3o. <strong>(Inserido pela <a href=\"https:\/\/www.tjes.jus.br\/corregedoria\/index.php\/2016\/07\/05\/resolucao-n-162014-disp-26032014\/\" target=\"_blank\" rel=\"noopener\">Resolu\u00e7\u00e3o n\u00ba 16\/2014<\/a>, disponibilizada em 26\/03\/2014)<\/strong><\/del><\/p>\n<p style=\"text-align: justify;\"><del>VIII &#8211; convocar Juiz que n\u00e3o seja suplente da Turma Recursal para compor o qu\u00f3rum de julgamento em caso de suspei\u00e7\u00e3o ou impedimento de mais de 02 (dois) integrantes da turma e dos suplentes.\u00a0<strong>(Alterado pela <a href=\"https:\/\/www.tjes.jus.br\/corregedoria\/index.php\/2016\/07\/04\/resolucao-n-152015-disp-24042015\/\" target=\"_blank\" rel=\"noopener\">Resolu\u00e7\u00e3o n\u00ba 15\/2015<\/a>, disponibilizada em 24\/04\/2015)<\/strong><\/del><\/p>\n<p style=\"text-align: center;\"><del><strong>CAP\u00cdTULO V<br \/>\nDOS JU\u00cdZES RELATORES E MEMBROS<\/strong><\/del><\/p>\n<p style=\"text-align: justify;\"><del><strong>Art. 17. <\/strong>Ao Juiz Relator incumbe:<\/del><\/p>\n<p style=\"text-align: justify;\"><del>I &#8211; ordenar e dirigir o processo, exceto nos casos em que a fun\u00e7\u00e3o seja dos Presidentes dos \u00f3rg\u00e3os;<\/del><\/p>\n<p style=\"text-align: justify;\"><del>II &#8211; submeter \u00e0 Turma quest\u00f5es de ordem para o bom andamento dos processos;<\/del><\/p>\n<p style=\"text-align: justify;\"><del>III &#8211; homologar a desist\u00eancia de pedidos de compet\u00eancia origin\u00e1ria da Turma;<\/del><\/p>\n<p style=\"text-align: justify;\"><del>IV &#8211; elaborar e remeter \u00e0 Secretaria a lista semanal de processos prontos para julgamento, dentre os processos que lhe couberem por distribui\u00e7\u00e3o, observando o prazo de 30 (trinta) dias previsto no \u00a7 3\u00ba, do artigo 68, do C\u00f3digo de Organiza\u00e7\u00e3o Judici\u00e1ria;<\/del><\/p>\n<p style=\"text-align: justify;\"><del>V &#8211; negar seguimento a recurso manifestamente inadmiss\u00edvel;<\/del><\/p>\n<p style=\"text-align: justify;\"><del>VI &#8211; decidir monocraticamente recurso sobre mat\u00e9ria pacificada, com base em S\u00famula da Turma de Uniformiza\u00e7\u00e3o de Lei, Enunciado do Colegiado Recursal ou, no caso de decis\u00f5es do Supremo Tribunal Federal ou do Superior Tribunal de Justi\u00e7a, com base nas respectivas S\u00famulas ou jurisprud\u00eancia dominante.<\/del><\/p>\n<p style=\"text-align: justify;\"><del><strong>Art. 18. <\/strong>Os Ju\u00edzes declarar-se-\u00e3o impedidos ou suspeitos nos casos previstos em lei.<\/del><\/p>\n<p style=\"text-align: justify;\"><del><strong> \u00a7 1\u00ba.<\/strong> Se o impedimento ou suspei\u00e7\u00e3o for do Relator, a circunst\u00e2ncia ser\u00e1 declarada nos autos, devendo a Secretaria proceder \u00e0 redistribui\u00e7\u00e3o do feito, compensando-se a distribui\u00e7\u00e3o para igualar o n\u00famero de feitos distribu\u00eddos aos demais membros.<\/del><\/p>\n<p style=\"text-align: justify;\"><del><strong> \u00a7 2\u00ba.<\/strong> Se o impedimento ou suspei\u00e7\u00e3o n\u00e3o for do Relator, a circunst\u00e2ncia ser\u00e1 declarada verbalmente com registro em ata na sess\u00e3o de julgamento, convocando-se o Suplente para substituir o impedido ou suspeito na mesma sess\u00e3o ou na imediatamente seguinte.<\/del><\/p>\n<p style=\"text-align: justify;\"><del><strong> \u00a7 3\u00ba.<\/strong> O impedimento ou a suspei\u00e7\u00e3o de integrante da Turma, sempre que constatado, dever\u00e1 ser indicado pelo Relator quando do pedido de inclus\u00e3o do processo em pauta para julgamento.<\/del><\/p>\n<p style=\"text-align: center;\"><del><strong>CAP\u00cdTULO VI<br \/>\nDAS SUBSTITUI\u00c7\u00d5ES<\/strong><\/del><\/p>\n<p style=\"text-align: justify;\"><del><strong>Art. 19<\/strong>. Nos impedimentos e aus\u00eancias do Presidente da Turma Recursal assumir\u00e1 o Juiz mais antigo na respectiva Turma, ou se id\u00eantica a antiguidade, o mais antigo pela lista de antiguidade editada pelo Tribunal de Justi\u00e7a,<\/del><\/p>\n<p style=\"text-align: justify;\"><del><strong>Art. 20<\/strong>. Em caso de afastamento de membro de Turma por per\u00edodo n\u00e3o superior a 15 (quinze) dias, os processos ser-lhe-\u00e3o distribu\u00eddos normalmente, com exce\u00e7\u00e3o de pedidos de urg\u00eancia que ser\u00e3o distribu\u00eddos aos demais membros da Turma, compensando-se o n\u00famero de feitos pela Secretaria. Nas hip\u00f3teses de convoca\u00e7\u00e3o pelo Tribunal de Justi\u00e7a, licen\u00e7a m\u00e9dica ou f\u00e9rias com prazo superior a 15 (quinze) dias corridos, a distribui\u00e7\u00e3o ser\u00e1 feita ao suplente, que ficar\u00e1 vinculado aos processos recebidos durante o afastamento do titular.<\/del><\/p>\n<p style=\"text-align: justify;\"><del><strong> Art. 20.<\/strong> Em caso de afastamento de membro de Turma por per\u00edodo n\u00e3o superior a 15 (quinze) dias, os processos ser-lhe-\u00e3o distribu\u00eddos normalmente, com exce\u00e7\u00e3o de pedidos de urg\u00eancia que ser\u00e3o distribu\u00eddos aos demais membros da Turma, compensando-se o n\u00famero de feitos pela Secretaria. Nas hip\u00f3teses de licen\u00e7a m\u00e9dica ou f\u00e9rias com prazo superior a 15 (quinze) dias corridos, a distribui\u00e7\u00e3o ser\u00e1 feita ao suplente, que ficar\u00e1 vinculado aos processos recebidos durante o afastamento do titular fazendo este jus ao recebimento da gratifica\u00e7\u00e3o prevista no C\u00f3digo de Organiza\u00e7\u00e3o Judici\u00e1ria.<strong>\u00a0(Alterado pela <a href=\"https:\/\/www.tjes.jus.br\/corregedoria\/index.php\/2016\/07\/05\/resolucao-n-162014-disp-26032014\/\" target=\"_blank\" rel=\"noopener\">Resolu\u00e7\u00e3o n\u00ba 16\/2014<\/a>, disponibilizada em 26\/03\/2014)<\/strong><\/del><\/p>\n<p style=\"text-align: justify;\"><del><strong>Art. 20.<\/strong> O afastamento do membro efetivo, por qualquer motivo e per\u00edodo, implicar\u00e1 na suspens\u00e3o da distribui\u00e7\u00e3o de feitos para este, bem como na suspens\u00e3o do pagamento da gratifica\u00e7\u00e3o devida pela fun\u00e7\u00e3o, cabendo-lhe realizar as comunica\u00e7\u00f5es necess\u00e1rias para tal fim \u00e0 Secretaria da Turma a qual estiver vinculado, assim como \u00e0 Secretaria Geral e \u00e0 Presid\u00eancia do Tribunal de Justi\u00e7a. Nesta hip\u00f3tese, o suplente mais antigo assumir\u00e1 a distribui\u00e7\u00e3o dos feitos durante o per\u00edodo de aus\u00eancia do titular, fazendo este jus ao recebimento da gratifica\u00e7\u00e3o devida pela fun\u00e7\u00e3o, suspendendo-se o pagamento ao membro afastado at\u00e9 o seu retorno \u00e0 Turma, aplicando-se referida regra independentemente da quantidade de dias de afastamento.\u00a0<strong>(Alterado pela <a href=\"https:\/\/www.tjes.jus.br\/corregedoria\/index.php\/2016\/07\/04\/resolucao-n-152015-disp-24042015\/\" target=\"_blank\" rel=\"noopener\">Resolu\u00e7\u00e3o n\u00ba 15\/2015<\/a>, disponibilizada em 24\/04\/2015)<\/strong><\/del><\/p>\n<p style=\"text-align: justify;\"><del><strong> \u00a7 1\u00ba.<\/strong> Em caso de promo\u00e7\u00e3o, remo\u00e7\u00e3o, aposentadoria ou t\u00e9rmino do mandato dos Ju\u00edzes componentes das Turmas Recursais, os suplentes assumir\u00e3o, automaticamente, a titularidade como membro da Turma Recursal, com mandato de 02 (dois) anos, cabendo ao Conselho da Magistratura escolher novo suplente, observada a regra prevista no Capitulo II deste Regimento.<\/del><\/p>\n<p style=\"text-align: justify;\"><del><strong> \u00a7 2\u00ba.<\/strong> O integrante de Turma Recursal ficar\u00e1 vinculado aos processos que lhe foram distribu\u00eddos at\u00e9 o t\u00e9rmino do mandato, cabendo-lhe julg\u00e1-los no prazo de at\u00e9 30 dias<strong>.<\/strong><\/del><\/p>\n<p style=\"text-align: justify;\"><del><strong>\u00a7 3\u00ba.<\/strong> Ser\u00e1 desligado da Turma o membro titular ou suplente que for convocado pelo Tribunal de Justi\u00e7a deste Estado para a substitui\u00e7\u00e3o de Desembargador, bem como que for designado para assessorar a Presid\u00eancia do Tribunal de Justi\u00e7a, a Vice-Presid\u00eancia, a Presid\u00eancia do Tribunal Regional Eleitoral, a Vice-Presid\u00eancia do Tribunal Regional Eleitoral, assim como daquele que for designado para compor a Corregedoria Geral da Justi\u00e7a, que tiver deferido o afastamento das fun\u00e7\u00f5es jurisdicionais para o exerc\u00edcio de cargo diretivo de associa\u00e7\u00e3o de magistrados e, por fim, daquele que for convocado como juiz auxiliar ou como membro do Conselho Nacional de Justi\u00e7a. Em todas essas hip\u00f3teses n\u00e3o ocorrer\u00e1 o desligamento se o per\u00edodo de afastamento for inferior a 90 (noventa) dias cont\u00ednuos.<strong>\u00a0(Inserido\u00a0pela <a href=\"https:\/\/www.tjes.jus.br\/corregedoria\/index.php\/2016\/07\/05\/resolucao-n-162014-disp-26032014\/\" target=\"_blank\" rel=\"noopener\">Resolu\u00e7\u00e3o n\u00ba 16\/2014<\/a>, disponibilizada em 26\/03\/2014)<\/strong><\/del><\/p>\n<p style=\"text-align: justify;\"><del><strong>\u00a7 4\u00ba.<\/strong> O Juiz Suplente n\u00e3o poder\u00e1 indicar substituto do assessor do Titular antes de 90 (noventa) dias mencionado no par\u00e1grafo anterior, salvo anu\u00eancia do Juiz Titular.<strong>\u00a0(Inserido\u00a0pela <a href=\"https:\/\/www.tjes.jus.br\/corregedoria\/index.php\/2016\/07\/05\/resolucao-n-162014-disp-26032014\/\" target=\"_blank\" rel=\"noopener\">Resolu\u00e7\u00e3o n\u00ba 16\/2014<\/a>, disponibilizada em 26\/03\/2014)<\/strong><\/del><\/p>\n<p style=\"text-align: justify;\"><del><strong>\u00a7 5\u00ba.<\/strong> A indica\u00e7\u00e3o de novo assessor, observado o par\u00e1grafo anterior, dever\u00e1 ser aprovada pelo Desembargador Presidente do E. Tribunal de Justi\u00e7a.<strong>\u00a0(Inserido\u00a0pela <a href=\"https:\/\/www.tjes.jus.br\/corregedoria\/index.php\/2016\/07\/05\/resolucao-n-162014-disp-26032014\/\" target=\"_blank\" rel=\"noopener\">Resolu\u00e7\u00e3o n\u00ba 16\/2014<\/a>, disponibilizada em 26\/03\/2014)<\/strong><\/del><\/p>\n<p style=\"text-align: justify;\"><del><strong>\u00a7 6\u00ba.<\/strong> Durante o afastamento do Juiz Titular da Turma Recursal, o assessor dever\u00e1 exercer as atribui\u00e7\u00f5es normais no \u00f3rg\u00e3o colegiado para o qual foi nomeado.<strong>\u00a0(Inserido\u00a0pela <a href=\"https:\/\/www.tjes.jus.br\/corregedoria\/index.php\/2016\/07\/05\/resolucao-n-162014-disp-26032014\/\" target=\"_blank\" rel=\"noopener\">Resolu\u00e7\u00e3o n\u00ba 16\/2014<\/a>, disponibilizada em 26\/03\/2014)<\/strong><\/del><\/p>\n<p style=\"text-align: justify;\"><del><strong> \u00a7 7\u00ba.<\/strong> N\u00e3o se aplica a regra do par\u00e1grafo \u00a7 2\u00ba deste artigo em caso de suspens\u00e3o do processo ordenada por decis\u00e3o proferida pelo Superior Tribunal de Justi\u00e7a ou pelo Supremo Tribunal Federal que perdure para al\u00e9m do t\u00e9rmino do mandato ou desligamento do relator da Turma, hip\u00f3tese em que, retornando a tramita\u00e7\u00e3o regular do recurso, haver\u00e1 a redistribui\u00e7\u00e3o do processo, com sorteio de outro Relator dentre os integrantes da mesma Turma Recursal;\u00a0<strong>(Inserido pela <a href=\"https:\/\/www.tjes.jus.br\/corregedoria\/index.php\/2016\/07\/04\/resolucao-no-402014-disp-22082014\/\" target=\"_blank\" rel=\"noopener\">Resolu\u00e7\u00e3o n\u00ba 40\/2014<\/a>, disponibilizada em 22\/08\/2014)<\/strong><\/del><\/p>\n<p style=\"text-align: justify;\"><del><strong>\u00a7 8\u00ba.<\/strong> Verificada a mesma hip\u00f3tese do par\u00e1grafo anterior em recursos de compet\u00eancia do Plen\u00e1rio do Colegiado Recursal e da Turma de Uniformiza\u00e7\u00e3o de Jurisprud\u00eancia, o processo ser\u00e1 redistribu\u00eddo por sorteio a outro Relator dentre os membros integrantes de todas as Turmas Recursais.\u00a0<strong>(Inserido pela <a href=\"https:\/\/www.tjes.jus.br\/corregedoria\/index.php\/2016\/07\/04\/resolucao-no-402014-disp-22082014\/\" target=\"_blank\" rel=\"noopener\">Resolu\u00e7\u00e3o n\u00ba 40\/2014<\/a>, disponibilizada em 22\/08\/2014)<\/strong><\/del><\/p>\n<p style=\"text-align: justify;\"><del><strong>Art. 21<\/strong>. Aplicam-se ao Plen\u00e1rio do Colegiado Recursal e \u00e0 Turma de Uniformiza\u00e7\u00e3o as regras de substitui\u00e7\u00e3o estabelecidas no presente cap\u00edtulo.<\/del><\/p>\n<p style=\"text-align: center;\"><del><strong>CAP\u00cdTULO VII<br \/>\nDA DISTRIBUI\u00c7\u00c3O<\/strong><\/del><\/p>\n<p style=\"text-align: justify;\"><del><strong>Art. 22.<\/strong> Os feitos da Capital ou de compet\u00eancia do Plen\u00e1rio do Colegiado Recursal ser\u00e3o registrados e distribu\u00eddos perante a Secretaria do Colegiado, no mesmo dia do recebimento.<\/del><\/p>\n<p style=\"text-align: justify;\"><del><strong> \u00a7 1\u00ba.<\/strong> A Secretaria do Colegiado ou, no caso das Turmas do interior, a Escrivania designada pelo Presidente da respectiva Turma, certificar\u00e1 a tempestividade dos recursos e a regularidade do preparo, remetendo-o, em seguida, ao Juiz Relator.<\/del><\/p>\n<p style=\"text-align: justify;\"><del><strong> \u00a7 2\u00ba.<\/strong> O sorteio do Relator nas Turmas Recursais do interior ser\u00e1 feita pela Escrivania designada, cabendo a fiscaliza\u00e7\u00e3o pelo Presidente da Turma, observada o crit\u00e9rio de isonomia em rela\u00e7\u00e3o ao n\u00famero de recursos distribu\u00eddos para cada integrante da Turma.<\/del><\/p>\n<p style=\"text-align: justify;\"><del><strong>Art. 23.<\/strong> Havendo preven\u00e7\u00e3o, o processo caber\u00e1 ao Relator respectivo, mediante compensa\u00e7\u00e3o.<\/del><\/p>\n<p style=\"text-align: justify;\"><del>Par\u00e1grafo \u00danico: Dar-se-\u00e1 a preven\u00e7\u00e3o quando o Relator j\u00e1 tiver conhecimento do lit\u00edgio por outra via recursal ou por mandado de seguran\u00e7a em qualquer fase da tramita\u00e7\u00e3o do processo em primeiro grau.<\/del><\/p>\n<p style=\"text-align: center;\"><del><strong>CAP\u00cdTULO VIII<br \/>\nDA PAUTA, DA PUBLICA\u00c7\u00c3O E DA ORDEM DE JULGAMENTO.<\/strong><\/del><\/p>\n<p style=\"text-align: justify;\"><del><strong>Art. 24<\/strong>. Recebida de cada Juiz Relator a listagem dos feitos prontos para julgamento, o Chefe de Se\u00e7\u00e3o organizar\u00e1 pauta que ser\u00e1 previamente publicada no Di\u00e1rio da Justi\u00e7a, com a anteced\u00eancia m\u00ednima de 48 (quarenta e oito) horas da sess\u00e3o.<\/del><\/p>\n<p style=\"text-align: justify;\"><del><strong>Par\u00e1grafo \u00fanico<\/strong>. As pautas das Turmas Recursais das Regi\u00f5es Norte e Sul ser\u00e3o elaboradas pelos seus respectivos Presidentes ou pelo servidor designado e encaminhadas para publica\u00e7\u00e3o.<\/del><\/p>\n<p style=\"text-align: justify;\"><del><strong>Art. 25.<\/strong> A pauta conter\u00e1 todos os processos em condi\u00e7\u00f5es de julgamento na sess\u00e3o, observando-se, em primeiro lugar, os anteriores adiados e, em seguida, a antiguidade dos processos dentro da mesma classe, com observ\u00e2ncia das prefer\u00eancias estabelecidas em lei.<\/del><\/p>\n<p style=\"text-align: justify;\"><del><strong>Art. 26<\/strong>. A antiguidade do processo contar-se-\u00e1 da data do Protocolo do recurso na Secretaria do Juizado Especial ou, se for o caso, na Secretaria do Colegiado Recursal.<\/del><\/p>\n<p style=\"text-align: justify;\"><del><strong>Art. 27<\/strong>. O julgamento interrompido em decorr\u00eancia de pedido de vista ou adiamento ter\u00e1, na sess\u00e3o seguinte, prefer\u00eancia sobre os demais.<\/del><\/p>\n<p style=\"text-align: justify;\"><del><strong>Art. 28<\/strong>. A ordem da pauta poder\u00e1 ser alterada nos seguintes casos e na seguinte ordem:<\/del><\/p>\n<p style=\"text-align: justify;\"><del>I &#8211; quando o Relator necessitar retirar-se da sess\u00e3o;<\/del><\/p>\n<p style=\"text-align: justify;\"><del>II &#8211; quando, cabendo sustenta\u00e7\u00e3o oral, esteja presente o advogado que a requerer.<\/del><\/p>\n<p style=\"text-align: justify;\"><del>III &#8211; quando, estando presente a parte ou advogado, for requerida prefer\u00eancia no julgamento.<\/del><\/p>\n<p style=\"text-align: center;\"><del><strong>CAP\u00cdTULO IX<br \/>\nDAS SESS\u00d5ES DAS TURMAS RECURSAIS E DO PLEN\u00c1RIO DO COLEGIADO RECURSAL<\/strong><\/del><\/p>\n<p style=\"text-align: justify;\"><del><strong>Art. 29.<\/strong> As sess\u00f5es do Plen\u00e1rio ser\u00e3o realizadas uma vez por m\u00eas, salvo se n\u00e3o existirem processos preparados para julgamento, e as sess\u00f5es das Turmas da Capital e da Regi\u00e3o Norte e Sul ser\u00e3o realizadas uma vez por semana.<\/del><\/p>\n<p style=\"text-align: justify;\"><del><strong>Art. 30<\/strong>. As sess\u00f5es do Plen\u00e1rio do Colegiado Recursal somente ser\u00e3o realizadas com a presen\u00e7a de no m\u00ednimo dois ter\u00e7os dos ju\u00edzes efetivos das Turmas Recursais, incluindo neste c\u00f4mputo o Presidente, e o julgamento ser\u00e1 tomado pelo voto de todos, observada a ordem decrescente de antiguidade no Colegiado Recursal, ap\u00f3s o voto do Relator, sendo que as decis\u00f5es ser\u00e3o tomadas por maioria simples.<\/del><\/p>\n<p style=\"text-align: justify;\"><del><strong>Art. 31<\/strong>. O qu\u00f3rum para funcionamento das Turmas Recursais \u00e9 de tr\u00eas Ju\u00edzes e o julgamento ser\u00e1 tomado pelo voto de todos, observada a ordem decrescente de antiguidade na Turma, ap\u00f3s o voto do Relator, sendo que as decis\u00f5es ser\u00e3o tomadas por maioria simples.<\/del><\/p>\n<p style=\"text-align: justify;\"><del><strong>Art. 31.<\/strong> O julgamento pelas Turmas Recursais ser\u00e1 realizado pela colheita de votos de tr\u00eas Ju\u00edzes e o resultado ser\u00e1 tomado pelo voto dos presentes, iniciando pelo Relator e ultimando pelo Presidente, sendo que as decis\u00f5es ser\u00e3o tomadas por maiorias simples e qu\u00f3rum m\u00ednimo da sess\u00e3o de julgamento ser\u00e1 de 03 (tr\u00eas) membros.\u00a0<strong>(Alterado pela <a href=\"https:\/\/www.tjes.jus.br\/corregedoria\/index.php\/2016\/07\/04\/resolucao-n-152015-disp-24042015\/\" target=\"_blank\" rel=\"noopener\">Resolu\u00e7\u00e3o n\u00ba 15\/2015<\/a>, disponibilizada em 24\/04\/2015)<\/strong><\/del><\/p>\n<p style=\"text-align: justify;\"><del><strong>Art. 32<\/strong>. Do que ocorrer nas sess\u00f5es, o servidor designado lavrar\u00e1 ata circunstanciada.<\/del><\/p>\n<p style=\"text-align: justify;\"><del>Par\u00e1grafo \u00fanico. A ata necessariamente mencionar\u00e1:<\/del><\/p>\n<p style=\"text-align: justify;\"><del>I &#8211; local, data e hora da sess\u00e3o;<\/del><\/p>\n<p style=\"text-align: justify;\"><del>II &#8211; o nome daquele que a presidiu, dos membros presentes e do representante do Minist\u00e9rio P\u00fablico, quando for o caso, bem como das substitui\u00e7\u00f5es que ocorram;<\/del><\/p>\n<p style=\"text-align: justify;\"><del>III &#8211; os processos julgados, os retirados de pauta, sua natureza e n\u00famero de ordem, nome do Relator, das partes, sustenta\u00e7\u00e3o oral, se houver, e o resultado da vota\u00e7\u00e3o;<\/del><\/p>\n<p style=\"text-align: justify;\"><del>IV &#8211; os motivos do adiamento ou da interrup\u00e7\u00e3o do julgamento.<\/del><\/p>\n<p style=\"text-align: justify;\"><del><strong>Art. 33.<\/strong> Feito o preg\u00e3o, o Presidente dar\u00e1 a palavra ao Relator. Conclu\u00eddo o relat\u00f3rio, seguir-se-\u00e3o as sustenta\u00e7\u00f5es orais, no prazo m\u00e1ximo de 05 (cinco) minutos para cada advogado, falando em primeiro lugar o advogado do recorrente, quando estiverem presentes os advogados de ambas as partes.<\/del><\/p>\n<p style=\"text-align: justify;\"><del><strong> \u00a7 1\u00ba.<\/strong> O Minist\u00e9rio P\u00fablico ter\u00e1 prazo igual ao das partes e falar\u00e1 depois delas, quando couber sua interven\u00e7\u00e3o.<\/del><\/p>\n<p style=\"text-align: justify;\"><del><strong> \u00a7 2\u00ba.<\/strong> N\u00e3o ser\u00e3o registradas notas taquigr\u00e1ficas das manifesta\u00e7\u00f5es orais promovidas pelos advogados e Minist\u00e9rio P\u00fablico.<\/del><\/p>\n<p style=\"text-align: justify;\"><del><strong>Art. 34.<\/strong> Sempre que necess\u00e1rio, o \u00f3rg\u00e3o julgador converter\u00e1 o julgamento em dilig\u00eancia, que dever\u00e1 ser cumprida pelo Ju\u00edzo de origem no prazo fixado.<\/del><\/p>\n<p style=\"text-align: justify;\"><del><strong>Par\u00e1grafo \u00fanico.<\/strong> Id\u00eantica provid\u00eancia poder\u00e1 ser adotada pelo Relator, quando entender necess\u00e1rio para elabora\u00e7\u00e3o de seu voto.<\/del><\/p>\n<p style=\"text-align: justify;\"><del><strong>Art. 35<\/strong>. Havendo pedido de vista dos autos por algum dos membros do \u00f3rg\u00e3o julgador, o julgamento ser\u00e1 adiado para a sess\u00e3o seguinte.<\/del><\/p>\n<p style=\"text-align: justify;\"><del><strong>Art. 36<\/strong>. O resultado do julgamento ser\u00e1 anunciado pelo Presidente e lan\u00e7ado nos autos, dispensada a sua publica\u00e7\u00e3o.<\/del><\/p>\n<p style=\"text-align: justify;\"><del><strong> \u00a7 1\u00ba.<\/strong> Havendo votos divergentes sobre a mat\u00e9ria, sem que se obtenha uma conclus\u00e3o no julgado, prevalecer\u00e1 o voto m\u00e9dio proferido por um dos votantes, o qual servir\u00e1 de voto condutor para a lavratura da decis\u00e3o e do ac\u00f3rd\u00e3o.<\/del><\/p>\n<p style=\"text-align: justify;\"><del><strong>\u00a7 1\u00ba.<\/strong> Havendo votos divergentes sobre a mat\u00e9ria sujeita \u00e0 compet\u00eancia c\u00edvel ou da fazenda p\u00fablica, sem que se obtenha uma conclus\u00e3o no julgado, prevalecer\u00e1 o voto m\u00e9dio proferido por um dos votantes na sess\u00e3o, enquanto que a mat\u00e9ria sujeita \u00e0 compet\u00eancia criminal, prevalecer\u00e1 o voto mais ben\u00e9fico ao r\u00e9u, o qual servir\u00e1 como voto condutor para a lavratura da decis\u00e3o e do ac\u00f3rd\u00e3o.\u00a0<strong>(Alterado pela <a href=\"https:\/\/www.tjes.jus.br\/corregedoria\/index.php\/2016\/07\/04\/resolucao-n-152015-disp-24042015\/\" target=\"_blank\" rel=\"noopener\">Resolu\u00e7\u00e3o n\u00ba 15\/2015<\/a>, disponibilizada em 24\/04\/2015)<\/strong><\/del><\/p>\n<p style=\"text-align: justify;\"><del><strong> \u00a7 2\u00ba. <\/strong>Em caso de rejei\u00e7\u00e3o un\u00e2nime de preliminares e prejudiciais de m\u00e9rito, com o escopo de dar efetividade ao principio da simplicidade que norteia os Juizados Especiais, ser\u00e1 desnecess\u00e1rio o lan\u00e7amento de vota\u00e7\u00f5es em separado sobre tais mat\u00e9rias, as quais constar\u00e3o no corpo do ac\u00f3rd\u00e3o a ser lavrado.<\/del><\/p>\n<p style=\"text-align: justify;\"><del><strong>Art. 37. <\/strong>O termo inicial do prazo para interposi\u00e7\u00e3o de recurso come\u00e7ar\u00e1 a fluir a partir do primeiro dia \u00fatil imediatamente seguinte ao dia da sess\u00e3o de julgamento.<\/del><\/p>\n<p style=\"text-align: justify;\"><del><strong>Art. 38. <\/strong>Os embargos de declara\u00e7\u00e3o poder\u00e3o ser opostos oralmente, logo ap\u00f3s o julgamento, ou por peti\u00e7\u00e3o escrita, no prazo de cinco dias, dirigida ao Relator ou ao autor do voto vencedor que, independentemente de qualquer formalidade, apresentar\u00e1 o recurso em mesa para julgamento na mesma sess\u00e3o, se interposto oralmente, ou na primeira sess\u00e3o seguinte, se escrito, fazendo o relat\u00f3rio e proferindo seu voto.<\/del><\/p>\n<p style=\"text-align: center;\"><del><strong>CAP\u00cdTULO X<br \/>\nDOS ATOS DE COMUNICA\u00c7\u00c3O DA FAZENDA P\u00daBLICA<\/strong><strong> (Revogado\u00a0pelo <a href=\"https:\/\/www.tjes.jus.br\/corregedoria\/index.php\/2016\/09\/13\/ato-normativo-conjunto-no-0132016-disp-13092016\/\" target=\"_blank\" rel=\"noopener\">Ato Normativo Conjunto n\u00ba 013\/2016<\/a>,\u00a0disponibilizado em 13\/09\/2016)<\/strong><\/del><\/p>\n<p style=\"text-align: justify;\"><del><strong>Art. 39.<\/strong> Ressalvados os casos especiais, a intima\u00e7\u00e3o feita por meio eletr\u00f4nico \u00e0 Fazenda P\u00fablica dispensar\u00e1 qualquer outra forma de comunica\u00e7\u00e3o. (Ato normativo conjunto 06\/2012).<\/del><\/p>\n<p style=\"text-align: justify;\"><del><strong> \u00a7 1\u00ba.<\/strong> A comunica\u00e7\u00e3o eletr\u00f4nica ser\u00e1 feita diretamente \u00e0 Fazenda P\u00fablica, mediante acesso exclusivo em \u00e1rea espec\u00edfica do portal eletr\u00f4nico do Tribunal de Justi\u00e7a, e que ser\u00e1 considerada como intima\u00e7\u00e3o pessoal para todos os efeitos legais (Art. 5\u00ba, \u00a7 6\u00ba, Lei Federal n\u00ba 11.419\/2006). (Ato normativo conjunto 06\/20120).<\/del><\/p>\n<p style=\"text-align: justify;\"><del><strong> \u00a7 2\u00ba.<\/strong> A validade da intima\u00e7\u00e3o fica condicionada ao pr\u00e9vio cadastramento dos procuradores da Fazenda no servi\u00e7o espec\u00edfico do portal eletr\u00f4nico do Tribunal de Justi\u00e7a, na forma do <em>caput<\/em> do artigo 5\u00ba da Lei Federal n\u00ba 11.419\/2006. (Ato normativo conjunto 06\/20120).<\/del><\/p>\n<p style=\"text-align: justify;\"><del><strong> \u00a7 3\u00ba.<\/strong> A intima\u00e7\u00e3o feita atrav\u00e9s de cadastro e acesso em \u00e1rea espec\u00edfica de s\u00edtio eletr\u00f4nico (apropriada para servi\u00e7o de comunica\u00e7\u00e3o eletr\u00f4nica) adquire, por for\u00e7a de lei, atributo de intima\u00e7\u00e3o pessoal. (Ato normativo conjunto 06\/20120).<\/del><\/p>\n<p style=\"text-align: justify;\"><del><strong>Art. 40.<\/strong> Nas intima\u00e7\u00f5es da Fazenda P\u00fablica por meio eletr\u00f4nico, dever\u00e1 constar da correspond\u00eancia ou da comunica\u00e7\u00e3o, no m\u00ednimo, o texto da conclus\u00e3o, de modo a evitar desnecess\u00e1rio comparecimento pessoal \u00e0 Secretaria da Turma. (Ato normativo conjunto 06\/20120).<\/del><\/p>\n<p style=\"text-align: center;\"><del><strong>LIVRO II<br \/>\nDA TURMA DE UNIFORMIZA\u00c7\u00c3O DE INTERPRETA\u00c7\u00c3O DE LEI.<\/strong><\/del><\/p>\n<p style=\"text-align: center;\"><del><strong>CAP\u00cdTULO I<br \/>\nDA COMPOSI\u00c7\u00c3O.<\/strong><\/del><\/p>\n<p style=\"text-align: justify;\"><del><strong>Art. 41<\/strong>. A Turma de Uniformiza\u00e7\u00e3o do sistema dos Juizados Especiais do Estado do Espirito Santo ser\u00e1 composta:<\/del><\/p>\n<p style=\"text-align: justify;\"><del>I \u2013 pelo Desembargador nomeado como Supervisor dos Juizados Especiais do Estado do Esp\u00edrito Santo, que ser\u00e1 seu Presidente;<\/del><\/p>\n<p style=\"text-align: justify;\"><del>II \u2013 pelos integrantes das Turmas Recursais da Capital, da Regi\u00e3o Norte e Regi\u00e3o Sul do Estado do Esp\u00edrito Santo.<\/del><\/p>\n<p style=\"text-align: justify;\"><del><strong>Art. 42.<\/strong> A Secretaria Administrativa do Colegiado Recursal deste Estado tamb\u00e9m funciona como Secretaria da Turma de Uniformiza\u00e7\u00e3o.<\/del><\/p>\n<p style=\"text-align: center;\"><del><strong>CAP\u00cdTULO II<br \/>\nDA COMPET\u00caNCIA DA TURMA DE UNIFORMIZA\u00c7\u00c3O.<\/strong><\/del><\/p>\n<p style=\"text-align: justify;\"><del><strong>Art. 43<\/strong>. Compete \u00e0 Turma de Uniformiza\u00e7\u00e3o de Interpreta\u00e7\u00e3o de Lei:<\/del><\/p>\n<p style=\"text-align: justify;\"><del>I &#8211; processar e julgar os pedidos de uniformiza\u00e7\u00e3o de interpreta\u00e7\u00e3o de lei quando houver diverg\u00eancia entre decis\u00f5es proferidas por Turmas Recursais do Estado do Esp\u00edrito Santo sobre quest\u00f5es de direito material;<\/del><\/p>\n<p style=\"text-align: justify;\"><del>II \u2013 formular enunciado sumular dos julgamentos que realizar.<\/del><\/p>\n<p style=\"text-align: center;\"><del><strong>CAP\u00cdTULO III<br \/>\nDA COMPET\u00caNCIA DOS MEMBROS DA TURMA DE UNIFORMIZA\u00c7\u00c3O.<\/strong><\/del><\/p>\n<p style=\"text-align: center;\"><del><strong>SE\u00c7\u00c3O I<br \/>\nDO PRESIDENTE.<\/strong><\/del><\/p>\n<p style=\"text-align: justify;\"><del><strong>Art. 44.<\/strong> Compete ao Presidente da Turma de Uniformiza\u00e7\u00e3o:<\/del><\/p>\n<p style=\"text-align: justify;\"><del>I \u2013 representar a Turma de Uniformiza\u00e7\u00e3o;<\/del><\/p>\n<p style=\"text-align: justify;\"><del>II &#8211; designar data, presidir as sess\u00f5es de julgamento e convocar sess\u00e3o extraordin\u00e1ria, quando necess\u00e1rio;<\/del><\/p>\n<p style=\"text-align: justify;\"><del>II \u2013 manter a ordem nas sess\u00f5es;<\/del><\/p>\n<p style=\"text-align: justify;\"><del>III \u2013 proferir voto de desempate;<\/del><\/p>\n<p style=\"text-align: justify;\"><del>IV \u2013 submeter quest\u00f5es de ordem \u00e0 Turma;<\/del><\/p>\n<p style=\"text-align: justify;\"><del>V \u2013 decidir sobre a admissibilidade do incidente de uniformiza\u00e7\u00e3o;<\/del><\/p>\n<p style=\"text-align: justify;\"><del>VI &#8211; convocar o suplente em caso de aus\u00eancia justificada ou impedimento de membro da Turma, se necess\u00e1rio para atingir o qu\u00f3rum de julgamento;<\/del><\/p>\n<p style=\"text-align: justify;\"><del>VII &#8211; apreciar os pedidos de prefer\u00eancia e adiamentos;<\/del><\/p>\n<p style=\"text-align: justify;\"><del>VIII &#8211; nos casos de multiplicidade de pedidos de uniformiza\u00e7\u00e3o de interpreta\u00e7\u00e3o de lei com fundamento em id\u00eantica quest\u00e3o de direito material, selecionar, para julgamento, um ou mais feitos representativos da controv\u00e9rsia, sobrestando os demais at\u00e9 o respectivo pronunciamento;<\/del><\/p>\n<p style=\"text-align: justify;\"><del>IX \u2013 determinar o sobrestamento, na origem, dos processos e recursos nos quais a mat\u00e9ria objeto de diverg\u00eancia esteja presente, at\u00e9 o pronunciamento da Turma de Uniformiza\u00e7\u00e3o;<\/del><\/p>\n<p style=\"text-align: justify;\"><del>X &#8211; deferir efeito suspensivo ao incidente para evitar dano irrepar\u00e1vel ou de dif\u00edcil repara\u00e7\u00e3o, quando requerido pela parte.<\/del><\/p>\n<p style=\"text-align: justify;\"><del>\u00a7 1\u00ba. Em caso de impedimento ou suspei\u00e7\u00e3o do Desembargador Supervisor dos Juizados Especiais, na condi\u00e7\u00e3o de Presidente da Turma de Uniformiza\u00e7\u00e3o, para a pr\u00e1tica de qualquer ato enumerado por este artigo, caber\u00e1 ao Presidente do Tribunal de Justi\u00e7a substitu\u00ed-lo.\u00a0<strong>(Inserido pela <a href=\"https:\/\/www.tjes.jus.br\/corregedoria\/index.php\/2016\/07\/04\/resolucao-n-152015-disp-24042015\/\" target=\"_blank\" rel=\"noopener\">Resolu\u00e7\u00e3o n\u00ba 15\/2015<\/a>, disponibilizada em 24\/04\/2015)<\/strong><\/del><\/p>\n<p style=\"text-align: center;\"><del><strong>SE\u00c7\u00c3O II<br \/>\nDO RELATOR.<\/strong><\/del><\/p>\n<p style=\"text-align: justify;\"><del><strong>Art. 45<\/strong>. Compete ao Relator do pedido de uniformiza\u00e7\u00e3o, al\u00e9m de outras atribui\u00e7\u00f5es legais e regimentais:<\/del><\/p>\n<p style=\"text-align: justify;\"><del>I \u2013 ordenar e dirigir o processo;<\/del><\/p>\n<p style=\"text-align: justify;\"><del>II \u2013 submeter \u00e0 Turma de Uniformiza\u00e7\u00e3o quest\u00f5es de ordem;<\/del><\/p>\n<p style=\"text-align: justify;\"><del>III \u2013 homologar pedido de desist\u00eancia, ainda que o feito se encontre em pauta para julgamento;<\/del><\/p>\n<p style=\"text-align: justify;\"><del>IV \u2013 pedir a inclus\u00e3o em pauta dos feitos que lhe couberem por distribui\u00e7\u00e3o;<\/del><\/p>\n<p style=\"text-align: justify;\"><del>V \u2013 redigir o ac\u00f3rd\u00e3o, quando sua tese for vencedora nos julgamentos;<\/del><\/p>\n<p style=\"text-align: justify;\"><del>VI \u2013 julgar prejudicado pedido que haja falta superveniente de interesse de agir;<\/del><\/p>\n<p style=\"text-align: justify;\"><del>VII \u2013 requisitar informa\u00e7\u00f5es;<\/del><\/p>\n<p style=\"text-align: justify;\"><del>VIII \u2013 decidir, monocraticamente, o pedido sobrestado pelo Presidente da Turma de Uniformiza\u00e7\u00e3o no caso de multiplicidade, cassando ou reformando o ac\u00f3rd\u00e3o contr\u00e1rio \u00e0 orienta\u00e7\u00e3o firmada quando do julgamento do m\u00e9rito.<\/del><\/p>\n<p style=\"text-align: justify;\"><del>IX &#8211; conceder efeito suspensivo para evitar dano irrepar\u00e1vel ou de dif\u00edcil repara\u00e7\u00e3o, quando requerido pela parte ap\u00f3s a remessa dos autos \u00e0 Turma de Uniformiza\u00e7\u00e3o.<\/del><\/p>\n<p style=\"text-align: center;\"><del><strong>CAP\u00cdTULO IV<br \/>\nDA INTERPOSI\u00c7\u00c3O\u00a0E ADMISSIBILIDADE DO PEDIDO DE UNIFORMIZA\u00c7\u00c3O DE INTERPRETA\u00c7\u00c3O DE LEI.<\/strong><\/del><\/p>\n<p style=\"text-align: justify;\"><del><strong>Art. 46<\/strong>. Possuem legitimidade para a apresenta\u00e7\u00e3o do pedido de uniformiza\u00e7\u00e3o de interpreta\u00e7\u00e3o de lei as partes que figurarem no Recurso de origem, e o Minist\u00e9rio P\u00fablico, quando este funcionar como parte.<\/del><\/p>\n<p style=\"text-align: justify;\"><del><strong>Art. 47.<\/strong> O pedido de uniformiza\u00e7\u00e3o ser\u00e1 protocolado na Turma Recursal de origem e dirigido ao Presidente da Turma de Uniformiza\u00e7\u00e3o, no prazo de dez dias, contados da publica\u00e7\u00e3o da decis\u00e3o que gerou a diverg\u00eancia, por peti\u00e7\u00e3o escrita e assinada por advogado.<\/del><\/p>\n<p style=\"text-align: justify;\"><del><strong> \u00a7 1\u00ba.<\/strong> Da peti\u00e7\u00e3o constar\u00e3o as raz\u00f5es, com explicita\u00e7\u00e3o das circunst\u00e2ncias que identifiquem ou assemelhem os casos confrontados, acompanhada de prova da diverg\u00eancia, que se far\u00e1 mediante certid\u00e3o, c\u00f3pia do julgado ou pela cita\u00e7\u00e3o do reposit\u00f3rio de jurisprud\u00eancia, oficial ou credenciado, inclusive em m\u00eddia eletr\u00f4nica, em que tiver sido publicada a decis\u00e3o divergente.<\/del><\/p>\n<p style=\"text-align: justify;\"><del><strong> \u00a7 2\u00ba.<\/strong> Protocolado o pedido, a Secretaria da Turma Recursal de origem providenciar\u00e1, por ato ordinat\u00f3rio, a intima\u00e7\u00e3o da parte contr\u00e1ria e, quando for o caso, o Minist\u00e9rio P\u00fablico, para manifesta\u00e7\u00e3o no prazo de dez dias sucessivos, encaminhando-se, a seguir, ao Presidente da Turma de Uniformiza\u00e7\u00e3o.<\/del><\/p>\n<p style=\"text-align: justify;\"><del><strong>Art. 48.<\/strong> Estando em termos a peti\u00e7\u00e3o e os documentos, o Presidente admitir\u00e1 o processamento do pedido e encaminhar\u00e1 os autos para distribui\u00e7\u00e3o e julgamento pela Turma de Uniformiza\u00e7\u00e3o, no prazo de 30 (trinta) dias.<\/del><\/p>\n<p style=\"text-align: justify;\"><del><strong> \u00a7 1\u00ba.<\/strong> Poder\u00e1 o Presidente da Turma de Uniformiza\u00e7\u00e3o conceder, de of\u00edcio ou a requerimento do interessado, ad referendum do Plen\u00e1rio, medida liminar para determinar o sobrestamento, na origem, dos processos e recursos nos quais a mat\u00e9ria objeto da diverg\u00eancia esteja presente, at\u00e9 o pronunciamento da Turma de Uniformiza\u00e7\u00e3o sobre a mat\u00e9ria.<\/del><\/p>\n<p style=\"text-align: justify;\"><del><strong> \u00a7 2\u00ba.<\/strong> Quando houver multiplicidade de pedidos de uniformiza\u00e7\u00e3o de interpreta\u00e7\u00e3o de lei com fundamento em id\u00eantica quest\u00e3o de direito material, caber\u00e1 ao Presidente da Turma de Uniformiza\u00e7\u00e3o selecionar, para julgamento, um ou mais feitos representativos da controv\u00e9rsia, sobrestando os demais at\u00e9 o respectivo pronunciamento.<\/del><\/p>\n<p style=\"text-align: center;\"><del><strong>CAP\u00cdTULO V<br \/>\nDA INADMISS\u00c3O DO INCIDENTE DE UNIFORMIZA\u00c7\u00c3O.<\/strong><\/del><\/p>\n<p style=\"text-align: justify;\"><del><strong>Art. 49.<\/strong> Ser\u00e1 rejeitado liminarmente, por decis\u00e3o monocr\u00e1tica do Presidente da Turma de Uniformiza\u00e7\u00e3o o incidente:<\/del><\/p>\n<p style=\"text-align: justify;\"><del>I \u2013 que for intempestivo;<\/del><\/p>\n<p style=\"text-align: justify;\"><del>II &#8211; que versar sobre mat\u00e9ria j\u00e1 decidida pela Turma de Uniformiza\u00e7\u00e3o;<\/del><\/p>\n<p style=\"text-align: justify;\"><del>III &#8211; que n\u00e3o explicitar as circunst\u00e2ncias que identifiquem ou assemelhem os casos confrontados;<\/del><\/p>\n<p style=\"text-align: justify;\"><del>IV &#8211; que estiver desacompanhado da prova da diverg\u00eancia;<\/del><\/p>\n<p style=\"text-align: justify;\"><del>V &#8211; que versar sobre quest\u00f5es de direito processual ou sobre procedimento.<\/del><\/p>\n<p style=\"text-align: justify;\"><del><strong> \u00a7 1\u00ba.<\/strong> Inadmitido o pedido de uniformiza\u00e7\u00e3o, caber\u00e1 pedido de reconsidera\u00e7\u00e3o dirigido ao Presidente da Turma, nos mesmos autos, no prazo de dez dias.<\/del><\/p>\n<p style=\"text-align: justify;\"><del><strong> \u00a7 2\u00ba.<\/strong> Mantida a decis\u00e3o que n\u00e3o admitiu o pedido de uniformiza\u00e7\u00e3o, os autos ser\u00e3o encaminhados \u00e0 Turma de Uniformiza\u00e7\u00e3o que, ap\u00f3s sorteio do relator, se entender pela sua admiss\u00e3o, julgar\u00e1 desde logo o m\u00e9rito, observando o procedimento constante neste regimento.<\/del><\/p>\n<p style=\"text-align: center;\"><del><strong>CAP\u00cdTULO VI<br \/>\nDO PROCESSAMENTO DOS INCIDENTES DE UNIFORMIZA\u00c7\u00c3O DE INTERPRETA\u00c7\u00c3O DE LEI.<\/strong><\/del><\/p>\n<p style=\"text-align: justify;\"><del><strong>Art. 50.<\/strong> As sess\u00f5es da Turma de Uniformiza\u00e7\u00e3o, realizadas em dia, hora e local designados pelo seu Presidente, poder\u00e3o ser feitas por meio eletr\u00f4nico e em qualquer uma das sedes das Turmas Recursais ou em espa\u00e7o cedido pelo Tribunal de Justi\u00e7a do Estado do Esp\u00edrito Santo.<\/del><\/p>\n<p style=\"text-align: justify;\"><del><strong> \u00a7 1\u00ba.<\/strong> A Turma de Uniformiza\u00e7\u00e3o reunir-se-\u00e1, no m\u00ednimo, uma vez a cada dois meses, salvo se n\u00e3o houver pedidos de uniformiza\u00e7\u00e3o em condi\u00e7\u00f5es de julgamento.<\/del><\/p>\n<p style=\"text-align: justify;\"><del><strong> \u00a7 2\u00ba.<\/strong> A Secretaria da Turma de Uniformiza\u00e7\u00e3o, que ser\u00e1 exercida pelo Chefe de Secretaria do Colegiado Recursal, publicar\u00e1 no Di\u00e1rio da Justi\u00e7a eletr\u00f4nico o edital com a pauta dos pedidos de uniformiza\u00e7\u00e3o a serem julgados, com posterior comunica\u00e7\u00e3o ao Relator e \u00e0s demais Turmas Recursais.<\/del><\/p>\n<p style=\"text-align: justify;\"><del><strong> \u00a7 3\u00ba.<\/strong> As sess\u00f5es da Turma de Uniformiza\u00e7\u00e3o poder\u00e3o ser feitas conjuntamente com as sess\u00f5es do Plen\u00e1rio, respeitando-se a dire\u00e7\u00e3o por meio de cada um de seus respectivos presidentes.<\/del><\/p>\n<p style=\"text-align: justify;\"><del><strong>Art. 51.<\/strong> No dia da sess\u00e3o de julgamento, superadas eventuais quest\u00f5es de ordem, o Presidente da Turma de Uniformiza\u00e7\u00e3o iniciar\u00e1 os julgamentos na ordem da pauta, ressalvadas as prefer\u00eancias.<\/del><\/p>\n<p style=\"text-align: justify;\"><del><strong> \u00a7 1\u00ba.<\/strong> O <em>qu\u00f3rum<\/em> de julgamento ser\u00e1 de dois ter\u00e7os dos membros da Turma de Uniformiza\u00e7\u00e3o, incluindo o Presidente.<\/del><\/p>\n<p style=\"text-align: justify;\"><del><strong> \u00a7 2\u00ba.<\/strong> As partes poder\u00e3o produzir sustenta\u00e7\u00e3o oral nas sess\u00f5es da Turma de Uniformiza\u00e7\u00e3o, pelo prazo de dez minutos, e a inscri\u00e7\u00e3o dever\u00e1 ser feita at\u00e9 o in\u00edcio da sess\u00e3o.<\/del><\/p>\n<p style=\"text-align: justify;\"><del><strong>Art. 52.<\/strong> O Relator do pedido de uniformiza\u00e7\u00e3o apresentar\u00e1 seu voto.<\/del><\/p>\n<p style=\"text-align: justify;\"><del><strong>\u00a7 <\/strong>1\u00ba. Os Ju\u00edzes Vogais proferir\u00e3o voto ap\u00f3s o Relator, seguindo-se a ordem decrescente de antiguidade dos membros do Colegiado Recursal, garantido o direito de o fazerem por escrito.<\/del><\/p>\n<p style=\"text-align: justify;\"><del><strong>\u00a7 <\/strong>2\u00ba. A decis\u00e3o da Turma de Uniformiza\u00e7\u00e3o ser\u00e1 tomada pelo voto da maioria absoluta de seus membros, e o Presidente votar\u00e1 no caso de empate.<\/del><\/p>\n<p style=\"text-align: justify;\"><del><strong>\u00a7 <\/strong>3\u00ba. Firmado o entendimento no sentido de inexistir diverg\u00eancia entre as teses em confronto, ou de que a solu\u00e7\u00e3o da diverg\u00eancia n\u00e3o est\u00e1 afeta \u00e0 aprecia\u00e7\u00e3o do processo do qual se instaurou o incidente, encerrar-se-\u00e1 o julgamento sem an\u00e1lise do m\u00e9rito.<\/del><\/p>\n<p style=\"text-align: justify;\"><del><strong>\u00a7 <\/strong>4\u00ba. Reconhecida a diverg\u00eancia, a Turma de Uniformiza\u00e7\u00e3o dar\u00e1 a interpreta\u00e7\u00e3o a ser observada, e editar\u00e1 a respectiva s\u00famula para orienta\u00e7\u00e3o do Sistema dos Juizados Especiais.<\/del><\/p>\n<p style=\"text-align: justify;\"><del><strong>\u00a7 <\/strong>5\u00ba. Se o Relator for vencido, ser\u00e1 designado para redigir o ac\u00f3rd\u00e3o o primeiro Juiz que tiver proferido o voto condutor divergente.<\/del><\/p>\n<p style=\"text-align: justify;\"><del><strong>\u00a7 <\/strong>6\u00ba. Encerrada a vota\u00e7\u00e3o, o Presidente proclamar\u00e1 a decis\u00e3o, lavrando-se em seguida o ac\u00f3rd\u00e3o, observado o disposto nos artigos 46 e 82, \u00a7 5\u00ba, da Lei n. 9.099, de 26 de setembro de 1995.<\/del><\/p>\n<p style=\"text-align: justify;\"><del><strong>\u00a7 <\/strong>7\u00ba. Os atos ser\u00e3o lavrados e redigidos pela Secretaria da Turma de Uniformiza\u00e7\u00e3o.<\/del><\/p>\n<p style=\"text-align: justify;\"><del><strong>\u00a7 <\/strong>8\u00ba. Ap\u00f3s a conclus\u00e3o do julgamento, a Secretaria da Turma de Uniformiza\u00e7\u00e3o promover\u00e1 os atos de intima\u00e7\u00e3o das partes.<\/del><\/p>\n<p style=\"text-align: justify;\"><del><strong>Art. 53<\/strong>. A decis\u00e3o da Turma de Uniformiza\u00e7\u00e3o e a respectiva s\u00famula ser\u00e3o publicadas e comunicadas por meio eletr\u00f4nico a todos os Ju\u00edzes do Sistema de Juizados Especiais para cumprimento, nos termos do \u00a7 6\u00ba do art. 19 da Lei n. 12.153, de 22 de dezembro de 2009, sem preju\u00edzo de sua comunica\u00e7\u00e3o pelo Di\u00e1rio da Justi\u00e7a Eletr\u00f4nico.<\/del><\/p>\n<p style=\"text-align: justify;\"><del><strong>Art. 54.<\/strong> Julgado o m\u00e9rito do pedido de uniformiza\u00e7\u00e3o, os recursos j\u00e1 julgados, e que estiverem sobrestados nas Turmas Recursais por for\u00e7a do incidente de uniformiza\u00e7\u00e3o, ser\u00e3o apreciados pelos Relatores, que poder\u00e3o exercer ju\u00edzo de retrata\u00e7\u00e3o ou os declarar\u00e3o prejudicados, se veicularem tese n\u00e3o acolhida pela Turma de Uniformiza\u00e7\u00e3o.<\/del><\/p>\n<p style=\"text-align: justify;\"><del><strong>Art. 55.<\/strong> Mantida a decis\u00e3o pelo Relator da Turma Recursal ou por esta, o pedido de uniformiza\u00e7\u00e3o, a requerimento de qualquer das partes ou do Minist\u00e9rio P\u00fablico, se este for parte, formulado no prazo de dez dias da ci\u00eancia da decis\u00e3o, ser\u00e1 submetido a julgamento pela Turma de Uniformiza\u00e7\u00e3o, que poder\u00e1 cassar ou reformar o ac\u00f3rd\u00e3o contr\u00e1rio \u00e0 orienta\u00e7\u00e3o firmada.<\/del><\/p>\n<p style=\"text-align: justify;\"><del><strong>Art. 56.<\/strong> Os recursos sobrestados e que ainda n\u00e3o tenham sido julgados, ser\u00e3o apreciados pelas Turmas ou monocraticamente pelo Relator origin\u00e1rio, utilizando-se do entendimento adotado pela Turma de Uniformiza\u00e7\u00e3o, a n\u00e3o ser que n\u00e3o veicularem tese acolhida pelo incidente.<\/del><\/p>\n<p style=\"text-align: justify;\"><del><strong>Par\u00e1grafo \u00danico:<\/strong> Caso n\u00e3o seja adotada no recurso a orienta\u00e7\u00e3o do incidente de uniformiza\u00e7\u00e3o de lei, a parte interessada poder\u00e1 requerer as provid\u00eancias previstas no artigo anterior, em igual prazo, podendo a decis\u00e3o ser cassada ou reformada pela Turma de Uniformiza\u00e7\u00e3o.<\/del><\/p>\n<p style=\"text-align: justify;\"><del><strong>Art. 57.<\/strong> A Turma de Uniformiza\u00e7\u00e3o poder\u00e1 responder a consulta, sem efeito suspensivo, formulada por mais de um ter\u00e7o das Turmas Recursais ou dos Ju\u00edzes singulares a ela submetidos, sobre mat\u00e9ria processual, quando verificada diverg\u00eancia no processamento dos feitos.<\/del><\/p>\n<p style=\"text-align: justify;\"><del><strong>Art. 58.<\/strong> Transcorrido o prazo de seis meses, e pelo voto de, no m\u00ednimo, dois ter\u00e7os dos seus integrantes, a Turma de Uniformiza\u00e7\u00e3o poder\u00e1 rever o seu entendimento, de of\u00edcio ou mediante proposta de integrante de Turma Recursal.<\/del><\/p>\n<p style=\"text-align: center;\"><del><strong>LIVRO III.<br \/>\nDA S\u00daMULA DE JURISPRUD\u00caNCIA DA TURMA DE UNIFORMIZA\u00c7\u00c3O E DOS ENUNCIADOS DO PLEN\u00c1RIO DO COLEGIADO RECURSAL.<\/strong><\/del><\/p>\n<p style=\"text-align: justify;\"><del><strong>Art. 59.<\/strong> O Colegiado Recursal, por meio de seu \u00f3rg\u00e3o Plen\u00e1rio, poder\u00e1, por maioria absoluta de seus membros, editar Enunciados sobre direito material ou processual afeto \u00e0 compet\u00eancia do Sistema dos Juizados Especiais.<\/del><\/p>\n<p style=\"text-align: justify;\"><del><strong>Art. 60.<\/strong> A jurisprud\u00eancia firmada pela Turma de Uniformiza\u00e7\u00e3o ser\u00e1 compendiada na S\u00famula da Turma.<\/del><\/p>\n<p style=\"text-align: justify;\"><del><strong> \u00a7 1\u00ba.<\/strong> Conclu\u00eddo o julgamento, o relator poder\u00e1 apresentar proposta de s\u00famula, a ser submetida \u00e0 Turma de Uniformiza\u00e7\u00e3o, que s\u00f3 valer\u00e1 se aprovada pela maioria absoluta da totalidade de seus membros, n\u00e3o sendo computado no desempate o voto do Presidente.<\/del><\/p>\n<p style=\"text-align: justify;\"><del><strong>\u00a7 2\u00ba.<\/strong> Caso n\u00e3o estejam reunidas todas as Turmas Recursais, somente poder\u00e1 ser editada s\u00famula se a proposta for aprovada por quantidade de votos igual ou superior \u00e0 maioria absoluta da totalidade dos membros das Turmas Recursais.<\/del><\/p>\n<p style=\"text-align: justify;\"><del><strong>Art. 61.<\/strong> Os enunciados e s\u00famulas, datados e numerados sequencialmente, ser\u00e3o consignados na ata da sess\u00e3o e divulgados pela Secretaria da Turma de Uniformiza\u00e7\u00e3o e do Colegiado, com publica\u00e7\u00e3o no Di\u00e1rio da Justi\u00e7a.<\/del><\/p>\n<p style=\"text-align: justify;\"><del><strong>Art. 62.<\/strong> A altera\u00e7\u00e3o ou o cancelamento de enunciados e de s\u00famulas poder\u00e3o ser propostos em sess\u00e3o do Plen\u00e1rio do Colegiado Recursal e da Turma de Uniformiza\u00e7\u00e3o, respectivamente, por qualquer um de seus membros, devendo-se observar o mesmo <em>qu\u00f3rum <\/em>estabelecido para aprova\u00e7\u00e3o.<\/del><\/p>\n<p style=\"text-align: justify;\"><del><strong>\u00a7 1\u00ba.<\/strong> Havendo altera\u00e7\u00e3o ou cancelamento de enunciado, seu n\u00famero de ordem ser\u00e1 mantido vago, com a anota\u00e7\u00e3o indicativa de altera\u00e7\u00e3o ou cancelamento e respectiva data.<\/del><\/p>\n<p style=\"text-align: justify;\"><del><strong> \u00a7 2\u00ba<\/strong> Ser\u00e1 adotado novo n\u00famero de ordem na hip\u00f3tese de eventual restabelecimento de enunciado cancelado ou de simples altera\u00e7\u00e3o de reda\u00e7\u00e3o de enunciado.<\/del><\/p>\n<p style=\"text-align: justify;\"><del><strong>Art. 63.<\/strong> O membro de qualquer uma das Turmas Recursais do Estado do Espirito Santo poder\u00e1 propor altera\u00e7\u00f5es \u00e0s regras que disciplinam o funcionamento da Turma de Uniformiza\u00e7\u00e3o, por meio de projeto de Resolu\u00e7\u00e3o, endere\u00e7ado ao Supervisor dos Juizados Especiais, que o submeter\u00e1 \u00e0 an\u00e1lise na sess\u00e3o seguinte, para delibera\u00e7\u00e3o dos membros do referido Colegiado.<\/del><\/p>\n<p style=\"text-align: center;\"><del><strong>DAS DISPOSI\u00c7\u00d5ES TRANSIT\u00d3RIAS.<\/strong><\/del><\/p>\n<p style=\"text-align: justify;\"><del><strong>Art. 64. <\/strong>Enquanto n\u00e3o existir no sistema de processo virtual mecanismo para a distribui\u00e7\u00e3o de conflitos de compet\u00eancia originados de Juizados Especiais virtuais, a distribui\u00e7\u00e3o dever\u00e1 ser precedida de pr\u00e9via materializa\u00e7\u00e3o do processo a cargo do Ju\u00edzo suscitante, cabendo \u00e0 Secretaria do Colegiado Recursal, ap\u00f3s o recebimento do material, a sua distribui\u00e7\u00e3o a um dos membros componentes das Turmas Recursais deste Estado.<\/del><\/p>\n<p style=\"text-align: center;\"><del><strong>DISPOSI\u00c7\u00d5ES FINAIS<br \/>\nDAS F\u00c9RIAS E DO PLANT\u00c3O NAS TURMAS RECURSAIS<\/strong><\/del><\/p>\n<p style=\"text-align: justify;\"><del><strong>Art. 65<\/strong>. As f\u00e9rias dos membros das Turmas Recursais ser\u00e3o concedidas de forma da n\u00e3o prejudicar o funcionamento dos \u00f3rg\u00e3os.<\/del><\/p>\n<p style=\"text-align: justify;\"><del><strong>Art. 65. <\/strong>\u00c9 vedado o gozo concomitante de f\u00e9rias por Ju\u00edzes de uma mesma Turma, cabendo, cada qual, gozar suas f\u00e9rias em per\u00edodos distintos, mantendo o funcionamento da Turma com dois integrantes e o suplente, facultando a este o gozo de f\u00e9rias quando todos os membros estiverem em atividade na Turma.\u00a0<strong>(Alterado pela <a href=\"https:\/\/www.tjes.jus.br\/corregedoria\/index.php\/2016\/07\/05\/resolucao-n-162014-disp-26032014\/\" target=\"_blank\" rel=\"noopener\">Resolu\u00e7\u00e3o n\u00ba 16\/2014<\/a>, disponibilizada em 26\/03\/2014)<\/strong><\/del><\/p>\n<p style=\"text-align: justify;\"><del><strong>Art. 65.<\/strong> \u00c9 vedado o gozo concomitante de f\u00e9rias por mais de tr\u00eas Ju\u00edzes de uma mesma Turma, sendo que destes tr\u00eas somente um suplente poder\u00e1 gozar f\u00e9rias de forma simult\u00e2nea, de forma a manter o funcionamento regular da Turma, com tr\u00eas integrantes e um suplente.\u00a0<strong>(Alterado pela <a href=\"https:\/\/www.tjes.jus.br\/corregedoria\/index.php\/2016\/07\/04\/resolucao-n-152015-disp-24042015\/\" target=\"_blank\" rel=\"noopener\">Resolu\u00e7\u00e3o n\u00ba 15\/2015<\/a>, disponibilizada em 24\/04\/2015)<\/strong><\/del><\/p>\n<p style=\"text-align: justify;\"><del>\u00a7 1\u00ba. N\u00e3o havendo consenso entre os membros das Turmas quanto aos per\u00edodos de gozo de f\u00e9rias, dever\u00e1 ser dado prioridade ao magistrado mais antigo na carreira ou ao magistrado que estiver h\u00e1 mais tempo sem gozo de f\u00e9rias dentre os demais.\u00a0<strong>(Inserido pela <a href=\"https:\/\/www.tjes.jus.br\/corregedoria\/index.php\/2016\/07\/05\/resolucao-n-162014-disp-26032014\/\" target=\"_blank\" rel=\"noopener\">Resolu\u00e7\u00e3o n\u00ba 16\/2014<\/a>, disponibilizada em 26\/03\/2014)<\/strong><\/del><\/p>\n<p style=\"text-align: justify;\"><del>\u00a7 2\u00ba. \u00c9 vedada a suspens\u00e3o da distribui\u00e7\u00e3o dos feitos durante as f\u00e9rias de qualquer dos membros das Turmas Recursais, cabendo ao suplente o recebimento dos respectivos processos, observada a regra do art. 20 deste Regimento.\u00a0<strong>(Inserido pela <a href=\"https:\/\/www.tjes.jus.br\/corregedoria\/index.php\/2016\/07\/05\/resolucao-n-162014-disp-26032014\/\" target=\"_blank\" rel=\"noopener\">Resolu\u00e7\u00e3o n\u00ba 16\/2014<\/a>, disponibilizada em 26\/03\/2014)<\/strong><\/del><\/p>\n<p style=\"text-align: justify;\"><del><strong>Art. 66. <\/strong>As Turmas Recursais funcionar\u00e3o em regime de plant\u00e3o, observando-se o sistema do plant\u00e3o no segundo grau de jurisdi\u00e7\u00e3o (<a href=\"https:\/\/www.tjes.jus.br\/corregedoria\/index.php\/2017\/02\/15\/resolucao-no-292010-publ-em-19052010-republicacao\/\" target=\"_blank\" rel=\"noopener\">Resolu\u00e7\u00e3o 029\/10<\/a>), cabendo ao Presidente do Colegiado Recursal na Comarca da Capital a elabora\u00e7\u00e3o da respectiva escala, e nas demais Turmas por seus respectivos Presidentes.<\/del><\/p>\n<p style=\"text-align: justify;\"><del><strong>Art. 67<\/strong>. Fica revogada a <a href=\"https:\/\/www.tjes.jus.br\/corregedoria\/index.php\/2017\/02\/14\/resolucao-no-152009-publ-em-05082009-revogada\/\" target=\"_blank\" rel=\"noopener\">Resolu\u00e7\u00e3o 015\/2009, publicada no Di\u00e1rio da Justi\u00e7a de 15.08.2009<\/a>.<\/del><\/p>\n<p style=\"text-align: justify;\"><del><strong>Art. 68. <\/strong>Esta resolu\u00e7\u00e3o entra em vigor na data de sua publica\u00e7\u00e3o.<\/del><\/p>\n<p style=\"text-align: justify;\"><del>Vit\u00f3ria, 25 de julho de 2013.<\/del><\/p>\n<p style=\"text-align: center;\"><del><strong>DESEMBARGADOR PEDRO VALLS FEU ROSA<br \/>\nPRESIDENTE DO EGR\u00c9GIO TRIBUNAL DE JUSTI\u00c7A<\/strong><\/del><\/p>\n<h2 style=\"text-align: center;\"><\/h2>\n<table>\n<tbody>\n<tr>\n<td><del>\u00a0<\/del><\/td>\n<\/tr>\n<\/tbody>\n<\/table>\n<h2 style=\"text-align: center;\"><del><strong>ANEXO DAS REGI\u00d5ES<\/strong><\/del><\/h2>\n<p style=\"text-align: justify;\"><del><strong>REGI\u00c3O DA CAPITAL<br \/>\n<\/strong>Comarca Sede: VIT\u00d3RIA\/ES.<\/del><br \/>\n<del> Comarcas Integrantes: CARIACICA, SERRA, VIANA, VILA VELHA, SANTA LEOPOLDINA.<\/del><\/p>\n<p style=\"text-align: justify;\"><del><strong>REGI\u00c3O NORTE<br \/>\nSub-regi\u00e3o 1<\/strong>.<\/del><br \/>\n<del> Comarca sede: COLATINA<\/del><br \/>\n<del> Comarcas integrantes: BAIXO GUANDU, ITAGUA\u00c7U, ITARANA, LARANJA DA TERRA, MARIL\u00c2NDIA, PANCAS, SANTA MARIA DE JETIB\u00c1, SANTA TERESA, S\u00c3O DOMINGOS DO NORTE.<\/del><br \/>\n<del> <strong>Sub-regi\u00e3o 2<\/strong>.<\/del><br \/>\n<del> Comarca sede: LINHARES<\/del><br \/>\n<del> Comarcas integrantes: ARACRUZ, FUND\u00c3O, IBIRA\u00c7U, JO\u00c3O NEIVA, RIO BANANAL.<\/del><br \/>\n<del> <strong>Sub-regi\u00e3o 3.<br \/>\n<\/strong>Comarca sede: BARRA DE S\u00c3O FRANCISCO.<\/del><br \/>\n<del> Comarcas integrantes: \u00c1GUA DOCE DO NORTE, \u00c1GUIA BRANCA, ALTO RIO NOVO, ECOPORANGA, MANTEN\u00d3POLIS.<\/del><br \/>\n<del> <strong>Sub-regi\u00e3o 4.<br \/>\n<\/strong>Comarca sede: NOVA VEN\u00c9CIA<\/del><br \/>\n<del> Comarcas integrantes: BOA ESPERAN\u00c7A. MONTANHA, MUCURICI, S\u00c3O GABRIEL DA PALHA.<\/del><br \/>\n<del> <strong>Sub-regi\u00e3o 5.<br \/>\n<\/strong>Comarca sede: S\u00c3O MATEUS<\/del><br \/>\n<del> Comarcas integrantes: CONCEI\u00c7\u00c3O DA BARRA, JAGUAR\u00c9, PEDRO CAN\u00c1RIO, PINHEIROS.<\/del><\/p>\n<p style=\"text-align: justify;\"><del><strong>REGI\u00c3O SUL<br \/>\nSub-regi\u00e3o 1.<br \/>\n<\/strong>Comarca sede: CACHOEIRO DE ITAPEMIRIM.<\/del><br \/>\n<del> Comarcas integrantes: APIAC\u00c1, AT\u00cdLIO VIV\u00c1CQUA, CASTELO, JER\u00d4NIMO MONTEIRO, MIMOSO DO SUL, MUQUI, S\u00c3O JOS\u00c9 DO CAL\u00c7ADO, VARGEM ALTA.<\/del><br \/>\n<del> <strong>Sub-regi\u00e3o 2.<br \/>\n<\/strong>Comarca sede: GUA\u00c7U\u00cd.<\/del><br \/>\n<del> Comarcas integrantes: ALEGRE, BOM JESUS DO NORTE, DIVINO DE S\u00c3O LOUREN\u00c7O, DORES DO RIO PRETO.<\/del><br \/>\n<del> <strong>Sub-regi\u00e3o 3.<br \/>\n<\/strong>Comarca sede: MARATA\u00cdZES.<\/del><br \/>\n<del> Comarcas integrantes: ICONHA, ITAPEMIRIM, PI\u00daMA, PRESIDENTE KENNEDY.<\/del><br \/>\n<del> <strong>Sub-regi\u00e3o 4.<br \/>\n<\/strong>Comarca sede: GUARAPARI.<\/del><br \/>\n<del> Comarcas integrantes: ALFREDO CHAVES, ANCHIETA, DOMINGOS MARTINS, MARECHAL FLORIANO.<\/del><br \/>\n<del> <strong>Sub-regi\u00e3o 5.<br \/>\n<\/strong>Comarca sede: I\u00daNA.<\/del><br \/>\n<del> Comarcas integrantes: AFONSO CL\u00c1UDIO, CONCEI\u00c7\u00c3O DO CASTELO, IBATIBA, IBITIRAMA, MUNIZ FREIRE, VENDA NOVA DO IMIGRANTE.<\/del><\/p>\n<h2 style=\"text-align: center;\"><del><span style=\"color: #ff0000;\">ALTERADA PELA <a href=\"https:\/\/www.tjes.jus.br\/corregedoria\/index.php\/2016\/07\/05\/resolucao-n-162014-disp-26032014\/\" target=\"_blank\" rel=\"noopener\">RESOLU\u00c7\u00c3O N\u00ba 16\/2014<\/a> -Disp. 26\/03\/2014<\/span><\/del><\/h2>\n<h2 style=\"text-align: center;\"><del><span style=\"color: #ff0000;\">ALTERADA PELA <a href=\"https:\/\/www.tjes.jus.br\/corregedoria\/index.php\/2016\/07\/04\/resolucao-no-402014-disp-22082014\/\" target=\"_blank\" rel=\"noopener\">RESOLU\u00c7\u00c3O N\u00ba 40\/2014<\/a> -Disp. 22\/08\/2014<\/span><\/del><\/h2>\n<h2 style=\"text-align: center;\"><del><span style=\"color: #ff0000;\">ALTERADA PELA <a href=\"https:\/\/www.tjes.jus.br\/corregedoria\/index.php\/2016\/07\/04\/resolucao-no-0512014-disp-20102014\/\" target=\"_blank\" rel=\"noopener\">RESOLU\u00c7\u00c3O N\u00ba 51\/2014<\/a> -Disp. 20\/10\/2014<\/span><\/del><\/h2>\n<h2 style=\"text-align: center;\"><del><span style=\"color: #ff0000;\">ALTERADA PELA <a href=\"https:\/\/www.tjes.jus.br\/corregedoria\/index.php\/2016\/07\/04\/resolucao-n-152015-disp-24042015\/\" target=\"_blank\" rel=\"noopener\">RESOLU\u00c7\u00c3O N\u00ba 15\/2015<\/a> &#8211; Disp. 24\/04\/2015<\/span><\/del><\/h2>\n<h2 style=\"text-align: center;\"><del><span style=\"color: #ff0000;\">REVOGADO O CAP\u00cdTULO X PELO <a href=\"https:\/\/www.tjes.jus.br\/corregedoria\/index.php\/2016\/09\/13\/ato-normativo-conjunto-no-0132016-disp-13092016\/\" target=\"_blank\" rel=\"noopener\">ATO CONJUNTO N\u00ba 013\/2016<\/a> &#8211; DISP. 13\/09\/2016<\/span><\/del><\/h2>\n<h2 style=\"text-align: center;\"><span style=\"color: #ff0000;\">REVOGADA PELA <a href=\"https:\/\/www.tjes.jus.br\/corregedoria\/index.php\/2016\/11\/11\/resolucao-no-0232016-disp-em-11112016\/\" target=\"_blank\" rel=\"noopener\">RESOLU\u00c7\u00c3O N\u00ba 023\/2016<\/a> &#8211; DISP. EM 11\/11\/2016<\/span><\/h2>\n","protected":false},"excerpt":{"rendered":"<p>ESTADO DO ESP\u00cdRITO SANTO PODER JUDICI\u00c1RIO TRIBUNAL DE JUSTI\u00c7A RESOLU\u00c7\u00c3O N\u00ba 033, DE 25 DE JULHO DE 2013. Disp\u00f5e sobre o Regimento Interno do Colegiado Recursal, substituindo a Resolu\u00e7\u00e3o 015\/2009, e da Turma de Uniformiza\u00e7\u00e3o de Interpreta\u00e7\u00e3o de Lei dos Juizados Especiais do Estado do Esp\u00edrito Santo. O PRESIDENTE DO EGR\u00c9GIO TRIBUNAL DE JUSTI\u00c7A DO [&hellip;]<\/p>\n","protected":false},"author":1,"featured_media":0,"comment_status":"open","ping_status":"open","sticky":false,"template":"","format":"standard","meta":{"footnotes":""},"categories":[14,13],"tags":[],"_links":{"self":[{"href":"https:\/\/www.tjes.jus.br\/corregedoria\/wp-json\/wp\/v2\/posts\/3848"}],"collection":[{"href":"https:\/\/www.tjes.jus.br\/corregedoria\/wp-json\/wp\/v2\/posts"}],"about":[{"href":"https:\/\/www.tjes.jus.br\/corregedoria\/wp-json\/wp\/v2\/types\/post"}],"author":[{"embeddable":true,"href":"https:\/\/www.tjes.jus.br\/corregedoria\/wp-json\/wp\/v2\/users\/1"}],"replies":[{"embeddable":true,"href":"https:\/\/www.tjes.jus.br\/corregedoria\/wp-json\/wp\/v2\/comments?post=3848"}],"version-history":[{"count":8,"href":"https:\/\/www.tjes.jus.br\/corregedoria\/wp-json\/wp\/v2\/posts\/3848\/revisions"}],"predecessor-version":[{"id":22547,"href":"https:\/\/www.tjes.jus.br\/corregedoria\/wp-json\/wp\/v2\/posts\/3848\/revisions\/22547"}],"wp:attachment":[{"href":"https:\/\/www.tjes.jus.br\/corregedoria\/wp-json\/wp\/v2\/media?parent=3848"}],"wp:term":[{"taxonomy":"category","embeddable":true,"href":"https:\/\/www.tjes.jus.br\/corregedoria\/wp-json\/wp\/v2\/categories?post=3848"},{"taxonomy":"post_tag","embeddable":true,"href":"https:\/\/www.tjes.jus.br\/corregedoria\/wp-json\/wp\/v2\/tags?post=3848"}],"curies":[{"name":"wp","href":"https:\/\/api.w.org\/{rel}","templated":true}]}}