{"id":3867,"date":"2016-07-05T17:48:48","date_gmt":"2016-07-05T20:48:48","guid":{"rendered":"https:\/\/www.tjes.jus.br\/corregedoria\/?p=3867"},"modified":"2017-03-13T16:14:18","modified_gmt":"2017-03-13T19:14:18","slug":"resolucao-no-0282013-disp-28062013","status":"publish","type":"post","link":"https:\/\/www.tjes.jus.br\/corregedoria\/2016\/07\/05\/resolucao-no-0282013-disp-28062013\/","title":{"rendered":"RESOLU\u00c7\u00c3O N\u00ba 028\/2013 &#8211; DISP. 28\/06\/2013 &#8211; REVOGADA"},"content":{"rendered":"<p style=\"text-align: center;\"><del><strong>ESTADO DO ESP\u00cdRITO SANTO<\/strong><\/del><\/p>\n<p style=\"text-align: center;\"><del><strong>PODER JUDICI\u00c1RIO<\/strong><\/del><\/p>\n<p style=\"text-align: center;\"><del><strong>TRIBUNAL DE JUSTI\u00c7A<\/strong><\/del><\/p>\n<p style=\"text-align: center;\"><del><strong>RESOLU\u00c7\u00c3O N\u00ba 28\/2013<\/strong><\/del><\/p>\n<p style=\"text-align: justify;\"><del><em>ALTERAR A RESOLU\u00c7\u00c3O 17\/2011 QUE INSTITUI E REGULAMENTA EXERC\u00cdCIO DA FUN\u00c7\u00c3O DE JUIZ LEIGO NO \u00c2MBITO DO SISTEMA DOS JUIZADOS ESPECIAIS DO PODER JUDICI\u00c1RIO DO ESTADO DO ESP\u00cdRITO SANTO.<\/em><\/del><\/p>\n<p style=\"text-align: justify;\"><del>O Exmo. Sr. Desembargador PEDRO VALLS FEU ROSA, Presidente do Egr\u00e9gio Tribunal de Justi\u00e7a do Estado do Esp\u00edrito Santo no uso de suas atribui\u00e7\u00f5es legais e regimentais, e,<\/del><\/p>\n<p style=\"text-align: justify;\"><del><strong>CONSIDERANDO<\/strong> os termos da <a href=\"https:\/\/www.tjes.jus.br\/corregedoria\/index.php\/2017\/02\/16\/resolucao-no-172011-publ-em-18042011-alterada\/\" target=\"_blank\">Resolu\u00e7\u00e3o n\u00ba 17\/2011<\/a>, editada por este Egr\u00e9gio Tribunal de Justi\u00e7a, que instituiu e regulamentou, no \u00e2mbito do sistema dos Juizados Especiais, a Fun\u00e7\u00e3o de Juiz Leigo, cujo exerc\u00edcio ser\u00e1 tempor\u00e1rio e sem forma\u00e7\u00e3o de qualquer v\u00ednculo estatut\u00e1rio ou empregat\u00edcio com o Poder Judici\u00e1rio do Estado do Esp\u00edrito Santo;<\/del><\/p>\n<p style=\"text-align: justify;\"><del><strong>CONSIDERANDO<\/strong> os termos do Ato Normativo n\u00ba 08\/2012 que designou Ju\u00edzes de Direito Aposentados para o exerc\u00edcio da fun\u00e7\u00e3o de Juiz Leigo Volunt\u00e1rio;<\/del><\/p>\n<p style=\"text-align: justify;\"><del><strong>CONSIDERANDO<\/strong> os termos da Lei n\u00ba 9.608 de 18 de fevereiro de 1998 que disp\u00f5e sobre o servi\u00e7o voluntariado;<\/del><\/p>\n<p style=\"text-align: justify;\"><del><strong>CONSIDERANDO<\/strong> a realiza\u00e7\u00e3o de mutir\u00f5es no interior do Estado, os quais apresentar\u00e3o resultados mais significativos com a participa\u00e7\u00e3o desses magistrados aposentados;<\/del><\/p>\n<p style=\"text-align: justify;\"><del><strong>RESOLVE:<\/strong><\/del><\/p>\n<p style=\"text-align: justify;\"><del><strong>Art. 1\u00ba.<\/strong> Acrescentar par\u00e1grafo \u00fanico ao <a href=\"https:\/\/www.tjes.jus.br\/corregedoria\/index.php\/2017\/02\/16\/resolucao-no-172011-publ-em-18042011-alterada\/\" target=\"_blank\">artigo 25 da Resolu\u00e7\u00e3o n\u00ba 017\/2011<\/a>, o qual passar\u00e1 a vigorar com o seguinte teor:<\/del><\/p>\n<p style=\"text-align: justify; padding-left: 30px;\"><del>\u201cArt. 25. O Presidente do Tribunal de Justi\u00e7a poder\u00e1 designar Ju\u00edzes Leigos volunt\u00e1rios, desde que preencham todos os requisitos da Lei e desta resolu\u00e7\u00e3o, os quais ter\u00e3o sua carga hor\u00e1ria livremente estabelecida com o juiz togado, n\u00e3o fazendo jus \u00e0 indeniza\u00e7\u00e3o aqui estabelecida.<\/del><br \/>\n<del> Par\u00e1grafo \u00fanico. O prestador do servi\u00e7o volunt\u00e1rio designado poder\u00e1 ser ressarcido pelas despesas que comprovadamente realizar no desempenho das atividades volunt\u00e1rias, relativas \u00e0 transporte, alimenta\u00e7\u00e3o e hospedagem.\u201d<\/del><\/p>\n<p style=\"text-align: justify;\"><del><strong>Art. 2\u00ba.<\/strong> Esta resolu\u00e7\u00e3o entrar\u00e1 em vigor na data de sua publica\u00e7\u00e3o.<\/del><\/p>\n<p style=\"text-align: justify;\"><del><strong>Publique-se.<\/strong><\/del><\/p>\n<p style=\"text-align: justify;\"><del>Vit\u00f3ria, 24 de junho de 2013.<\/del><\/p>\n<p style=\"text-align: center;\"><del><strong>Desembargador PEDRO VALLS FEU ROSA<br \/>\nPresidente<\/strong><\/del><\/p>\n<h2 style=\"text-align: center;\"><span style=\"color: #ff0000;\">REVOGADA PELA <a href=\"https:\/\/www.tjes.jus.br\/corregedoria\/index.php\/2016\/07\/04\/resolucao-no-282015-disp-26062015\/\" target=\"_blank\">RESOLU\u00c7\u00c3O N\u00ba 28\/2015<\/a> &#8211; DISP. 26\/06\/2015<\/span><\/h2>\n","protected":false},"excerpt":{"rendered":"<p>ESTADO DO ESP\u00cdRITO SANTO PODER JUDICI\u00c1RIO TRIBUNAL DE JUSTI\u00c7A RESOLU\u00c7\u00c3O N\u00ba 28\/2013 ALTERAR A RESOLU\u00c7\u00c3O 17\/2011 QUE INSTITUI E REGULAMENTA EXERC\u00cdCIO DA FUN\u00c7\u00c3O DE JUIZ LEIGO NO \u00c2MBITO DO SISTEMA DOS JUIZADOS ESPECIAIS DO PODER JUDICI\u00c1RIO DO ESTADO DO ESP\u00cdRITO SANTO. O Exmo. Sr. Desembargador PEDRO VALLS FEU ROSA, Presidente do Egr\u00e9gio Tribunal de Justi\u00e7a [&hellip;]<\/p>\n","protected":false},"author":1,"featured_media":0,"comment_status":"open","ping_status":"open","sticky":false,"template":"","format":"standard","meta":{"footnotes":""},"categories":[14,13],"tags":[],"_links":{"self":[{"href":"https:\/\/www.tjes.jus.br\/corregedoria\/wp-json\/wp\/v2\/posts\/3867"}],"collection":[{"href":"https:\/\/www.tjes.jus.br\/corregedoria\/wp-json\/wp\/v2\/posts"}],"about":[{"href":"https:\/\/www.tjes.jus.br\/corregedoria\/wp-json\/wp\/v2\/types\/post"}],"author":[{"embeddable":true,"href":"https:\/\/www.tjes.jus.br\/corregedoria\/wp-json\/wp\/v2\/users\/1"}],"replies":[{"embeddable":true,"href":"https:\/\/www.tjes.jus.br\/corregedoria\/wp-json\/wp\/v2\/comments?post=3867"}],"version-history":[{"count":4,"href":"https:\/\/www.tjes.jus.br\/corregedoria\/wp-json\/wp\/v2\/posts\/3867\/revisions"}],"predecessor-version":[{"id":12587,"href":"https:\/\/www.tjes.jus.br\/corregedoria\/wp-json\/wp\/v2\/posts\/3867\/revisions\/12587"}],"wp:attachment":[{"href":"https:\/\/www.tjes.jus.br\/corregedoria\/wp-json\/wp\/v2\/media?parent=3867"}],"wp:term":[{"taxonomy":"category","embeddable":true,"href":"https:\/\/www.tjes.jus.br\/corregedoria\/wp-json\/wp\/v2\/categories?post=3867"},{"taxonomy":"post_tag","embeddable":true,"href":"https:\/\/www.tjes.jus.br\/corregedoria\/wp-json\/wp\/v2\/tags?post=3867"}],"curies":[{"name":"wp","href":"https:\/\/api.w.org\/{rel}","templated":true}]}}