{"id":38860,"date":"2023-12-14T18:38:18","date_gmt":"2023-12-14T20:38:18","guid":{"rendered":"https:\/\/www.tjes.jus.br\/corregedoria\/?p=38860"},"modified":"2023-12-14T18:38:18","modified_gmt":"2023-12-14T20:38:18","slug":"portaria-no-057-2023-disp-14-12-2023","status":"publish","type":"post","link":"https:\/\/www.tjes.jus.br\/corregedoria\/2023\/12\/14\/portaria-no-057-2023-disp-14-12-2023\/","title":{"rendered":"PORTARIA N\u00ba 057\/2023 \u2013 DISP. 14\/12\/2023"},"content":{"rendered":"<p align=\"center\"><strong>ESTADO DO ESP\u00cdRITO SANTO<\/strong><\/p>\n<p align=\"center\"><strong>PODER JUDICI\u00c1RIO<\/strong><\/p>\n<p align=\"center\"><strong>CORREGEDORIA GERAL DA JUSTI\u00c7A<\/strong><\/p>\n<p>&nbsp;<\/p>\n<p>&nbsp;<\/p>\n<p align=\"center\"><strong>PORTARIA CGJES N.\u00ba 0<\/strong><span lang=\"pt-BR\"><strong>5<\/strong><\/span><span lang=\"pt-BR\"><strong>7<\/strong><\/span><strong>\/2023<\/strong><\/p>\n<h3 class=\"western\" align=\"justify\"><\/h3>\n<p>&nbsp;<\/p>\n<p align=\"right\"><em>Constituir as Comiss\u00f5es Disciplinares Permanentes (CDP) para o bi\u00eanio 2022\/2023.<\/em><\/p>\n<p align=\"justify\">\n<p align=\"justify\"><strong>O Desembargador CARLOS SIM\u00d5ES FONSECA<\/strong>, Corregedor Geral da Justi\u00e7a do Estado do Esp\u00edrito Santo, no uso de suas atribui\u00e7\u00f5es legais e<\/p>\n<p>&nbsp;<\/p>\n<p align=\"justify\"><strong>CONSIDERANDO\u00a0<\/strong>a Resolu\u00e7\u00e3o n\u00ba 350\/2020 do Conselho Nacional de Justi\u00e7a que estabelece diretrizes e procedimentos sobre a coopera\u00e7\u00e3o judici\u00e1ria nacional entre os \u00f3rg\u00e3os do Poder Judici\u00e1rio para a realiza\u00e7\u00e3o das atividades administrativas e o exerc\u00edcio das fun\u00e7\u00f5es jurisdicionais;<\/p>\n<p>&nbsp;<\/p>\n<p align=\"justify\"><strong>CONSIDERANDO\u00a0<\/strong>que a Resolu\u00e7\u00e3o n\u00ba 350\/2020 do Conselho Nacional de Justi\u00e7a prev\u00ea que a coopera\u00e7\u00e3o pode ser utilizada como instrumento de gest\u00e3o processual, permitindo a coordena\u00e7\u00e3o de fun\u00e7\u00f5es e o compartilhamento de compet\u00eancias;<\/p>\n<p>&nbsp;<\/p>\n<p align=\"justify\"><strong>CONSIDERANDO\u00a0<\/strong>que o Provimento Conjunto n\u00ba 1\/2021, alterado pelos Provimentos Conjunto n\u00ba 2\/2021, n\u00ba 01\/2022 e n\u00ba 02\/2022, estabelece a entrada em vigor das Comiss\u00f5es Disciplinares Permanentes \u2013 CDP no \u00e2mbito do Poder Judici\u00e1rio no dia 14 de mar\u00e7o de 2022;<\/p>\n<p>&nbsp;<\/p>\n<p align=\"justify\"><strong>CONSIDERANDO\u00a0<\/strong>a necessidade de assegurar maior celeridade e efic\u00e1cia, com controle mais r\u00edgido dos prazos, nas sindic\u00e2ncias e nos procedimentos administrativos disciplinares instaurados contra servidores p\u00fablicos e Delegat\u00e1rios no \u00e2mbito do Poder Judici\u00e1rio;<\/p>\n<p>&nbsp;<\/p>\n<p align=\"justify\"><strong>CONSIDERANDO\u00a0<\/strong>o disposto no art. 247 da Lei Complementar Estadual n\u00ba 46\/1994 que prev\u00ea que \u201ca autoridade que tiver ci\u00eancia de irregularidade no servi\u00e7o p\u00fablico \u00e9 obrigada a promover a sua apura\u00e7\u00e3o imediata, mediante sindic\u00e2ncia ou processo administrativo disciplinar, assegurada ao denunciado ampla defesa\u201d;<\/p>\n<p>&nbsp;<\/p>\n<p align=\"justify\"><strong>CONSIDERANDO\u00a0<\/strong>que nos termos do Art. 3\u00ba do Provimento Conjunto n\u00ba 001\/2021,\u00a0compete ao Corregedor Geral da Justi\u00e7a elaborar e fazer publicar a portaria contendo a composi\u00e7\u00e3o das Comiss\u00f5es Disciplinares Permanentes, indicando o seu presidente e a lista com os nomes dos servidores designados como suplentes, podendo dispensar, a qualquer tempo e motivadamente, os membros ou suplentes das respectivas comiss\u00f5es;<\/p>\n<p>&nbsp;<\/p>\n<p align=\"justify\"><strong>CONSIDERANDO\u00a0<\/strong>que houve solicita\u00e7<span lang=\"pt-BR\">\u00e3o\u00a0<\/span>de altera\u00e7\u00e3o de composi\u00e7\u00e3o de Comiss\u00e3o Disciplinar Permanente e que esta foram autorizadas pelo Corregedor Geral de Justi\u00e7a, conforme consta d<span lang=\"pt-BR\">a<\/span><span lang=\"pt-BR\">\u00a0r.\u00a0<\/span><span lang=\"pt-BR\"><strong>DECIS\u00c3O\/OF\u00cdCIO 1879276\/7010942-70.2023.8.08.0000<\/strong><\/span><span lang=\"pt-BR\"><strong>;<\/strong><\/span><\/p>\n<p>&nbsp;<\/p>\n<p align=\"justify\"><strong>RESOLVE:<\/strong><\/p>\n<p>&nbsp;<\/p>\n<p align=\"justify\"><strong>Art. 1\u00ba\u00a0<\/strong>Alterar\u00a0<span lang=\"pt-BR\">a composi\u00e7\u00e3o\u00a0<\/span><span lang=\"pt-BR\">da Comiss\u00e3o Disciplinar Permanente n\u00ba 0<\/span><span lang=\"pt-BR\">3<\/span><span lang=\"pt-BR\">\u00a0e da rela\u00e7\u00e3o de<\/span><span lang=\"pt-BR\">\u00a0Suplentes da\u00a0<\/span><strong>1\u00aa Regi\u00e3o<\/strong>, que passam a ter a seguinte forma\u00e7\u00e3o:<\/p>\n<p align=\"justify\">\n<p align=\"justify\">\n<p align=\"justify\"><strong>Comiss\u00e3o Disciplinar Permanente n\u00ba 03<\/strong><\/p>\n<p align=\"justify\">\n<p align=\"justify\">a)\u00a0Gilson Ros\u00e0rio do Nascimento &#8211; Analista Judici\u00e1rio AJ \u2013 Direito &#8211; Matr\u00edcula n\u00ba 20978268<\/p>\n<p align=\"justify\">b)\u00a0R\u00f4mulo Moraes da Silva Vargas &#8211; Analista Judici\u00e1rio AJ \u2013 Direito &#8211; Matr\u00edcula n\u00ba 21013331<\/p>\n<p align=\"justify\">c)\u00a0Karla Patricia Cruz &#8211; Analista Judici\u00e1rio AJ \u2013 Oficial de Justi\u00e7a &#8211; Matr\u00edcula n\u00ba 20128106<\/p>\n<p align=\"justify\">\n<p align=\"justify\"><strong>Rela\u00e7\u00e3o de Suplentes<\/strong><\/p>\n<p align=\"justify\">\n<p align=\"justify\">a) Val\u00e9rio Salvador da Silva &#8211; Analista Judici\u00e1rio AJ \u2013 Oficial de Justi\u00e7a \u2013 Matr\u00edcula n\u00ba 20876622<\/p>\n<p align=\"justify\">b) Paulo S\u00e9rgio de Abreu Valen\u00e7a \u2013 Analista Judici\u00e1rio 01 \u2013 QS \u2013 Oficial de Justi\u00e7a Avaliador \u2013 Matr\u00edcula n\u00ba 20110928<\/p>\n<p align=\"justify\">c) Jo\u00e3o Ronaldo Segrini &#8211; Analista Judici\u00e1rio AJ \u2013 Oficial de Justi\u00e7a \u2013 Matr\u00edcula n\u00ba 20580972<\/p>\n<p align=\"justify\">d) Gustavo Gomes de Jesus &#8211; Analista Judici\u00e1rio AJ \u2013 Oficial de Justi\u00e7a \u2013 Matr\u00edcula n\u00ba 21000500<\/p>\n<p align=\"justify\">\n<p>&nbsp;<\/p>\n<p align=\"justify\"><strong>Art. 2\u00ba\u00a0<\/strong>As comiss\u00f5es\u00a0<span lang=\"pt-BR\">passam a ter forma\u00e7\u00e3o conforme decis\u00f5es que geraram as\u00a0<\/span>Portarias n\u00ba 004\/2022, 013\/2022, 015\/2022, 026\/2022, 33\/2022, 47\/2023, 48\/2023, 52\/2023, 53\/2023, 54\/2023 e 57\/2023, naquilo que for aplic\u00e1vel.<\/p>\n<p>&nbsp;<\/p>\n<p>&nbsp;<\/p>\n<p align=\"justify\"><strong>Art. 3\u00ba\u00a0<\/strong>Esta portaria entrar\u00e1 em vigor\u00a0<span lang=\"pt-BR\">na data de sua publica\u00e7\u00e3o<\/span>.<\/p>\n<p>&nbsp;<\/p>\n<p>&nbsp;<\/p>\n<p align=\"justify\"><strong>Publique-se. Cumpra-se.<\/strong><\/p>\n<p>&nbsp;<\/p>\n<p align=\"center\"><strong>Vit\u00f3ria, 13 de dezembro de 2023.<\/strong><\/p>\n<p>&nbsp;<\/p>\n<p>&nbsp;<\/p>\n<p>&nbsp;<\/p>\n<p>&nbsp;<\/p>\n<p align=\"center\"><strong>Desembargador CARLOS SIM\u00d5ES FONSECA.<br \/>\nCorregedor Geral da Justi\u00e7a<\/strong><\/p>\n","protected":false},"excerpt":{"rendered":"<p>ESTADO DO ESP\u00cdRITO SANTO PODER JUDICI\u00c1RIO CORREGEDORIA GERAL DA JUSTI\u00c7A &nbsp; &nbsp; PORTARIA CGJES N.\u00ba 057\/2023 &nbsp; Constituir as Comiss\u00f5es Disciplinares Permanentes (CDP) para o bi\u00eanio 2022\/2023. O Desembargador CARLOS SIM\u00d5ES FONSECA, Corregedor Geral da Justi\u00e7a do Estado do Esp\u00edrito Santo, no uso de suas atribui\u00e7\u00f5es legais e &nbsp; CONSIDERANDO\u00a0a Resolu\u00e7\u00e3o n\u00ba 350\/2020 do Conselho [&hellip;]<\/p>\n","protected":false},"author":16,"featured_media":0,"comment_status":"closed","ping_status":"closed","sticky":false,"template":"","format":"standard","meta":{"footnotes":""},"categories":[14,6],"tags":[],"_links":{"self":[{"href":"https:\/\/www.tjes.jus.br\/corregedoria\/wp-json\/wp\/v2\/posts\/38860"}],"collection":[{"href":"https:\/\/www.tjes.jus.br\/corregedoria\/wp-json\/wp\/v2\/posts"}],"about":[{"href":"https:\/\/www.tjes.jus.br\/corregedoria\/wp-json\/wp\/v2\/types\/post"}],"author":[{"embeddable":true,"href":"https:\/\/www.tjes.jus.br\/corregedoria\/wp-json\/wp\/v2\/users\/16"}],"replies":[{"embeddable":true,"href":"https:\/\/www.tjes.jus.br\/corregedoria\/wp-json\/wp\/v2\/comments?post=38860"}],"version-history":[{"count":1,"href":"https:\/\/www.tjes.jus.br\/corregedoria\/wp-json\/wp\/v2\/posts\/38860\/revisions"}],"predecessor-version":[{"id":38861,"href":"https:\/\/www.tjes.jus.br\/corregedoria\/wp-json\/wp\/v2\/posts\/38860\/revisions\/38861"}],"wp:attachment":[{"href":"https:\/\/www.tjes.jus.br\/corregedoria\/wp-json\/wp\/v2\/media?parent=38860"}],"wp:term":[{"taxonomy":"category","embeddable":true,"href":"https:\/\/www.tjes.jus.br\/corregedoria\/wp-json\/wp\/v2\/categories?post=38860"},{"taxonomy":"post_tag","embeddable":true,"href":"https:\/\/www.tjes.jus.br\/corregedoria\/wp-json\/wp\/v2\/tags?post=38860"}],"curies":[{"name":"wp","href":"https:\/\/api.w.org\/{rel}","templated":true}]}}