{"id":39006,"date":"2024-02-23T18:17:33","date_gmt":"2024-02-23T21:17:33","guid":{"rendered":"https:\/\/www.tjes.jus.br\/corregedoria\/?p=39006"},"modified":"2024-02-23T18:17:35","modified_gmt":"2024-02-23T21:17:35","slug":"ato-no-19-2023-disp-09-01-2024","status":"publish","type":"post","link":"https:\/\/www.tjes.jus.br\/corregedoria\/2024\/02\/23\/ato-no-19-2023-disp-09-01-2024\/","title":{"rendered":"ATO N\u00ba 19\/2023 \u2013 DISP. 09\/01\/2024"},"content":{"rendered":"\n<p class=\"Texto_Centralizado\" style=\"text-align: center;\"><strong>ESTADO DO ESP\u00cdRITO SANTO<\/strong><\/p>\n<p class=\"Texto_Centralizado\" style=\"text-align: center;\"><strong>PODER JUDICI\u00c1RIO<\/strong><\/p>\n<p class=\"Texto_Centralizado\" style=\"text-align: center;\"><strong>CORREGEDORIA GERAL DA JUSTI\u00c7<\/strong><strong>A<\/strong><\/p>\n<p>\u00a0<\/p>\n<p class=\"Texto_Centralizado_Maiusculas\" style=\"text-align: center;\"><strong>ATO N\u00ba \u00a019\/2023<\/strong><\/p>\n<p>\u00a0<\/p>\n<p align=\"justify\">O Desembargador\u00a0<strong>WILLIAN SILVA<\/strong>, Corregedor-Geral da Justi\u00e7a do Estado do Esp\u00edrito Santo, no uso de suas atribui\u00e7\u00f5es legais e de acordo com a r. Decis\u00e3o exarada nos autos do Processo 7000028-79.2023.8.08.0053,<\/p>\n<p>\u00a0<\/p>\n<p align=\"justify\"><strong>RESOLVE:<\/strong><\/p>\n<p>\u00a0<\/p>\n<p align=\"justify\"><strong>AFASTAR<\/strong><strong>\u00a0<\/strong><strong>CAUTERLARMENTE a<\/strong><strong>\u00a0<\/strong><strong>delegat\u00e1ri<\/strong><strong>a<\/strong><strong>\u00a0<\/strong><strong>NORLEY ROSA GOMES<\/strong>\u00a0das suas fun\u00e7\u00f5es no Cart\u00f3rio do 1\u00ba Of\u00edcio da Comarca de Alto Rio Novo\/ES, de acordo com o disposto no \u00a7 1\u00ba do artigo 35, da Lei Federal n\u00ba 8.935\/1994, at\u00e9 a decis\u00e3o final do Procedimento Administrativo Disciplinar.<\/p>\n<p>\u00a0<\/p>\n<p align=\"justify\">Publique-se.<\/p>\n<p>\u00a0<\/p>\n<p class=\"Texto_Centralizado\">Vit\u00f3ria-ES,\u00a015 de\u00a0dezembro de\u00a02023.<\/p>\n<p>\u00a0<\/p>\n<p class=\"Texto_Centralizado\" style=\"text-align: center;\"><strong>Des. WILLIAN SILVA<\/strong><\/p>\n<p class=\"Texto_Centralizado\" style=\"text-align: center;\"><strong>Corregedor-Geral da Justi\u00e7a<\/strong><\/p>\n","protected":false},"excerpt":{"rendered":"<p>ESTADO DO ESP\u00cdRITO SANTO PODER JUDICI\u00c1RIO CORREGEDORIA GERAL DA JUSTI\u00c7A \u00a0 ATO N\u00ba \u00a019\/2023 \u00a0 O Desembargador\u00a0WILLIAN SILVA, Corregedor-Geral da Justi\u00e7a do Estado do Esp\u00edrito Santo, no uso de suas atribui\u00e7\u00f5es legais e de acordo com a r. Decis\u00e3o exarada nos autos do Processo 7000028-79.2023.8.08.0053, \u00a0 RESOLVE: \u00a0 AFASTAR\u00a0CAUTERLARMENTE a\u00a0delegat\u00e1ria\u00a0NORLEY ROSA GOMES\u00a0das suas fun\u00e7\u00f5es no [&hellip;]<\/p>\n","protected":false},"author":8,"featured_media":0,"comment_status":"closed","ping_status":"closed","sticky":false,"template":"","format":"standard","meta":{"footnotes":""},"categories":[18,14],"tags":[],"_links":{"self":[{"href":"https:\/\/www.tjes.jus.br\/corregedoria\/wp-json\/wp\/v2\/posts\/39006"}],"collection":[{"href":"https:\/\/www.tjes.jus.br\/corregedoria\/wp-json\/wp\/v2\/posts"}],"about":[{"href":"https:\/\/www.tjes.jus.br\/corregedoria\/wp-json\/wp\/v2\/types\/post"}],"author":[{"embeddable":true,"href":"https:\/\/www.tjes.jus.br\/corregedoria\/wp-json\/wp\/v2\/users\/8"}],"replies":[{"embeddable":true,"href":"https:\/\/www.tjes.jus.br\/corregedoria\/wp-json\/wp\/v2\/comments?post=39006"}],"version-history":[{"count":1,"href":"https:\/\/www.tjes.jus.br\/corregedoria\/wp-json\/wp\/v2\/posts\/39006\/revisions"}],"predecessor-version":[{"id":39008,"href":"https:\/\/www.tjes.jus.br\/corregedoria\/wp-json\/wp\/v2\/posts\/39006\/revisions\/39008"}],"wp:attachment":[{"href":"https:\/\/www.tjes.jus.br\/corregedoria\/wp-json\/wp\/v2\/media?parent=39006"}],"wp:term":[{"taxonomy":"category","embeddable":true,"href":"https:\/\/www.tjes.jus.br\/corregedoria\/wp-json\/wp\/v2\/categories?post=39006"},{"taxonomy":"post_tag","embeddable":true,"href":"https:\/\/www.tjes.jus.br\/corregedoria\/wp-json\/wp\/v2\/tags?post=39006"}],"curies":[{"name":"wp","href":"https:\/\/api.w.org\/{rel}","templated":true}]}}