{"id":3901,"date":"2016-07-06T14:17:37","date_gmt":"2016-07-06T17:17:37","guid":{"rendered":"https:\/\/www.tjes.jus.br\/corregedoria\/?p=3901"},"modified":"2018-03-28T12:29:28","modified_gmt":"2018-03-28T15:29:28","slug":"resolucao-no-0202013-disp-08052013-alterada","status":"publish","type":"post","link":"https:\/\/www.tjes.jus.br\/corregedoria\/2016\/07\/06\/resolucao-no-0202013-disp-08052013-alterada\/","title":{"rendered":"RESOLU\u00c7\u00c3O N\u00ba 020\/2013 &#8211; DISP. 08\/05\/2013 &#8211; ALTERADA"},"content":{"rendered":"<p align=\"center\"><b>ESTADO DO ESP\u00cdRITO SANTO<\/b><\/p>\n<p align=\"center\"><b>PODER JUDICI\u00c1RIO<\/b><\/p>\n<p align=\"center\"><b>TRIBUNAL DE JUSTI\u00c7A<\/b><\/p>\n<p align=\"center\"><b>RESOLU\u00c7\u00c3O N\u00ba 020\/2013<\/b><\/p>\n<p style=\"text-align: justify;\" align=\"justify\"><b>O Exm\u00ba Sr. Desembargador PEDRO VALLS FEU ROSA, Presidente do Egr\u00e9gio Tribunal de Justi\u00e7a do Estado do Esp\u00edrito Santo, no uso de suas atribui\u00e7\u00f5es legais e tendo em vista DECIS\u00c3O do Egr\u00e9gio Tribunal Pleno em sess\u00e3o realizada em 18\/04\/2013,<\/b><\/p>\n<p style=\"text-align: justify;\" align=\"justify\"><b>RESOLVE:<\/b><\/p>\n<p style=\"text-align: justify;\" align=\"justify\"><b>ALTERAR<\/b> a<b> Comiss\u00e3o Examinadora do Concurso P\u00fablico <\/b>para<b> remo\u00e7\u00e3o e ingresso de delegat\u00e1rios, <\/b>institu\u00edda atrav\u00e9s da <a href=\"https:\/\/www.tjes.jus.br\/corregedoria\/2017\/02\/16\/resolucao-no-392011-publ-em-19072011-alterada\/\" target=\"_blank\" rel=\"noopener\">Resolu\u00e7\u00e3o n\u00ba 039\/2011<\/a>, publicada no &#8220;DJ&#8221; de 19\/07\/11<b>,<\/b> ficando composta pelos seguintes integrantes:<\/p>\n<p style=\"text-align: justify;\" align=\"justify\">Desembargador <strong>JOS\u00c9 PAULO CALMON NOGUEIRA DA GAMA<\/strong> &#8211; Presidente<br \/>\nJu\u00edzes de Direito &#8211; <strong>Dr\u00aa MARIA CRISTINA DE SOUZA FERREIRA e Drs.\u00a0ALDARY NUNES JUNIOR e EZEQUIEL TUR\u00cdBIO<\/strong><br \/>\nRepresentante do Minist\u00e9rio P\u00fablico &#8211; <strong>Dr\u00aa IVANILCE DA CRUZ ROM\u00c3O<\/strong><br \/>\nRepresentante da OAB-ES &#8211; <strong>Dr. FRANCISCO CARLOS PIO DE OLIVEIRA<\/strong><br \/>\nRepresentante da ANOREG-ES &#8211; <strong>HELV\u00c9CIO DUIA CASTELLO<\/strong><br \/>\nRepresentante do SINOREG &#8211; ES &#8211; <strong>GERUSA CORTELETTI RONCONI<\/strong><\/p>\n<p style=\"text-align: justify;\" align=\"justify\"><b>PUBLIQUE-SE<\/b><\/p>\n<p style=\"text-align: justify;\" align=\"justify\"><b>Vit\u00f3ria, 06 de maio de 2013.<\/b><\/p>\n<p style=\"text-align: center;\" align=\"center\"><b>Desembargador PEDRO VALLS FEU ROSA<br \/>\n<\/b><b>Presidente<\/b><\/p>\n<h2 style=\"text-align: center;\"><span style=\"color: #ff0000;\">VIDE ALTERA\u00c7\u00c3O DA COMISS\u00c3O\u00a0<\/span><span style=\"color: #ff0000;\">PELA <a href=\"https:\/\/www.tjes.jus.br\/corregedoria\/index.php\/2016\/07\/05\/resolucao-no-0352013-disp-07082013-retificada\/\" target=\"_blank\" rel=\"noopener\">RESOLU\u00c7\u00c3O N\u00ba 035\/2013<\/a> &#8211; DISP. 07\/08\/2013<\/span><\/h2>\n","protected":false},"excerpt":{"rendered":"<p>ESTADO DO ESP\u00cdRITO SANTO PODER JUDICI\u00c1RIO TRIBUNAL DE JUSTI\u00c7A RESOLU\u00c7\u00c3O N\u00ba 020\/2013 O Exm\u00ba Sr. Desembargador PEDRO VALLS FEU ROSA, Presidente do Egr\u00e9gio Tribunal de Justi\u00e7a do Estado do Esp\u00edrito Santo, no uso de suas atribui\u00e7\u00f5es legais e tendo em vista DECIS\u00c3O do Egr\u00e9gio Tribunal Pleno em sess\u00e3o realizada em 18\/04\/2013, RESOLVE: ALTERAR a Comiss\u00e3o [&hellip;]<\/p>\n","protected":false},"author":1,"featured_media":0,"comment_status":"open","ping_status":"open","sticky":false,"template":"","format":"standard","meta":{"footnotes":""},"categories":[13],"tags":[],"_links":{"self":[{"href":"https:\/\/www.tjes.jus.br\/corregedoria\/wp-json\/wp\/v2\/posts\/3901"}],"collection":[{"href":"https:\/\/www.tjes.jus.br\/corregedoria\/wp-json\/wp\/v2\/posts"}],"about":[{"href":"https:\/\/www.tjes.jus.br\/corregedoria\/wp-json\/wp\/v2\/types\/post"}],"author":[{"embeddable":true,"href":"https:\/\/www.tjes.jus.br\/corregedoria\/wp-json\/wp\/v2\/users\/1"}],"replies":[{"embeddable":true,"href":"https:\/\/www.tjes.jus.br\/corregedoria\/wp-json\/wp\/v2\/comments?post=3901"}],"version-history":[{"count":5,"href":"https:\/\/www.tjes.jus.br\/corregedoria\/wp-json\/wp\/v2\/posts\/3901\/revisions"}],"predecessor-version":[{"id":23705,"href":"https:\/\/www.tjes.jus.br\/corregedoria\/wp-json\/wp\/v2\/posts\/3901\/revisions\/23705"}],"wp:attachment":[{"href":"https:\/\/www.tjes.jus.br\/corregedoria\/wp-json\/wp\/v2\/media?parent=3901"}],"wp:term":[{"taxonomy":"category","embeddable":true,"href":"https:\/\/www.tjes.jus.br\/corregedoria\/wp-json\/wp\/v2\/categories?post=3901"},{"taxonomy":"post_tag","embeddable":true,"href":"https:\/\/www.tjes.jus.br\/corregedoria\/wp-json\/wp\/v2\/tags?post=3901"}],"curies":[{"name":"wp","href":"https:\/\/api.w.org\/{rel}","templated":true}]}}