{"id":39294,"date":"2024-03-05T14:24:48","date_gmt":"2024-03-05T17:24:48","guid":{"rendered":"https:\/\/www.tjes.jus.br\/corregedoria\/?p=39294"},"modified":"2024-03-05T14:24:49","modified_gmt":"2024-03-05T17:24:49","slug":"portaria-no-04-2024-disp-06-02-2024","status":"publish","type":"post","link":"https:\/\/www.tjes.jus.br\/corregedoria\/2024\/03\/05\/portaria-no-04-2024-disp-06-02-2024\/","title":{"rendered":"PORTARIA N\u00ba 04\/2024 \u2013 DISP. 06\/02\/2024"},"content":{"rendered":"\n<p style=\"text-align: center;\"><strong>PODER JUDICI\u00c1RIO DO ESTADO DO ESP\u00cdRITO SANTO &#8211; PJES<\/strong><\/p>\n<p style=\"text-align: center;\">RUA DESEMBARGADOR HOMERO MAFRA,60 &#8211; Bairro ENSEADA DO SU\u00c1 &#8211; CEP 29050906 &#8211; Vit\u00f3ria &#8211; ES &#8211; www.tjes.jus.br<\/p>\n<p>\u00a0<\/p>\n<p>\u00a0<\/p>\n<p style=\"text-align: center;\"><strong>PORTARIA N\u00ba 4, DE 01 DE FEVEREIRO DE 2024.<\/strong><\/p>\n<p>\u00a0<\/p>\n<p>\u00a0<\/p>\n<p>Constitui as Comiss\u00f5es Disciplinares Permanentes (CDP) para o bi\u00eanio 2024\/2025.<\/p>\n<p><br \/>\u00a0<\/p>\n<p>O Desembargador Willian Silva, Corregedor Geral de Justi\u00e7a, no uso de suas atribui\u00e7\u00f5es legais e<\/p>\n<p>\u00a0<\/p>\n<p><strong>CONSIDERANDO<\/strong>\u00a0a Resolu\u00e7\u00e3o n\u00ba 350\/2020 do Conselho Nacional de Justi\u00e7a que estabelece diretrizes e procedimentos sobre a coopera\u00e7\u00e3o judici\u00e1ria nacional entre os \u00f3rg\u00e3os do Poder Judici\u00e1rio para a realiza\u00e7\u00e3o das atividades administrativas e o exerc\u00edcio das fun\u00e7\u00f5es jurisdicionais;<\/p>\n<p>\u00a0<\/p>\n<p><strong>CONSIDERANDO<\/strong>\u00a0que a Resolu\u00e7\u00e3o n\u00ba 350\/2020 do Conselho Nacional de Justi\u00e7a prev\u00ea que a coopera\u00e7\u00e3o pode ser utilizada como instrumento de gest\u00e3o processual, permitindo a coordena\u00e7\u00e3o de fun\u00e7\u00f5es e o compartilhamento de compet\u00eancias;<\/p>\n<p>\u00a0<\/p>\n<p><strong>CONSIDERANDO<\/strong>\u00a0que o Provimento Conjunto n\u00ba 1\/2021, estabelece que \u201co prazo de 2 (dois) anos de atua\u00e7\u00e3o dos membros das Comiss\u00f5es Disciplinares Permanentes \u2013 CDP coincidir\u00e1 com o bi\u00eanio de cada Corregedor Geral da Justi\u00e7a, devendo a lista ser publicada at\u00e9 o 5\u00ba (quinto) dia \u00fatil de fevereiro do primeiro ano do bi\u00eanio administrativo\u201d;<\/p>\n<p>\u00a0<\/p>\n<p><strong>CONSIDERANDO<\/strong>\u00a0a necessidade de assegurar maior celeridade e efic\u00e1cia, com controle mais r\u00edgido dos prazos, nas sindic\u00e2ncias e nos procedimentos administrativos disciplinares instaurados contra servidores p\u00fablicos e Delegat\u00e1rios no \u00e2mbito do Poder Judici\u00e1rio;<\/p>\n<p>\u00a0<\/p>\n<p><strong>CONSIDERANDO<\/strong>\u00a0o disposto no art. 247 da Lei Complementar Estadual n\u00ba 46\/1994 que prev\u00ea que \u201ca autoridade que tiver ci\u00eancia de irregularidade no servi\u00e7o p\u00fablico \u00e9 obrigada a promover a sua apura\u00e7\u00e3o imediata, mediante sindic\u00e2ncia ou processo administrativo-disciplinar, assegurada ao denunciado ampla defesa\u201d;<\/p>\n<p>\u00a0<\/p>\n<p><strong>CONSIDERANDO<\/strong>\u00a0que nos termos do Art. 3\u00ba do Provimento Conjunto n\u00ba 001\/2021,\u00a0compete ao Corregedor Geral da Justi\u00e7a elaborar e fazer publicar a portaria contendo a composi\u00e7\u00e3o das Comiss\u00f5es Disciplinares Permanentes, indicando o seu presidente e a lista com os nomes dos servidores designados como suplentes, podendo dispensar, a qualquer tempo e motivadamente, os membros ou suplentes das respectivas comiss\u00f5es;<\/p>\n<p>\u00a0<\/p>\n<p>\u00a0<\/p>\n<p><strong>RESOLVE:<\/strong><\/p>\n<p>\u00a0<\/p>\n<p>\u00a0<\/p>\n<p><strong>Art. 1\u00ba<\/strong>\u00a0Designar os servidores que ir\u00e3o compor as Comiss\u00f5es Disciplinares Permanentes (CDP), bem como seus suplentes, para o Bi\u00eanio 2024\/2025 e que atuar\u00e3o nas Comarcas que comp\u00f5em a\u00a0<strong>2<\/strong><strong>\u00aa Regi\u00e3o<\/strong>\u00a0: Guarapari (sede), Marata\u00edzes, Itapemirim, Rio Novo do Sul, Anchieta, Pi\u00fama, Iconha e Alfredo Chaves, conforme nomes informados nos autos do Processo SEI n\u00ba 7000624-91.2024.8.08.0000:<\/p>\n<p>\u00a0<\/p>\n<p><strong>Comiss\u00e3o Disciplinar Permanente n\u00ba 01<\/strong><\/p>\n<p>Flavia Boldi Pinto, matr\u00edcula 207728-51, Analista Judici\u00e1rio 02;<\/p>\n<p>Luana Paula Fiorini Rodrigues Santos, matr\u00edcula 207724-47, Oficiala de Justi\u00e7a e<\/p>\n<p>Luiz Renato Silvan Nogueira, matr\u00edcula 205808-71, Analista Judici\u00e1rio 02.<\/p>\n<p>\u00a0\u00a0<\/p>\n<p><strong>Comiss\u00e3o Disciplinar Permanente n\u00ba 02<\/strong><\/p>\n<p>Fabiano Carib\u00e9 Pinheiro, matr\u00edcula 207791-17, Oficial de Justi\u00e7a;<\/p>\n<p>Estev\u00e3o Jackson Ambrosio, matr\u00edcula 205784-47, Analista Judici\u00e1rio 02 e<\/p>\n<p>Paula Maria Coelho de S\u00e1 Viana, matr\u00edcula 207985-17, Analista Judici\u00e1rio 02.<\/p>\n<p>\u00a0<\/p>\n<p><strong>Comiss\u00e3o Disciplinar Permanente n\u00ba 03<\/strong><\/p>\n<p>Solimar Rog\u00e9rio de Oliveira, matr\u00edcula 26890-21, Analista Judici\u00e1rio Especial &#8211; Escriv\u00e3o;<\/p>\n<p>Jane Ara\u00fajo Rodrigues Ferraz de Campos, matr\u00edcula 205819-82, Analista Judici\u00e1rio 02 e<\/p>\n<p>Marcelo Souza Ramos, matr\u00edcula 205566-23, Analista Judici\u00e1rio 02.<\/p>\n<p>\u00a0\u00a0<\/p>\n<p><strong>Suplentes<\/strong><\/p>\n<p>Jaqueline Trancoso de Carvalho, matr\u00edcula 200254-46, Analista Judici\u00e1rio 02;<\/p>\n<p>Claudio Cesar Soares da Silva, matr\u00edcula 205735-95, Analista Judici\u00e1rio 02;<\/p>\n<p>Marcelo Vieira Caetano, matr\u00edcula 206021-90 \u2013 01, Oficial de Justi\u00e7a e<\/p>\n<p>Ildan Frederico de Oliveira, matr\u00edcula 205858-24, Analista Judici\u00e1rio.<\/p>\n<p>\u00a0<\/p>\n<p>\u00a0<\/p>\n<p><strong>Art. 2\u00ba\u00a0<\/strong>As comiss\u00f5es funcionar\u00e3o sempre sob a presid\u00eancia do primeiro nomeado em cada uma das Comiss\u00f5es Disciplinares Permanentes (CDP) ou por outro membro desta, respeitadas as determina\u00e7\u00f5es trazidas no \u00a7 1\u00ba do Art. 90 do C\u00f3digo de Normas desta Corregedoria.<\/p>\n<p>\u00a0<\/p>\n<p>\u00a0<\/p>\n<p><strong>Art. 3\u00ba\u00a0<\/strong>Em caso de eventual impedimento ou afastamento de qualquer membro das Comiss\u00f5es Disciplinares Permanentes (CDP), este ser\u00e1 imediatamente substitu\u00eddo por um Suplente, cabendo ao magistrado de primeiro grau proceder ao sorteio e a altera\u00e7\u00e3o em consulta com a lista de suplentes existentes.<\/p>\n<p>\u00a0<\/p>\n<p><strong>Par\u00e1grafo \u00fanico<\/strong>: A altera\u00e7\u00e3o prevista do caput ser\u00e1 feita por meio de portaria que dever\u00e1 ser encaminhada \u00e0 Corregedoria Geral de Justi\u00e7a para ci\u00eancia.<\/p>\n<p>\u00a0<\/p>\n<p>\u00a0<\/p>\n<p><strong>Art. 4\u00ba\u00a0<\/strong>Esta portaria entrar\u00e1 em vigor na data de sua publica\u00e7\u00e3o.<\/p>\n<p>\u00a0<\/p>\n<p><br \/>\u00a0<\/p>\n<p><strong>Publique-se. Cumpra-se.<\/strong><\/p>\n<p>\u00a0<\/p>\n<p>\u00a0<\/p>\n<p>\u00a0<\/p>\n<p style=\"text-align: center;\"><strong>Desembargador\u00a0WILLIAN SILVA<\/strong><br \/><strong>Corregedor Geral da Justi\u00e7a<\/strong><\/p>\n","protected":false},"excerpt":{"rendered":"<p>PODER JUDICI\u00c1RIO DO ESTADO DO ESP\u00cdRITO SANTO &#8211; PJES RUA DESEMBARGADOR HOMERO MAFRA,60 &#8211; Bairro ENSEADA DO SU\u00c1 &#8211; CEP 29050906 &#8211; Vit\u00f3ria &#8211; ES &#8211; www.tjes.jus.br \u00a0 \u00a0 PORTARIA N\u00ba 4, DE 01 DE FEVEREIRO DE 2024. \u00a0 \u00a0 Constitui as Comiss\u00f5es Disciplinares Permanentes (CDP) para o bi\u00eanio 2024\/2025. \u00a0 O Desembargador Willian Silva, [&hellip;]<\/p>\n","protected":false},"author":8,"featured_media":0,"comment_status":"closed","ping_status":"closed","sticky":false,"template":"","format":"standard","meta":{"footnotes":""},"categories":[14,6],"tags":[],"_links":{"self":[{"href":"https:\/\/www.tjes.jus.br\/corregedoria\/wp-json\/wp\/v2\/posts\/39294"}],"collection":[{"href":"https:\/\/www.tjes.jus.br\/corregedoria\/wp-json\/wp\/v2\/posts"}],"about":[{"href":"https:\/\/www.tjes.jus.br\/corregedoria\/wp-json\/wp\/v2\/types\/post"}],"author":[{"embeddable":true,"href":"https:\/\/www.tjes.jus.br\/corregedoria\/wp-json\/wp\/v2\/users\/8"}],"replies":[{"embeddable":true,"href":"https:\/\/www.tjes.jus.br\/corregedoria\/wp-json\/wp\/v2\/comments?post=39294"}],"version-history":[{"count":1,"href":"https:\/\/www.tjes.jus.br\/corregedoria\/wp-json\/wp\/v2\/posts\/39294\/revisions"}],"predecessor-version":[{"id":39295,"href":"https:\/\/www.tjes.jus.br\/corregedoria\/wp-json\/wp\/v2\/posts\/39294\/revisions\/39295"}],"wp:attachment":[{"href":"https:\/\/www.tjes.jus.br\/corregedoria\/wp-json\/wp\/v2\/media?parent=39294"}],"wp:term":[{"taxonomy":"category","embeddable":true,"href":"https:\/\/www.tjes.jus.br\/corregedoria\/wp-json\/wp\/v2\/categories?post=39294"},{"taxonomy":"post_tag","embeddable":true,"href":"https:\/\/www.tjes.jus.br\/corregedoria\/wp-json\/wp\/v2\/tags?post=39294"}],"curies":[{"name":"wp","href":"https:\/\/api.w.org\/{rel}","templated":true}]}}