{"id":3933,"date":"2016-07-06T14:35:21","date_gmt":"2016-07-06T17:35:21","guid":{"rendered":"https:\/\/www.tjes.jus.br\/corregedoria\/?p=3933"},"modified":"2017-02-23T09:31:27","modified_gmt":"2017-02-23T12:31:27","slug":"resolucao-no-0092013-disp-23042013","status":"publish","type":"post","link":"https:\/\/www.tjes.jus.br\/corregedoria\/2016\/07\/06\/resolucao-no-0092013-disp-23042013\/","title":{"rendered":"RESOLU\u00c7\u00c3O N\u00ba 009\/2013 (CONSELHO) &#8211; DISP. 23\/04\/2013"},"content":{"rendered":"<p style=\"text-align: center;\"><strong>PODER JUDICI\u00c1RIO DO ESTADO DO ESP\u00cdRTO SANTO<\/strong><\/p>\n<p style=\"text-align: center;\"><strong>TRIBUNAL DE JUSTI\u00c7A<\/strong><\/p>\n<p style=\"text-align: center;\"><strong>RESOLU\u00c7\u00c3O N\u00ba 009\/2013<\/strong><\/p>\n<p style=\"text-align: justify;\">O Exmo. Sr. Desembargador Pedro Valls Feu, Presidente do Egr\u00e9gio Tribunal de Justi\u00e7a do Estado do Esp\u00edrito Santo, no uso de suas atribui\u00e7\u00f5es legais, tendo em vista decis\u00e3o un\u00e2nime do Conselho Superior da Magistratura em sess\u00e3o realizada nesta data,<\/p>\n<p style=\"text-align: justify;\"><strong>RESOLVE:<\/strong><\/p>\n<p style=\"text-align: justify;\"><strong>HOMOLOGAR<\/strong> a remo\u00e7\u00e3o de servidores, referente ao Edital n\u00ba 13\/2013, cargo de Analista Judici\u00e1rio 01 &#8211; AE &#8211; Tecnico de Inform\u00e1tica, realizada no dia 27\/03\/2013.<\/p>\n<p style=\"text-align: justify;\"><strong>PUBLIQUE-SE.<\/strong><\/p>\n<p style=\"text-align: center;\">Vit\u00f3ria, 22 de abril de 2013<\/p>\n<p style=\"text-align: center;\"><strong>Desembargador Pedro Valls Feu Rosa<br \/>\n<\/strong><strong>Presidente<\/strong><\/p>\n","protected":false},"excerpt":{"rendered":"<p>PODER JUDICI\u00c1RIO DO ESTADO DO ESP\u00cdRTO SANTO TRIBUNAL DE JUSTI\u00c7A RESOLU\u00c7\u00c3O N\u00ba 009\/2013 O Exmo. Sr. Desembargador Pedro Valls Feu, Presidente do Egr\u00e9gio Tribunal de Justi\u00e7a do Estado do Esp\u00edrito Santo, no uso de suas atribui\u00e7\u00f5es legais, tendo em vista decis\u00e3o un\u00e2nime do Conselho Superior da Magistratura em sess\u00e3o realizada nesta data, RESOLVE: HOMOLOGAR a [&hellip;]<\/p>\n","protected":false},"author":1,"featured_media":0,"comment_status":"open","ping_status":"open","sticky":false,"template":"","format":"standard","meta":{"footnotes":""},"categories":[14,13],"tags":[],"_links":{"self":[{"href":"https:\/\/www.tjes.jus.br\/corregedoria\/wp-json\/wp\/v2\/posts\/3933"}],"collection":[{"href":"https:\/\/www.tjes.jus.br\/corregedoria\/wp-json\/wp\/v2\/posts"}],"about":[{"href":"https:\/\/www.tjes.jus.br\/corregedoria\/wp-json\/wp\/v2\/types\/post"}],"author":[{"embeddable":true,"href":"https:\/\/www.tjes.jus.br\/corregedoria\/wp-json\/wp\/v2\/users\/1"}],"replies":[{"embeddable":true,"href":"https:\/\/www.tjes.jus.br\/corregedoria\/wp-json\/wp\/v2\/comments?post=3933"}],"version-history":[{"count":3,"href":"https:\/\/www.tjes.jus.br\/corregedoria\/wp-json\/wp\/v2\/posts\/3933\/revisions"}],"predecessor-version":[{"id":12048,"href":"https:\/\/www.tjes.jus.br\/corregedoria\/wp-json\/wp\/v2\/posts\/3933\/revisions\/12048"}],"wp:attachment":[{"href":"https:\/\/www.tjes.jus.br\/corregedoria\/wp-json\/wp\/v2\/media?parent=3933"}],"wp:term":[{"taxonomy":"category","embeddable":true,"href":"https:\/\/www.tjes.jus.br\/corregedoria\/wp-json\/wp\/v2\/categories?post=3933"},{"taxonomy":"post_tag","embeddable":true,"href":"https:\/\/www.tjes.jus.br\/corregedoria\/wp-json\/wp\/v2\/tags?post=3933"}],"curies":[{"name":"wp","href":"https:\/\/api.w.org\/{rel}","templated":true}]}}